{"id":54090,"date":"2021-03-24T11:05:25","date_gmt":"2021-03-24T10:05:25","guid":{"rendered":"https:\/\/alzira.es\/universidades-estacionales-2\/"},"modified":"2021-03-24T11:05:25","modified_gmt":"2021-03-24T10:05:25","slug":"universidades-estacionales-2","status":"publish","type":"post","link":"https:\/\/alzira.es\/es\/universidades-estacionales-2\/","title":{"rendered":"La Universitat de Val\u00e8ncia inicia el seu programa d&#8217;Universitats Estacionals 2021, amb 20 edicions en tot el territori"},"content":{"rendered":"<p style=\"text-align: justify;\"><strong>La Universitat de Val\u00e8ncia inicia el seu programa d&#8217;Universitats Estacionals 2021 amb 20 edicions que garanteixen la seua pres\u00e8ncia en totes les comarques del territori. Despr\u00e9s d&#8217;un any en qu\u00e8 les restriccions de mobilitat van concentrar la majoria de les sessions en un trimestre, la iniciativa recupera el seu vincle amb les estacions de l&#8217;any i mant\u00e9 la seua distribuci\u00f3 tem\u00e0tica i el seu car\u00e0cter semipresencial.<\/strong><\/p>\n<p style=\"text-align: justify;\"><strong>La Universitat de Val\u00e8ncia (UV)<\/strong> \u2013a trav\u00e9s del Vicerectorat de Projecci\u00f3 Territorial i Societat- inicia la seua extensa i interessant <strong>programaci\u00f3 d&#8217;Universitats Estacionals 2021<\/strong>, amb la celebraci\u00f3 de 20 edicions en altres tantes localitats, que garanteixen la pres\u00e8ncia en totes les comarques de la prov\u00edncia, tant de l&#8217;interior com del litoral. Les Universitats Estacionals recuperen el seu vincle amb l&#8217;estaci\u00f3 de l&#8217;any que els d\u00f3na nom, al cap d&#8217;un any marcat per les restriccions de mobilitat degudes a la pand\u00e8mia, que van obligar a concentrar la celebraci\u00f3 de la majoria d&#8217;elles en l&#8217;\u00faltim trimestre, amb la finalitat de fer possible el repte de celebrar 20 edicions, per primera vegada, en 2020.<\/p>\n<p style=\"text-align: justify;\"><strong>En 2021<\/strong>, aquestes jornades, gratu\u00eftes i obertes a ciutadans de totes les edats, mantenen, a m\u00e9s, la distribuci\u00f3 per \u00e0rees tem\u00e0tiques, que reflecteixen la transversalitat de coneixement de la UV en el territori i la pluralitat de temes estudiats per multitud dels seus especialistes en els diversos campus. I tamb\u00e9 el car\u00e0cter semipresencial, que es va impulsar l&#8217;any passat mitjan\u00e7ant la incorporaci\u00f3 de l&#8217;enlla\u00e7 en l\u00ednia, que permet el seguiment de les sessions per streaming i va contribuir a aconseguir un \u00e8xit de participaci\u00f3 sense precedents, en facilitar l&#8217;assist\u00e8ncia a totes les persones interessades independentment de la seua ubicaci\u00f3, superant en totes les sessions el centenar d&#8217;assistents i duplicant aquesta xifra en alguns casos. Com en 2020,<strong> la UV facilitar\u00e0 les inscripcions a trav\u00e9s de la <span style=\"text-decoration: underline;\"><span style=\"color: #3366ff;\"><a href=\"https:\/\/www.uv.es\/uvweb\/vicerectorat-participacio-projeccio-territorial\/ca\/vicerectorat-participacio-projeccio-territorial-1285875118019.html\" target=\"_blank\" rel=\"noopener\"><span style=\"color: #3366ff; text-decoration: underline;\">web<\/span><\/a><\/span><\/span><\/strong>&nbsp;<strong>i proporcionar\u00e0 el corresponent certificat d&#8217;assist\u00e8ncia en tots dos casos<\/strong>.<\/p>\n<p style=\"text-align: justify;\">La UV fidel al seu comprom\u00eds amb el territori i la societat local valenciana, ha impulsat aquesta acci\u00f3 acad\u00e8mica, que organitza amb els ajuntaments de cada localitat i en col\u00b7laboraci\u00f3 amb la Diputaci\u00f3 de Val\u00e8ncia i Caixa Popular, i, en el cas de la UTO d&#8217;Ontinyent, amb Caixa d\u00b4Ontinyent i la Fundaci\u00f3 Universit\u00e0ria Vall d\u00b4Albaida. L&#8217;objectiu de les Universitats Estacionals \u00e9s promoure el debat entorn d&#8217;un tema monogr\u00e0fic vinculat a la singularitat de cada \u00e0mbit geogr\u00e0fic, tenint en compte la seua particular idiosincr\u00e0sia, hist\u00f2ria i cultura, sota la coordinaci\u00f3 d&#8217;un especialista en la mat\u00e8ria i, d&#8217;aquesta manera, afermar la simbiosi entre universitat, territori i societat.<\/p>\n<p style=\"text-align: justify;\"><em>La rectora<\/em> de la UV, <strong>Mar\u00eda Vicenta Mestre<\/strong>, ha destacat que les Universitats Estacionals constitueixen <em>\u00abla millor mostra de l&#8217;aposta de la UV per acostar-se al territori i treballar conjuntament en la difusi\u00f3 de la doc\u00e8ncia i de la formaci\u00f3, plantejar els temes d&#8217;actualitat que a la societat li interessen i arribar al major nombre de persones\u00bb<\/em>.<\/p>\n<p style=\"text-align: justify;\"><strong>20 Universitats Estacionals, 4 estacions i 3 \u00e0rees tem\u00e0tiques<\/strong><\/p>\n<p style=\"text-align: justify;\"><span style=\"text-decoration: underline;\">La programaci\u00f3 d&#8217;Universitats Estacionals comen\u00e7ar\u00e0 amb les dues Universitats d&#8217;Hivern<\/span>: Cofrentes i Requena. <strong>La jornada de Cofrentes se celebrar\u00e0<\/strong> aquest <strong>dijous<\/strong>, <strong>25 de mar\u00e7<\/strong>, sota el t\u00edtol <em>&#8216;Longevitat i benestar en el medi rural. Qualitat de vida i futur&#8217;<\/em>; <strong>i la de Requena<\/strong>, el <strong>dilluns 29 de mar\u00e7<\/strong>, per a debatre sobre <em>&#8216;La qu\u00edmica en la vinificaci\u00f3. Llums i ombres del vi&#8217;<\/em>.<\/p>\n<p style=\"text-align: justify;\"><span style=\"text-decoration: underline;\">Les Universitats Estacionals de Primavera iniciaran les seues sessions amb<\/span> la <strong>Universitat Estacional d&#8217;Alzira<\/strong>, que analitzar\u00e0, <strong>el 23 d&#8217;abril<\/strong>, <em>&#8216;La biodiversitat valenciana davant el repte del canvi global&#8217;<\/em>. <strong>La Universitat Estacional de Cullera<\/strong> tindr\u00e0 com a tema de debat,<strong> el 29 d&#8217;abril<\/strong>, <em>&#8216;Una mirada al patrimoni i al turisme sota la mar&#8217;<\/em>;<strong> la Universitat Estacional de X\u00e0tiva<\/strong>, el <strong>13 de maig<\/strong>, <em>&#8216;La governan\u00e7a i gesti\u00f3 del turisme cultural&#8217;<\/em>; <strong>la Universitat Estacional de Sagunt<\/strong>, el <strong>20 de maig<\/strong>, <em>&#8216;Conseq\u00fc\u00e8ncies de la pand\u00e8mia Covid-19 en dones i xiquetes&#8217;<\/em>; <strong>la Universitat Estacional de la Canal de Navarr\u00e9s<\/strong>, el <strong>28 de maig<\/strong>, <em>&#8216;Desenvolupament rural enfront del despoblament en municipis d&#8217;interior&#8217;<\/em>; <strong>la Universitat Estacional d&#8217;Alt T\u00faria<\/strong>, <strong>l&#8217;11 de juny<\/strong>, <em>&#8216;Del recurs territorial al producte tur\u00edstic en una reserva de la biosfera&#8217;<\/em>; <strong>i la Universitat Estacional del Rinc\u00f3n de Ademuz<\/strong>, el <strong>21 de juny<\/strong>, <em>&#8216;Paisatges rurals: productes tur\u00edstics sostenibles&#8217;<\/em>.<\/p>\n<p style=\"text-align: justify;\"><span style=\"text-decoration: underline;\">Les Universitats Estacionals d&#8217;Estiu comen\u00e7aran<\/span> el <strong>7 de juliol<\/strong> amb l&#8217;edici\u00f3 de<strong> la Universitat Estacional d&#8217;Aras de los Olmos<\/strong>, que tindr\u00e0 com a tema principal <em>&#8216;Bot\u00e0nica i desenvolupament rural&#8217;<\/em>. <strong>La Universitat Estacional de Gandia<\/strong> debatr\u00e0, a partir del <strong>12 de juliol<\/strong>, sobre <em>&#8216;Canvis. Una mirada calidosc\u00f2pica&#8217;<\/em>; i<strong> la Universitat Estacional de Sagunt<\/strong>, el <strong>15 de setembre<\/strong>, sobre <em>&#8216;Sagunt: Patrimoni de la Humanitat. Entre el mite i el llegat cultural&#8217;<\/em>.<\/p>\n<p style=\"text-align: justify;\"><span style=\"text-decoration: underline;\">Les Universitats Estacionals de Tardor tancaran la programaci\u00f3 de 2021<\/span>. <strong>La Universitat Estacional d&#8217;Alaqu\u00e0s<\/strong> obrir\u00e0 el cicle el <strong>7 d&#8217;octubre<\/strong>, amb el tema <em>&#8216;L&#8217;Horta en la cru\u00eflla: algunes decisions hist\u00f2riques crucials&#8217;<\/em>. <strong>La Universitat Estacional de Bu\u00f1ol<\/strong>, el <strong>15 d&#8217;octubre<\/strong>, tindr\u00e0 com a t\u00edtol <em>&#8216;Bu\u00f1ol. El patrimoni cultural. La m\u00fasica com a motor de canvi social&#8217;<\/em>; <strong>la Universitat Estacional de l&#8217;Eliana<\/strong>, el <strong>21 d&#8217;octubre<\/strong>, <em>&#8216;Smart cities: tecnologia i ciutadania&#8217;<\/em>; <strong>la Universitat Estacional d&#8217;Oliva<\/strong>, el <strong>27 d&#8217;octubre<\/strong>,<em> &#8216;Educaci\u00f3: iguals i diversos&#8217;<\/em>; <strong>la Universitat Estacional de Ll\u00edria<\/strong>, el<strong> 29 d&#8217;octubre<\/strong>, <em>&#8216;La m\u00fasica com a eina educativa de transformaci\u00f3 social&#8217;<\/em>; <strong>la Universitat Estacional d&#8217;Ayora<\/strong>, el<strong> 4 de novembre<\/strong>,<em> &#8216;Reptes i amenaces de l&#8217;apicultura en el segle XXI&#8217;<\/em>; <strong>la Universitat Estacional d&#8217;Enguera<\/strong>, <strong>a partir de l&#8217;11 de novembre<\/strong>,<em> &#8216;Professions de futur i vida saludable en un m\u00f3n global i sostenible&#8217;<\/em>;<strong> i la Universitat Estacional d&#8217;Ontinyent<\/strong>,<strong> a partir del 23 de novembre<\/strong>, <em>&#8216;Temps de transformacions&#8217;.<\/em><\/p>\n<p style=\"text-align: justify;\"><span style=\"text-decoration: underline;\">Les Universitats Estacionals debatran aquest any 2021 sobre m\u00faltiples aspectes vinculats a cada territori entorn de tres \u00e0rees tem\u00e0tiques:<\/span> <strong>&#8216;Patrimoni Hist\u00f2ric i Cultural&#8217;<\/strong> (Cullera, X\u00e0tiva, Sagunt, Alaqu\u00e0s, Bu\u00f1ol i Ayora); <strong>&#8216;Educaci\u00f3 i Benestar Social&#8217;<\/strong> (Cofrentes, Sagunt, Ll\u00edria, Oliva, Enguera i Ontinyent); i <strong>&#8216;Biodiversitat, Desenvolupament i Innovaci\u00f3 Territorial&#8217;<\/strong> (Requena, Alzira, la Canal de Navarr\u00e9s, Alt T\u00faria, Rinc\u00f3n de Ademuz, Aras de los Olmos, Gandia i l&#8217;Eliana).<\/p>\n<p style=\"text-align: center;\"><img decoding=\"async\" class=\"size-full wp-image-54087 lazyload\" data-src=\"https:\/\/alzira.es\/wp-content\/uploads\/2021\/03\/UNIVERSIDADES_ESTACIONALES_2021.jpg\" alt=\"UNIVERSIDADES ESTACIONALES 2021\" src=\"data:image\/svg+xml;base64,PHN2ZyB3aWR0aD0iMSIgaGVpZ2h0PSIxIiB4bWxucz0iaHR0cDovL3d3dy53My5vcmcvMjAwMC9zdmciPjwvc3ZnPg==\" \/><\/p>\n","protected":false},"excerpt":{"rendered":"<p>La Universitat de Val\u00e8ncia inicia el seu programa d&#8217;Universitats Estacionals 2021 amb 20 edicions que garanteixen la seua pres\u00e8ncia en totes les comarques del territori. Despr\u00e9s d&#8217;un any en qu\u00e8 les restriccions de mobilitat van concentrar la majoria de les sessions en un trimestre, la iniciativa recupera el seu vincle amb les estacions de l&#8217;any &hellip; <\/p>\n<p class=\"link-more\"><a href=\"https:\/\/alzira.es\/es\/universidades-estacionales-2\/\" class=\"more-link\">Continuar leyendo<span class=\"screen-reader-text\"> \u00abLa Universitat de Val\u00e8ncia inicia el seu programa d&#8217;Universitats Estacionals 2021, amb 20 edicions en tot el territori\u00bb<\/span><\/a><\/p>\n","protected":false},"author":29,"featured_media":54087,"comment_status":"","ping_status":"","sticky":false,"template":"","format":"standard","meta":{"_acf_changed":false,"footnotes":""},"categories":[],"tags":[],"class_list":["post-54090","post","type-post","status-publish","format-standard","has-post-thumbnail","hentry"],"acf":[],"_links":{"self":[{"href":"https:\/\/alzira.es\/es\/wp-json\/wp\/v2\/posts\/54090","targetHints":{"allow":["GET"]}}],"collection":[{"href":"https:\/\/alzira.es\/es\/wp-json\/wp\/v2\/posts"}],"about":[{"href":"https:\/\/alzira.es\/es\/wp-json\/wp\/v2\/types\/post"}],"author":[{"embeddable":true,"href":"https:\/\/alzira.es\/es\/wp-json\/wp\/v2\/users\/29"}],"replies":[{"embeddable":true,"href":"https:\/\/alzira.es\/es\/wp-json\/wp\/v2\/comments?post=54090"}],"version-history":[{"count":0,"href":"https:\/\/alzira.es\/es\/wp-json\/wp\/v2\/posts\/54090\/revisions"}],"wp:featuredmedia":[{"embeddable":true,"href":"https:\/\/alzira.es\/es\/wp-json\/wp\/v2\/media\/54087"}],"wp:attachment":[{"href":"https:\/\/alzira.es\/es\/wp-json\/wp\/v2\/media?parent=54090"}],"wp:term":[{"taxonomy":"category","embeddable":true,"href":"https:\/\/alzira.es\/es\/wp-json\/wp\/v2\/categories?post=54090"},{"taxonomy":"post_tag","embeddable":true,"href":"https:\/\/alzira.es\/es\/wp-json\/wp\/v2\/tags?post=54090"}],"curies":[{"name":"wp","href":"https:\/\/api.w.org\/{rel}","templated":true}]}}