{"id":54076,"date":"2021-03-23T13:14:56","date_gmt":"2021-03-23T12:14:56","guid":{"rendered":"https:\/\/alzira.es\/tallers-de-pasqua\/"},"modified":"2021-03-23T13:14:56","modified_gmt":"2021-03-23T12:14:56","slug":"tallers-de-pasqua","status":"publish","type":"post","link":"https:\/\/alzira.es\/es\/tallers-de-pasqua\/","title":{"rendered":"Ma\u00f1ana se abre el plazo de inscripci\u00f3n en los talleres de Pascua municipales"},"content":{"rendered":"<p style=\"text-align: justify;\">El Ayuntamiento de Alzira, desde el Centro de Informaci\u00f3n Juvenil, informa que a partir de ma\u00f1ana <strong>martes 24 de marzo y fines el martes 30 de marzo<\/strong> se puede hacer la inscripci\u00f3n para participar en los <strong>Talleres de Pascua 2021<\/strong>.<\/p>\n<p>Se trata de una actividad adaptada a las normativas sanitarias actuales, con una ocupaci\u00f3n del 30% de aforo, plazas limitadas y grupos reducidos de un m\u00e1ximo de 10 ni\u00f1os y ni\u00f1as de entre 3 y 12 a\u00f1os y un monitor\/a por grupo, como m\u00e1ximo se podr\u00e1n inscribir 160 usuarios.<\/p>\n<p><strong>Se har\u00e1n los d\u00edas 6, 7, 8 y 9 de abril en la Casa de la Cultura y en el Centro de Participaci\u00f3n Ciudadana<\/strong>, con entrada es 9 de la ma\u00f1ana y la salida a las 14 horas. A diferencia otros a\u00f1os, este a\u00f1o no se podr\u00e1n realizar ni la escuela tempranera ni el servicio de comedor puesto que los participantes tienen que conformar un grupo estable de convivencia y no se pueden mezclar entre ellos, ni pueden compartir monitores\/se.<\/p>\n<p><em>\u00abCon estos talleres ofrecemos actividades l\u00fadicas y pedag\u00f3gicas a lo largo de las vacaciones escolares, un aspecto importante, puesto que permite a los padres y madres conciliar su vida laboral y familiar\u00bb<\/em>, ha explicado la regidora de Juventud<strong> Leticia Piquer<\/strong>.<\/p>\n<p>El precio de los Talleres de Pascua es de 26 euros por el primer hijo\/a inscrito\/a, de 22 euros por el segundo hijo\/a inscrito\/a y de 17 euros por cada ni\u00f1o\/a inscrito\/a (para miembros de familias numerosas y\/o monoparentales, circunstancia que habr\u00e1 que acreditar con el t\u00edtulo oficial).<\/p>\n<p><strong>Para inscribirse<\/strong> hay que enviar un correo a<span style=\"text-decoration: underline;\"><em><strong><span style=\"color: #b22222;\"> <a href=\"mailto:joventut@alzira.es\" target=\"_blank\" rel=\"noopener\"><span style=\"color: #b22222; text-decoration: underline;\">joventut@alzira.es<\/span><\/a><\/span><\/strong><\/em><\/span> indicando el lugar preferente y se facilitar\u00e1 toda la documentaci\u00f3n necesaria a los interesados.<\/p>\n<p>En cuanto a la empresa que dar\u00e1 el servicio, se plantea la contrataci\u00f3n de un coordinador\/a, 16 monitores\/se de grupo (uno por cada aula), 2 monitores\/se de integraci\u00f3n para los ni\u00f1os\/se con diversidad funcional.<\/p>\n<p>La empresa incluir\u00e1 material para cada grupo (para no compartir material), recursos de prevenci\u00f3n de la propagaci\u00f3n COVID-19 as\u00ed como material de protecci\u00f3n individual y uniformidad del personal.<\/p>\n<p style=\"text-align: center;\"><img fetchpriority=\"high\" decoding=\"async\" width=\"1755\" height=\"2501\" class=\" size-full wp-image-54074\" src=\"https:\/\/alzira.es\/wp-content\/uploads\/2021\/03\/tallers_pasqua_2021.jpg\" alt=\"tallers pasqua 2021\" srcset=\"https:\/\/alzira.es\/wp-content\/uploads\/2021\/03\/tallers_pasqua_2021.jpg 1755w, https:\/\/alzira.es\/wp-content\/uploads\/2021\/03\/tallers_pasqua_2021-680x969.jpg 680w, https:\/\/alzira.es\/wp-content\/uploads\/2021\/03\/tallers_pasqua_2021-752x1072.jpg 752w, https:\/\/alzira.es\/wp-content\/uploads\/2021\/03\/tallers_pasqua_2021-768x1094.jpg 768w, https:\/\/alzira.es\/wp-content\/uploads\/2021\/03\/tallers_pasqua_2021-1078x1536.jpg 1078w, https:\/\/alzira.es\/wp-content\/uploads\/2021\/03\/tallers_pasqua_2021-1437x2048.jpg 1437w\" sizes=\"(max-width: 706px) 89vw, (max-width: 767px) 82vw, 740px\" \/><\/p>\n","protected":false},"excerpt":{"rendered":"<p>El Ayuntamiento de Alzira, desde el Centro de Informaci\u00f3n Juvenil, informa que a partir de ma\u00f1ana martes 24 de marzo y fines el martes 30 de marzo se puede hacer la inscripci\u00f3n para participar en los Talleres de Pascua 2021. Se trata de una actividad adaptada a las normativas sanitarias actuales, con una ocupaci\u00f3n del &hellip; <\/p>\n<p class=\"link-more\"><a href=\"https:\/\/alzira.es\/es\/tallers-de-pasqua\/\" class=\"more-link\">Continuar leyendo<span class=\"screen-reader-text\"> \u00abMa\u00f1ana se abre el plazo de inscripci\u00f3n en los talleres de Pascua municipales\u00bb<\/span><\/a><\/p>\n","protected":false},"author":29,"featured_media":54074,"comment_status":"","ping_status":"","sticky":false,"template":"","format":"standard","meta":{"_acf_changed":false,"footnotes":""},"categories":[],"tags":[],"class_list":["post-54076","post","type-post","status-publish","format-standard","has-post-thumbnail","hentry"],"acf":[],"_links":{"self":[{"href":"https:\/\/alzira.es\/es\/wp-json\/wp\/v2\/posts\/54076","targetHints":{"allow":["GET"]}}],"collection":[{"href":"https:\/\/alzira.es\/es\/wp-json\/wp\/v2\/posts"}],"about":[{"href":"https:\/\/alzira.es\/es\/wp-json\/wp\/v2\/types\/post"}],"author":[{"embeddable":true,"href":"https:\/\/alzira.es\/es\/wp-json\/wp\/v2\/users\/29"}],"replies":[{"embeddable":true,"href":"https:\/\/alzira.es\/es\/wp-json\/wp\/v2\/comments?post=54076"}],"version-history":[{"count":0,"href":"https:\/\/alzira.es\/es\/wp-json\/wp\/v2\/posts\/54076\/revisions"}],"wp:featuredmedia":[{"embeddable":true,"href":"https:\/\/alzira.es\/es\/wp-json\/wp\/v2\/media\/54074"}],"wp:attachment":[{"href":"https:\/\/alzira.es\/es\/wp-json\/wp\/v2\/media?parent=54076"}],"wp:term":[{"taxonomy":"category","embeddable":true,"href":"https:\/\/alzira.es\/es\/wp-json\/wp\/v2\/categories?post=54076"},{"taxonomy":"post_tag","embeddable":true,"href":"https:\/\/alzira.es\/es\/wp-json\/wp\/v2\/tags?post=54076"}],"curies":[{"name":"wp","href":"https:\/\/api.w.org\/{rel}","templated":true}]}}