{"id":54073,"date":"2021-03-23T12:28:03","date_gmt":"2021-03-23T11:28:03","guid":{"rendered":"https:\/\/alzira.es\/el-muma-acull-l-exposicio-2\/"},"modified":"2021-03-23T12:28:03","modified_gmt":"2021-03-23T11:28:03","slug":"el-muma-acull-l-exposicio-2","status":"publish","type":"post","link":"https:\/\/alzira.es\/es\/el-muma-acull-l-exposicio-2\/","title":{"rendered":"El MUMA acull l\u2019exposici\u00f3 de la tercera edici\u00f3 del Certamen Internacional de Pintura i Fotografia Realista"},"content":{"rendered":"<p style=\"text-align: justify;\">El <strong>MUMA<\/strong> acollir\u00e0 <strong>del 24 de mar\u00e7 fins al 25 d&#8217;abril<\/strong> l&#8217;exposici\u00f3 de la <strong>tercera edici\u00f3<\/strong> de la <strong>Waiting For Spring<\/strong>, <strong>Certamen Internacional de Pintura i Fotografia Realista<\/strong>,<em> organitzada per<\/em><strong> Lorenzo Di M\u00e9dici Gallery<\/strong>, amb la col\u00b7laboraci\u00f3 del <strong>MUMA<\/strong>, des de la Regidoria de Patrimoni Cultural.<\/p>\n<p style=\"text-align: justify;\">En esta tercera edici\u00f3 del certamen <strong>s&#8217;han presentat un total de 171 obres<\/strong>, de les que <strong>37 han sigut seleccionades per a formar part de l&#8217;exposici\u00f3<\/strong>. Han participat autors de 9 nacionalitats: Portugal; Col\u00f2mbia; Argentina; Egipte; It\u00e0lia; M\u00e8xic; Fran\u00e7a; Marroc i Su\u00efssa; a m\u00e9s d&#8217;artistes nacionals de 13 prov\u00edncies, la qual cosa significa que \u00e9s un certamen consolidat que compta amb una important participaci\u00f3 i amb una alta qualitat pel que fa a les obres presentades.<\/p>\n<p style=\"text-align: justify;\">En esta ocasi\u00f3 l&#8217;artista convidat ha sigut<strong> Rafael Armengol<\/strong> que ha contribu\u00eft amb un magn\u00edfic quadre titulat <em>\u00abHypatia\u00bb<\/em>.<\/p>\n<p style=\"text-align: justify;\"><span style=\"text-decoration: underline;\">L&#8217;obra guanyadora ha sigut<\/span>: <em><strong>\u00abManzana\u00bb<\/strong><\/em>, de<strong> Mar Mar\u00edn Leal<\/strong><\/p>\n<p style=\"text-align: justify; margin-left: 30px;\"><strong>1a<\/strong> medalla <em>\u00abCosm\u00f3polis\u00bb<\/em>, de <strong>Julian Garcia\u2013Viso<\/strong><br \/><strong>2a<\/strong> medalla<em> \u00abLa fiesta del n\u00edspero\u00bb<\/em>, de <strong>Piedad Lozano<\/strong><br \/><strong>3a<\/strong> medalla <em>\u00abSergi\u00bb<\/em>, d&#8217;<strong>Enrique Donoso<\/strong><br \/><strong>4a<\/strong> medalla <em>\u00abPasado Ferroviario\u00bb<\/em>, de <strong>Jos\u00e9 Valladares<\/strong><br \/><strong>5a<\/strong> medalla <em>\u00abLa flor negra\u00bb<\/em>, de<strong> Luisa Chaves<\/strong><\/p>\n<p style=\"text-align: justify;\">Mentre que quatre han sigut <span style=\"text-decoration: underline;\">les obres finalistes<\/span><\/p>\n<p style=\"text-align: justify; margin-left: 30px;\"><em>\u00abBeauty and serenity\u00bb<\/em>, d&#8217;<strong>Enrique Donoso<\/strong><br \/><em>\u00abLa casa de la escalera\u00bb<\/em>, de <strong>Juan Manuel Campos<\/strong><br \/><em>\u00abCoraz\u00f3n volador\u00bb<\/em>, de <strong>Pep Linares<\/strong><br \/><em>\u00abRaquel\u00bb<\/em>, d&#8217;<strong>Ana Gonz\u00e1lez<\/strong><\/p>\n<p style=\"text-align: justify;\"><em>\u00abEs tracta d&#8217;una exposici\u00f3 que en les seues edicions anteriors va aconseguir captar l&#8217;atenci\u00f3 dels visitants pel realisme i l&#8217;alta qualitat de les obres mostrades, per aix\u00f2 es molt recomanable visitar esta tercera edici\u00f3 al MUMA\u00bb<\/em>, segons la regidora de Patrimoni Cultural, <strong>Isabel Aguilar<\/strong>.<\/p>\n<p style=\"text-align: center;\"><img fetchpriority=\"high\" decoding=\"async\" class=\" size-full wp-image-54070\" src=\"https:\/\/alzira.es\/wp-content\/uploads\/2021\/03\/josep_frances.jpg\" alt=\"josep franc\u00e9s\" width=\"1270\" height=\"572\" srcset=\"https:\/\/alzira.es\/wp-content\/uploads\/2021\/03\/josep_frances.jpg 2016w, https:\/\/alzira.es\/wp-content\/uploads\/2021\/03\/josep_frances-680x306.jpg 680w, https:\/\/alzira.es\/wp-content\/uploads\/2021\/03\/josep_frances-1430x644.jpg 1430w, https:\/\/alzira.es\/wp-content\/uploads\/2021\/03\/josep_frances-768x346.jpg 768w, https:\/\/alzira.es\/wp-content\/uploads\/2021\/03\/josep_frances-1536x692.jpg 1536w\" sizes=\"(max-width: 706px) 89vw, (max-width: 767px) 82vw, 740px\" \/><\/p>\n","protected":false},"excerpt":{"rendered":"<p>El MUMA acollir\u00e0 del 24 de mar\u00e7 fins al 25 d&#8217;abril l&#8217;exposici\u00f3 de la tercera edici\u00f3 de la Waiting For Spring, Certamen Internacional de Pintura i Fotografia Realista, organitzada per Lorenzo Di M\u00e9dici Gallery, amb la col\u00b7laboraci\u00f3 del MUMA, des de la Regidoria de Patrimoni Cultural. En esta tercera edici\u00f3 del certamen s&#8217;han presentat un &hellip; <\/p>\n<p class=\"link-more\"><a href=\"https:\/\/alzira.es\/es\/el-muma-acull-l-exposicio-2\/\" class=\"more-link\">Continuar leyendo<span class=\"screen-reader-text\"> \u00abEl MUMA acull l\u2019exposici\u00f3 de la tercera edici\u00f3 del Certamen Internacional de Pintura i Fotografia Realista\u00bb<\/span><\/a><\/p>\n","protected":false},"author":29,"featured_media":54070,"comment_status":"","ping_status":"","sticky":false,"template":"","format":"standard","meta":{"_acf_changed":false,"footnotes":""},"categories":[],"tags":[],"class_list":["post-54073","post","type-post","status-publish","format-standard","has-post-thumbnail","hentry"],"acf":[],"_links":{"self":[{"href":"https:\/\/alzira.es\/es\/wp-json\/wp\/v2\/posts\/54073","targetHints":{"allow":["GET"]}}],"collection":[{"href":"https:\/\/alzira.es\/es\/wp-json\/wp\/v2\/posts"}],"about":[{"href":"https:\/\/alzira.es\/es\/wp-json\/wp\/v2\/types\/post"}],"author":[{"embeddable":true,"href":"https:\/\/alzira.es\/es\/wp-json\/wp\/v2\/users\/29"}],"replies":[{"embeddable":true,"href":"https:\/\/alzira.es\/es\/wp-json\/wp\/v2\/comments?post=54073"}],"version-history":[{"count":0,"href":"https:\/\/alzira.es\/es\/wp-json\/wp\/v2\/posts\/54073\/revisions"}],"wp:featuredmedia":[{"embeddable":true,"href":"https:\/\/alzira.es\/es\/wp-json\/wp\/v2\/media\/54070"}],"wp:attachment":[{"href":"https:\/\/alzira.es\/es\/wp-json\/wp\/v2\/media?parent=54073"}],"wp:term":[{"taxonomy":"category","embeddable":true,"href":"https:\/\/alzira.es\/es\/wp-json\/wp\/v2\/categories?post=54073"},{"taxonomy":"post_tag","embeddable":true,"href":"https:\/\/alzira.es\/es\/wp-json\/wp\/v2\/tags?post=54073"}],"curies":[{"name":"wp","href":"https:\/\/api.w.org\/{rel}","templated":true}]}}