{"id":54072,"date":"2021-03-23T12:28:03","date_gmt":"2021-03-23T11:28:03","guid":{"rendered":"https:\/\/alzira.es\/el-muma-acull-l-exposicio\/"},"modified":"2021-03-23T12:28:03","modified_gmt":"2021-03-23T11:28:03","slug":"el-muma-acull-l-exposicio","status":"publish","type":"post","link":"https:\/\/alzira.es\/es\/el-muma-acull-l-exposicio\/","title":{"rendered":"El MUMA acoge la exposici\u00f3n de la tercera edici\u00f3n del Certamen Internacional de Pintura y Fotograf\u00eda Realista"},"content":{"rendered":"<p style=\"text-align: justify;\">El <strong>MUMA<\/strong> acoger\u00e1 <strong>del 24 de marzo hasta el 25 de abril<\/strong> la exposici\u00f3n de la <strong>tercera edici\u00f3n<\/strong> de la<strong> Waiting For Spring<\/strong>, <strong>Certamen Internacional de Pintura y Fotograf\u00eda Realista<\/strong>, organizada por <strong>Lorenzo Di M\u00e9dici Gallery<\/strong>, con la colaboraci\u00f3n del <strong>MUMA<\/strong>, desde la Concejal\u00eda de Patrimonio Cultural.<\/p>\n<p style=\"text-align: justify;\">En esta <strong>tercera edici\u00f3n<\/strong> del certamen <strong>se han presentado un total de 171 obras<\/strong>, de las que <strong>37 han sido seleccionadas para formar parte de la exposici\u00f3n<\/strong>. Han participado autores de 9 nacionalidades: Portugal; Colombia; Argentina; Egipto; Italia; M\u00e9xico; Francia; Marruecos y Suiza; adem\u00e1s de artistas nacionales de 13 provincias, lo cual significa que es un certamen consolidado que cuenta con una importante participaci\u00f3n y con una alta calidad en cuanto a las obras presentadas.<\/p>\n<p>En esta ocasi\u00f3n el artista invitado ha sido <strong>Rafael Armengol<\/strong> que ha contribuido con un magn\u00edfico cuadro titulado <em>\u00abHypatia\u00bb<\/em>.<\/p>\n<p><span style=\"text-decoration: underline;\">La obra ganadora ha sido<\/span>: <strong>\u00abManzana\u00bb<\/strong>, de<strong> Mar Mar\u00edn Leal<\/strong><\/p>\n<p style=\"margin-left: 30px;\"><strong>1.\u00aa<\/strong> medalla <em>\u00abCosm\u00f3polis\u00bb<\/em>, de <strong>Julian Garcia\u2013Viso<\/strong><br \/><strong>2.\u00aa<\/strong> medalla<em> \u00abLa fiesta del n\u00edspero\u00bb<\/em>, de <strong>Piedad Lozano<\/strong><br \/><strong>3.\u00aa<\/strong> medalla <em>\u00abSergi\u00bb<\/em>, de <strong>Enrique Donoso<\/strong><br \/><strong>4.\u00aa<\/strong> medalla <em>\u00abPasado Ferroviario\u00bb<\/em>, de <strong>Jos\u00e9 Valladares<\/strong><br \/><strong>5.\u00aa<\/strong> medalla <em>\u00abLa flor negra\u00bb<\/em>, de <strong>Luisa Chaves<\/strong><\/p>\n<p>Mientras que cuatro han sido <span style=\"text-decoration: underline;\">las obras finalistas<\/span><\/p>\n<p style=\"margin-left: 30px;\"><em>\u00abBeauty and serenity\u00bb<\/em>, de <strong>Enrique Donoso<\/strong><br \/><em>\u00abLa casa de la escalera\u00bb<\/em>, de <strong>Juan Manuel Campos<\/strong><br \/><em>\u00abCoraz\u00f3n volador\u00bb<\/em>, de <strong>Pep Linares<\/strong><br \/><em>\u00abRaquel\u00bb<\/em>, de <strong>Ana Gonz\u00e1lez<\/strong><\/p>\n<p><em>\u00abSe trata de una exposici\u00f3n que en sus ediciones anteriores consigui\u00f3 captar la atenci\u00f3n de los visitantes por el realismo y el alta calidad de las obras mostradas, por eso se muy recomendable visitar esta tercera edici\u00f3n al MUMA\u00bb<\/em>, seg\u00fan la regidora de Patrimonio Cultural, <strong>Isabel Aguilar<\/strong>.<\/p>\n<p style=\"text-align: center;\"><img fetchpriority=\"high\" decoding=\"async\" class=\" size-full wp-image-54070\" src=\"https:\/\/alzira.es\/wp-content\/uploads\/2021\/03\/josep_frances.jpg\" alt=\"josep franc\u00e9s\" width=\"1541\" height=\"694\" srcset=\"https:\/\/alzira.es\/wp-content\/uploads\/2021\/03\/josep_frances.jpg 2016w, https:\/\/alzira.es\/wp-content\/uploads\/2021\/03\/josep_frances-680x306.jpg 680w, https:\/\/alzira.es\/wp-content\/uploads\/2021\/03\/josep_frances-1430x644.jpg 1430w, https:\/\/alzira.es\/wp-content\/uploads\/2021\/03\/josep_frances-768x346.jpg 768w, https:\/\/alzira.es\/wp-content\/uploads\/2021\/03\/josep_frances-1536x692.jpg 1536w\" sizes=\"(max-width: 706px) 89vw, (max-width: 767px) 82vw, 740px\" \/><\/p>\n","protected":false},"excerpt":{"rendered":"<p>El MUMA acoger\u00e1 del 24 de marzo hasta el 25 de abril la exposici\u00f3n de la tercera edici\u00f3n de la Waiting For Spring, Certamen Internacional de Pintura y Fotograf\u00eda Realista, organizada por Lorenzo Di M\u00e9dici Gallery, con la colaboraci\u00f3n del MUMA, desde la Concejal\u00eda de Patrimonio Cultural. En esta tercera edici\u00f3n del certamen se han &hellip; <\/p>\n<p class=\"link-more\"><a href=\"https:\/\/alzira.es\/es\/el-muma-acull-l-exposicio\/\" class=\"more-link\">Continuar leyendo<span class=\"screen-reader-text\"> \u00abEl MUMA acoge la exposici\u00f3n de la tercera edici\u00f3n del Certamen Internacional de Pintura y Fotograf\u00eda Realista\u00bb<\/span><\/a><\/p>\n","protected":false},"author":29,"featured_media":54070,"comment_status":"","ping_status":"","sticky":false,"template":"","format":"standard","meta":{"_acf_changed":false,"footnotes":""},"categories":[],"tags":[],"class_list":["post-54072","post","type-post","status-publish","format-standard","has-post-thumbnail","hentry"],"acf":[],"_links":{"self":[{"href":"https:\/\/alzira.es\/es\/wp-json\/wp\/v2\/posts\/54072","targetHints":{"allow":["GET"]}}],"collection":[{"href":"https:\/\/alzira.es\/es\/wp-json\/wp\/v2\/posts"}],"about":[{"href":"https:\/\/alzira.es\/es\/wp-json\/wp\/v2\/types\/post"}],"author":[{"embeddable":true,"href":"https:\/\/alzira.es\/es\/wp-json\/wp\/v2\/users\/29"}],"replies":[{"embeddable":true,"href":"https:\/\/alzira.es\/es\/wp-json\/wp\/v2\/comments?post=54072"}],"version-history":[{"count":0,"href":"https:\/\/alzira.es\/es\/wp-json\/wp\/v2\/posts\/54072\/revisions"}],"wp:featuredmedia":[{"embeddable":true,"href":"https:\/\/alzira.es\/es\/wp-json\/wp\/v2\/media\/54070"}],"wp:attachment":[{"href":"https:\/\/alzira.es\/es\/wp-json\/wp\/v2\/media?parent=54072"}],"wp:term":[{"taxonomy":"category","embeddable":true,"href":"https:\/\/alzira.es\/es\/wp-json\/wp\/v2\/categories?post=54072"},{"taxonomy":"post_tag","embeddable":true,"href":"https:\/\/alzira.es\/es\/wp-json\/wp\/v2\/tags?post=54072"}],"curies":[{"name":"wp","href":"https:\/\/api.w.org\/{rel}","templated":true}]}}