{"id":54069,"date":"2021-03-23T12:20:44","date_gmt":"2021-03-23T11:20:44","guid":{"rendered":"https:\/\/alzira.es\/mejora-de-accesibilidad-en-la-estacion-2\/"},"modified":"2021-03-23T12:20:44","modified_gmt":"2021-03-23T11:20:44","slug":"mejora-de-accesibilidad-en-la-estacion-2","status":"publish","type":"post","link":"https:\/\/alzira.es\/es\/mejora-de-accesibilidad-en-la-estacion-2\/","title":{"rendered":"Renfe inicia les obres de millora d&#8217;accessibilitat en l&#8217;estaci\u00f3 de Rodalia d&#8217;Alzira"},"content":{"rendered":"<p><span style=\"text-decoration: underline; color: #8b008b;\"><strong><a href=\"https:\/\/alzira.es\/wp-content\/uploads\/2021\/03\/NP-Renfe_inicia_las_obras_de_mejora_de_accesibilidad_en_la_estacion_de_Cercanias_de_Alzira.pdf\" target=\"_blank\" rel=\"noopener\"><span style=\"color: #8b008b; text-decoration: underline;\">El termini d&#8217;execuci\u00f3 de les obres \u00e9s de 6 mesos<\/span><\/a><\/strong><\/span><\/p>\n<h3><em>\u2022 La<strong> inversi\u00f3<\/strong> dels treballs ascendeix a <strong>500.000 euros<\/strong><\/em><br \/><em>\u2022 Les actuacions inclouen l&#8217;adaptaci\u00f3 a la normativa actual d&#8217;accessibilitat i la millora de l&#8217;efici\u00e8ncia energ\u00e8tica<\/em><\/h3>\n<p style=\"text-align: center;\">&nbsp;<\/p>\n<p><strong>Renfe inicia les obres <\/strong>de millora d&#8217;accessibilitat <strong>en l&#8217;estaci\u00f3 de Rodalia d&#8217;Alzira<\/strong>. La inversi\u00f3 dels treballs ascendeix a 500.000 euros, amb un termini estimat de 6 mesos per a la seua execuci\u00f3. <strong>Les actuacions inclouen l&#8217;adaptaci\u00f3 a la normativa actual d&#8217;accessibilitat i la millora de l&#8217;efici\u00e8ncia energ\u00e8tica<\/strong>.<\/p>\n<p style=\"text-align: center;\">&nbsp;<\/p>\n<p>Les obres de millora d&#8217;accessibilitat inclouen l&#8217;adaptaci\u00f3 de l&#8217;altura de les vores d&#8217;andana al g\u00e0lib ferroviari, instal\u00b7laci\u00f3 de paviments podot\u00e1ctils i l\u00ednia de seguretat, nou s\u00f2l antilliscant en andanes, a m\u00e9s de nous encaminaments en l&#8217;acc\u00e9s a l&#8217;estaci\u00f3, vest\u00edbul i pas inferior, incloent indicacions en braille.<\/p>\n<p style=\"text-align: center;\">&nbsp;<\/p>\n<p>La companyia tamb\u00e9 t\u00e9 previst canviar el sistema d&#8217;il\u00b7luminaci\u00f3 convencional per llumin\u00e0ries LED amb control DALI, per a obtindre nivells lum\u00ednics adequats a l&#8217;accessibilitat amb la finalitat de millorar l&#8217;efici\u00e8ncia energ\u00e8tica i modernitzar les marquesines. A m\u00e9s, es realitzaran altres actuacions com a pintura i tancament de l&#8217;estaci\u00f3. Els treballs s&#8217;engloben en el pla d&#8217;actuacions de Renfe per a la rodalia del Nucli de Val\u00e8ncia.<\/p>\n<p style=\"text-align: center;\">&nbsp;<\/p>\n<p>La intervenci\u00f3 suposa la millora de l&#8217;accessibilitat amb la reducci\u00f3 de barreres arquitect\u00f2niques amb els seus respectius elements senyalitzadors. <strong>L&#8217;estaci\u00f3 d&#8217;Alzira<\/strong> pertany a la l\u00ednia C2 de Rodalia del Nucli de Val\u00e8ncia i <strong>compta di\u00e0riament amb 2.700 viatgers<\/strong>.<\/p>\n<p style=\"text-align: center;\"><a href=\"https:\/\/alzira.es\/wp-content\/uploads\/2021\/03\/NP-Renfe_inicia_las_obras_de_mejora_de_accesibilidad_en_la_estacion_de_Cercanias_de_Alzira.pdf\" target=\"_blank\" rel=\"noopener\"><img fetchpriority=\"high\" decoding=\"async\" width=\"479\" height=\"479\" class=\" size-full wp-image-54064\" src=\"https:\/\/alzira.es\/wp-content\/uploads\/2021\/03\/renfe1.png\" alt=\"renfe1\" srcset=\"https:\/\/alzira.es\/wp-content\/uploads\/2021\/03\/renfe1.png 479w, https:\/\/alzira.es\/wp-content\/uploads\/2021\/03\/renfe1-350x350.png 350w, https:\/\/alzira.es\/wp-content\/uploads\/2021\/03\/renfe1-300x300.png 300w, https:\/\/alzira.es\/wp-content\/uploads\/2021\/03\/renfe1-100x100.png 100w\" sizes=\"(max-width: 479px) 100vw, 479px\" \/><\/a><\/p>\n","protected":false},"excerpt":{"rendered":"<p>El termini d&#8217;execuci\u00f3 de les obres \u00e9s de 6 mesos \u2022 La inversi\u00f3 dels treballs ascendeix a 500.000 euros\u2022 Les actuacions inclouen l&#8217;adaptaci\u00f3 a la normativa actual d&#8217;accessibilitat i la millora de l&#8217;efici\u00e8ncia energ\u00e8tica &nbsp; Renfe inicia les obres de millora d&#8217;accessibilitat en l&#8217;estaci\u00f3 de Rodalia d&#8217;Alzira. La inversi\u00f3 dels treballs ascendeix a 500.000 euros, &hellip; <\/p>\n<p class=\"link-more\"><a href=\"https:\/\/alzira.es\/es\/mejora-de-accesibilidad-en-la-estacion-2\/\" class=\"more-link\">Continuar leyendo<span class=\"screen-reader-text\"> \u00abRenfe inicia les obres de millora d&#8217;accessibilitat en l&#8217;estaci\u00f3 de Rodalia d&#8217;Alzira\u00bb<\/span><\/a><\/p>\n","protected":false},"author":29,"featured_media":0,"comment_status":"","ping_status":"","sticky":false,"template":"","format":"standard","meta":{"_acf_changed":false,"footnotes":""},"categories":[],"tags":[],"class_list":["post-54069","post","type-post","status-publish","format-standard","hentry"],"acf":[],"_links":{"self":[{"href":"https:\/\/alzira.es\/es\/wp-json\/wp\/v2\/posts\/54069","targetHints":{"allow":["GET"]}}],"collection":[{"href":"https:\/\/alzira.es\/es\/wp-json\/wp\/v2\/posts"}],"about":[{"href":"https:\/\/alzira.es\/es\/wp-json\/wp\/v2\/types\/post"}],"author":[{"embeddable":true,"href":"https:\/\/alzira.es\/es\/wp-json\/wp\/v2\/users\/29"}],"replies":[{"embeddable":true,"href":"https:\/\/alzira.es\/es\/wp-json\/wp\/v2\/comments?post=54069"}],"version-history":[{"count":0,"href":"https:\/\/alzira.es\/es\/wp-json\/wp\/v2\/posts\/54069\/revisions"}],"wp:attachment":[{"href":"https:\/\/alzira.es\/es\/wp-json\/wp\/v2\/media?parent=54069"}],"wp:term":[{"taxonomy":"category","embeddable":true,"href":"https:\/\/alzira.es\/es\/wp-json\/wp\/v2\/categories?post=54069"},{"taxonomy":"post_tag","embeddable":true,"href":"https:\/\/alzira.es\/es\/wp-json\/wp\/v2\/tags?post=54069"}],"curies":[{"name":"wp","href":"https:\/\/api.w.org\/{rel}","templated":true}]}}