{"id":54068,"date":"2021-03-23T12:20:44","date_gmt":"2021-03-23T11:20:44","guid":{"rendered":"https:\/\/alzira.es\/mejora-de-accesibilidad-en-la-estacion\/"},"modified":"2021-03-23T12:20:44","modified_gmt":"2021-03-23T11:20:44","slug":"mejora-de-accesibilidad-en-la-estacion","status":"publish","type":"post","link":"https:\/\/alzira.es\/es\/mejora-de-accesibilidad-en-la-estacion\/","title":{"rendered":"Renfe inicia las obras de mejora de accesibilidad en la estaci\u00f3n de Cercan\u00edas de Alzira"},"content":{"rendered":"<p><span style=\"text-decoration: underline;\"><strong><span style=\"color: #8b008b;\"><a href=\"https:\/\/alzira.es\/wp-content\/uploads\/2021\/03\/NP-Renfe_inicia_las_obras_de_mejora_de_accesibilidad_en_la_estacion_de_Cercanias_de_Alzira.pdf\" target=\"_blank\" rel=\"noopener\"><span style=\"color: #8b008b; text-decoration: underline;\">El plazo de ejecuci\u00f3n de las obras es de 6 meses<\/span><\/a><\/span><\/strong><\/span><\/p>\n<h3><em>\u2022 La <strong>inversi\u00f3n<\/strong> de los trabajos asciende a <strong>500.000 euros<\/strong><br \/>\u2022 Las actuaciones incluyen la adaptaci\u00f3n a la normativa actual de accesibilidad y la mejora de la eficiencia energ\u00e9tica<\/em><\/h3>\n<p><strong>Renfe inicia las obras<\/strong> de mejora de accesibilidad <strong>en la estaci\u00f3n de Cercan\u00edas de Alzira<\/strong>. La inversi\u00f3n de los trabajos asciende a 500.000 euros, con un plazo estimado de 6 meses para su ejecuci\u00f3n.<strong> Las actuaciones incluyen la adaptaci\u00f3n a la normativa actual de accesibilidad y la mejora de la eficiencia energ\u00e9tica<\/strong>.<\/p>\n<p>Las obras de mejora de accesibilidad incluyen la adaptaci\u00f3n de la altura de los bordes de and\u00e9n al g\u00e1libo ferroviario, instalaci\u00f3n de pavimentos podot\u00e1ctiles y l\u00ednea de segu-ridad, nuevo suelo antideslizante en andenes, adem\u00e1s de nuevos encaminamientos en el acceso a la estaci\u00f3n, vest\u00edbulo y paso inferior, incluyendo indicaciones en braille.<\/p>\n<p>La compa\u00f1\u00eda tambi\u00e9n tiene previsto cambiar el sistema de iluminaci\u00f3n convencional por luminarias LED con control DALI, para obtener niveles lum\u00ednicos adecuados a la accesi-bilidad con el fin de mejorar la eficiencia energ\u00e9tica y modernizar las marquesinas. Adem\u00e1s, se realizar\u00e1n otras actuaciones como pintura y cerramiento de la estaci\u00f3n. Los trabajos se engloban en el plan de actuaciones de Renfe para las cercan\u00edas del N\u00facleo de Val\u00e8ncia.<\/p>\n<p>La intervenci\u00f3n supone la mejora de la accesibilidad con la reducci\u00f3n de barreras arqui-tect\u00f3nicas con sus respectivos elementos se\u00f1alizadores.<strong> La estaci\u00f3n de Alzira<\/strong> pertenece a la l\u00ednea C2 de Cercan\u00edas del N\u00facleo de Val\u00e8ncia y <strong>cuenta diariamente con 2.700 viajeros<\/strong>.<\/p>\n<p><em>&nbsp;<\/em><\/p>\n<p style=\"text-align: center;\"><a href=\"https:\/\/alzira.es\/wp-content\/uploads\/2021\/03\/NP-Renfe_inicia_las_obras_de_mejora_de_accesibilidad_en_la_estacion_de_Cercanias_de_Alzira.pdf\" target=\"_blank\" rel=\"noopener\"><img fetchpriority=\"high\" decoding=\"async\" width=\"479\" height=\"479\" class=\" size-full wp-image-54064\" src=\"https:\/\/alzira.es\/wp-content\/uploads\/2021\/03\/renfe1.png\" alt=\"renfe1\" srcset=\"https:\/\/alzira.es\/wp-content\/uploads\/2021\/03\/renfe1.png 479w, https:\/\/alzira.es\/wp-content\/uploads\/2021\/03\/renfe1-350x350.png 350w, https:\/\/alzira.es\/wp-content\/uploads\/2021\/03\/renfe1-300x300.png 300w, https:\/\/alzira.es\/wp-content\/uploads\/2021\/03\/renfe1-100x100.png 100w\" sizes=\"(max-width: 479px) 100vw, 479px\" \/><\/a><\/p>\n","protected":false},"excerpt":{"rendered":"<p>El plazo de ejecuci\u00f3n de las obras es de 6 meses \u2022 La inversi\u00f3n de los trabajos asciende a 500.000 euros\u2022 Las actuaciones incluyen la adaptaci\u00f3n a la normativa actual de accesibilidad y la mejora de la eficiencia energ\u00e9tica Renfe inicia las obras de mejora de accesibilidad en la estaci\u00f3n de Cercan\u00edas de Alzira. La &hellip; <\/p>\n<p class=\"link-more\"><a href=\"https:\/\/alzira.es\/es\/mejora-de-accesibilidad-en-la-estacion\/\" class=\"more-link\">Continuar leyendo<span class=\"screen-reader-text\"> \u00abRenfe inicia las obras de mejora de accesibilidad en la estaci\u00f3n de Cercan\u00edas de Alzira\u00bb<\/span><\/a><\/p>\n","protected":false},"author":29,"featured_media":54064,"comment_status":"","ping_status":"","sticky":false,"template":"","format":"standard","meta":{"_acf_changed":false,"footnotes":""},"categories":[],"tags":[],"class_list":["post-54068","post","type-post","status-publish","format-standard","has-post-thumbnail","hentry"],"acf":[],"_links":{"self":[{"href":"https:\/\/alzira.es\/es\/wp-json\/wp\/v2\/posts\/54068","targetHints":{"allow":["GET"]}}],"collection":[{"href":"https:\/\/alzira.es\/es\/wp-json\/wp\/v2\/posts"}],"about":[{"href":"https:\/\/alzira.es\/es\/wp-json\/wp\/v2\/types\/post"}],"author":[{"embeddable":true,"href":"https:\/\/alzira.es\/es\/wp-json\/wp\/v2\/users\/29"}],"replies":[{"embeddable":true,"href":"https:\/\/alzira.es\/es\/wp-json\/wp\/v2\/comments?post=54068"}],"version-history":[{"count":0,"href":"https:\/\/alzira.es\/es\/wp-json\/wp\/v2\/posts\/54068\/revisions"}],"wp:featuredmedia":[{"embeddable":true,"href":"https:\/\/alzira.es\/es\/wp-json\/wp\/v2\/media\/54064"}],"wp:attachment":[{"href":"https:\/\/alzira.es\/es\/wp-json\/wp\/v2\/media?parent=54068"}],"wp:term":[{"taxonomy":"category","embeddable":true,"href":"https:\/\/alzira.es\/es\/wp-json\/wp\/v2\/categories?post=54068"},{"taxonomy":"post_tag","embeddable":true,"href":"https:\/\/alzira.es\/es\/wp-json\/wp\/v2\/tags?post=54068"}],"curies":[{"name":"wp","href":"https:\/\/api.w.org\/{rel}","templated":true}]}}