{"id":54042,"date":"2021-03-18T12:39:52","date_gmt":"2021-03-18T11:39:52","guid":{"rendered":"https:\/\/alzira.es\/els-espais-naturals-d-alzira-oberts-a-la-ciutadania-2\/"},"modified":"2021-03-18T12:39:52","modified_gmt":"2021-03-18T11:39:52","slug":"els-espais-naturals-d-alzira-oberts-a-la-ciutadania-2","status":"publish","type":"post","link":"https:\/\/alzira.es\/es\/els-espais-naturals-d-alzira-oberts-a-la-ciutadania-2\/","title":{"rendered":"Els espais naturals d\u2019Alzira oberts a la ciutadania"},"content":{"rendered":"<h3><em>\u2022 L&#8217;Anell Verd, el Mirador del X\u00faquer, la Muntanyeta o el Passeig Fluvial, una variada oferta per a l&#8217;esplai<\/em><br \/><em>\u2022 Murta i Casella, preferentment de vesprada<\/em><\/h3>\n<p>Amb l&#8217;arribada dels <strong>dies festius<\/strong> \u00e9s <strong>moment de buscar esplai a la natura<\/strong>, especialment en caps de setmana pel mat\u00ed.<\/p>\n<p>En aquests moments en que els nostres paratges naturals estan m\u00e9s concorreguts, des de<strong> l&#8217;Ajuntament<\/strong> es <strong>recomana visitar altres zones verdes d&#8217;Alzira<\/strong> en les quals podem practicar esport o caminar estos dies, al temps que gaudim de la natura com el <strong>Mirador del X\u00faquer<\/strong>, la <strong>Muntanyeta,<\/strong> el<strong> Passeig Fluvial<\/strong> o <strong>l&#8217;Anell Verd<\/strong> espais on els ciutadans poden tindre un contacte amb la natura sense eixir d&#8217;Alzira.<\/p>\n<p>Cal recordar que els paratges de <strong>la Murta<\/strong> i <strong>La Casella<\/strong> reben gran quantitat de visitants els caps de setmana i festius, i a m\u00e9s tenen limitaci\u00f3 d&#8217;acc\u00e9s i es recomana demanar<strong> cita pr\u00e8via<\/strong>. Ja que els dies s&#8217;allarguen, podem gaudir d&#8217;aquests paratges sense menys aclaparaments a les vesprades, quan acudeix menys gent<\/p>\n<p><em>\u00abL&#8217;actual situaci\u00f3 ha canviat la manera de moure&#8217;s per la ciutat. Des de la Regidoria de Medi Ambient convidem a la ciutadania a la utilitzar estes zones com a espai de passeig i gaudi de la naturalesa\u00bb<\/em> ha explicat el regidor, <strong>Pep Carreres<\/strong><\/p>\n<p><span style=\"text-decoration: underline;\"><strong>Anell Verd<\/strong><\/span><\/p>\n<p>Es tracta d&#8217;un <strong>espai verd periurb\u00e0<\/strong> que connecta diferents infraestructures al voltant de la ciutat i definix un cintur\u00f3 verd que circumval\u00b7la tota la ciutat. Tamb\u00e9 ha servit per a regenerar espais degradats i posar a la disposici\u00f3 de la ciutadania un nou espai d&#8217;esplai com el Mirador del X\u00faquer.<\/p>\n<p>Compta amb <strong>panells informatius<\/strong> que contenen <strong>pictogrames i codis QR<\/strong> que ens dirigixen a un format sonor amb informaci\u00f3 de les esp\u00e8cies naturals i elements patrimonials que ens trobarem en cadascun dels trams quilom\u00e8trics.<\/p>\n<p>Per a poder reproduir els \u00e0udios cal fer \u00fas del nostre tel\u00e8fon m\u00f2bil amb el lector de QR i s&#8217;obrir\u00e0 un format similar a un \u00e0udio llibre que permet que totes les persones, fins i tot les invidents, puguen escoltar una descripci\u00f3 dels elements patrimonials, mediambientals i de paisatge que ens podem trobar en cada tram del recorregut. Aquests <strong>\u00e0udios<\/strong> es troben <strong>en tres idiomes<\/strong>: valenci\u00e0, castell\u00e0 i angl\u00e8s.<\/p>\n<p><span style=\"text-decoration: underline;\"><strong>Mirador del X\u00faquer<\/strong><\/span><\/p>\n<p>Este concepte queda refor\u00e7at amb el recorregut eco terap\u00e8utic incorporat en el Mirador de X\u00faquer, on podem iniciar un passeig entre m\u00e9s de mil plantes arom\u00e0tiques que la ciutadania va plantar el Dia de l&#8217;Arbre. El Mirador \u00e9s un espai de 33.000 m\u00b2, que incorpora una zona de bosc de pins, una zona de jocs per als xiquets i xiquetes i un mirador en la desembocadura del Barranc de la Casella amb el riu X\u00faquer.<\/p>\n<p><strong>Recomanaci\u00f3 de reserva pr\u00e8via per a visitar la Murta<\/strong>, <strong>en cas d&#8217;acudir als matins en cap de setmana I festius<\/strong>.<\/p>\n<p>Degut als actuals criteris sanitaris i t\u00e8cnics derivats de la COVID19, des del mes de maig s&#8217;apliquen mesures d&#8217;aforament limitat i sol\u00b7licitud de cita pr\u00e8via en l&#8217;\u00e0mbit, dins del <strong>paratge natural municipal de la Murta i la Casella<\/strong>.<br \/>Des de la mateixa portada del web municipal,<span style=\"color: #b22222;\"> <\/span><span style=\"text-decoration: underline;\"><span style=\"color: #b22222;\"><a href=\"index.php\/val\" target=\"_blank\" rel=\"noopener\"><span style=\"color: #b22222; text-decoration: underline;\">www.alzira.es<\/span><\/a><\/span><\/span> a la secci\u00f3 \u00aba un clic\u00bb trobareu el bot\u00f3 de <span style=\"text-decoration: underline;\"><span style=\"color: #b22222;\"><a href=\"index.php\/val\/serveis-municipals\/cita-previa\" target=\"_blank\" rel=\"noopener\"><span style=\"color: #b22222; text-decoration: underline;\">cita pr\u00e8via<\/span><\/a><\/span><\/span>, mitjan\u00e7ant el qual es poden accedir als diferents serveis municipals que requerixen la cita. En el cas dels paratges es permet la <strong>reserva pr\u00e8via<\/strong>,<strong> per a la visita a la Murta<\/strong>.<\/p>\n<p>Cal recordar que en el cas de <strong>la Casella<\/strong>, el p\u00e0rquing confrontant al bar, tanca a les 17 hores, de manera que cal traure els vehicles abans.<\/p>\n<p style=\"text-align: center;\"><img fetchpriority=\"high\" decoding=\"async\" class=\" size-full wp-image-54033\" src=\"https:\/\/alzira.es\/wp-content\/uploads\/2021\/03\/espais_naturals_1.jpeg\" alt=\"espais naturals 1\" width=\"1142\" height=\"643\" srcset=\"https:\/\/alzira.es\/wp-content\/uploads\/2021\/03\/espais_naturals_1.jpeg 1600w, https:\/\/alzira.es\/wp-content\/uploads\/2021\/03\/espais_naturals_1-680x383.jpeg 680w, https:\/\/alzira.es\/wp-content\/uploads\/2021\/03\/espais_naturals_1-1430x805.jpeg 1430w, https:\/\/alzira.es\/wp-content\/uploads\/2021\/03\/espais_naturals_1-768x432.jpeg 768w, https:\/\/alzira.es\/wp-content\/uploads\/2021\/03\/espais_naturals_1-1536x865.jpeg 1536w\" sizes=\"(max-width: 706px) 89vw, (max-width: 767px) 82vw, 740px\" \/><\/p>\n<p style=\"text-align: center;\"><img decoding=\"async\" class=\"size-full wp-image-54035 lazyload\" data-src=\"https:\/\/alzira.es\/wp-content\/uploads\/2021\/03\/espais_naturals_2.jpeg\" alt=\"espais naturals 2\" width=\"424\" height=\"238\" data-srcset=\"https:\/\/alzira.es\/wp-content\/uploads\/2021\/03\/espais_naturals_2.jpeg 1599w, https:\/\/alzira.es\/wp-content\/uploads\/2021\/03\/espais_naturals_2-680x383.jpeg 680w, https:\/\/alzira.es\/wp-content\/uploads\/2021\/03\/espais_naturals_2-1430x805.jpeg 1430w, https:\/\/alzira.es\/wp-content\/uploads\/2021\/03\/espais_naturals_2-768x432.jpeg 768w, https:\/\/alzira.es\/wp-content\/uploads\/2021\/03\/espais_naturals_2-1536x865.jpeg 1536w\" data-sizes=\"(max-width: 424px) 100vw, 424px\" src=\"data:image\/svg+xml;base64,PHN2ZyB3aWR0aD0iMSIgaGVpZ2h0PSIxIiB4bWxucz0iaHR0cDovL3d3dy53My5vcmcvMjAwMC9zdmciPjwvc3ZnPg==\" style=\"--smush-placeholder-width: 424px; --smush-placeholder-aspect-ratio: 424\/238;\" \/>&nbsp;<img decoding=\"async\" class=\"size-full wp-image-54037 lazyload\" data-src=\"https:\/\/alzira.es\/wp-content\/uploads\/2021\/03\/espais_naturals_5.jpeg\" alt=\"espais naturals 5\" width=\"425\" height=\"239\" data-srcset=\"https:\/\/alzira.es\/wp-content\/uploads\/2021\/03\/espais_naturals_5.jpeg 1599w, https:\/\/alzira.es\/wp-content\/uploads\/2021\/03\/espais_naturals_5-680x383.jpeg 680w, https:\/\/alzira.es\/wp-content\/uploads\/2021\/03\/espais_naturals_5-1430x805.jpeg 1430w, https:\/\/alzira.es\/wp-content\/uploads\/2021\/03\/espais_naturals_5-768x432.jpeg 768w, https:\/\/alzira.es\/wp-content\/uploads\/2021\/03\/espais_naturals_5-1536x865.jpeg 1536w\" data-sizes=\"(max-width: 425px) 100vw, 425px\" src=\"data:image\/svg+xml;base64,PHN2ZyB3aWR0aD0iMSIgaGVpZ2h0PSIxIiB4bWxucz0iaHR0cDovL3d3dy53My5vcmcvMjAwMC9zdmciPjwvc3ZnPg==\" style=\"--smush-placeholder-width: 425px; --smush-placeholder-aspect-ratio: 425\/239;\" \/>&nbsp;<img decoding=\"async\" class=\"size-full wp-image-54039 lazyload\" data-src=\"https:\/\/alzira.es\/wp-content\/uploads\/2021\/03\/espais_naturals_6.jpeg\" alt=\"espais naturals 6\" width=\"423\" height=\"238\" data-srcset=\"https:\/\/alzira.es\/wp-content\/uploads\/2021\/03\/espais_naturals_6.jpeg 1599w, https:\/\/alzira.es\/wp-content\/uploads\/2021\/03\/espais_naturals_6-680x383.jpeg 680w, https:\/\/alzira.es\/wp-content\/uploads\/2021\/03\/espais_naturals_6-1430x805.jpeg 1430w, https:\/\/alzira.es\/wp-content\/uploads\/2021\/03\/espais_naturals_6-768x432.jpeg 768w, https:\/\/alzira.es\/wp-content\/uploads\/2021\/03\/espais_naturals_6-1536x865.jpeg 1536w\" data-sizes=\"(max-width: 423px) 100vw, 423px\" src=\"data:image\/svg+xml;base64,PHN2ZyB3aWR0aD0iMSIgaGVpZ2h0PSIxIiB4bWxucz0iaHR0cDovL3d3dy53My5vcmcvMjAwMC9zdmciPjwvc3ZnPg==\" style=\"--smush-placeholder-width: 423px; --smush-placeholder-aspect-ratio: 423\/238;\" \/><\/p>\n<p style=\"text-align: center;\">&nbsp;<\/p>\n","protected":false},"excerpt":{"rendered":"<p>\u2022 L&#8217;Anell Verd, el Mirador del X\u00faquer, la Muntanyeta o el Passeig Fluvial, una variada oferta per a l&#8217;esplai\u2022 Murta i Casella, preferentment de vesprada Amb l&#8217;arribada dels dies festius \u00e9s moment de buscar esplai a la natura, especialment en caps de setmana pel mat\u00ed. En aquests moments en que els nostres paratges naturals estan &hellip; <\/p>\n<p class=\"link-more\"><a href=\"https:\/\/alzira.es\/es\/els-espais-naturals-d-alzira-oberts-a-la-ciutadania-2\/\" class=\"more-link\">Continuar leyendo<span class=\"screen-reader-text\"> \u00abEls espais naturals d\u2019Alzira oberts a la ciutadania\u00bb<\/span><\/a><\/p>\n","protected":false},"author":29,"featured_media":54033,"comment_status":"","ping_status":"","sticky":false,"template":"","format":"standard","meta":{"_acf_changed":false,"footnotes":""},"categories":[],"tags":[],"class_list":["post-54042","post","type-post","status-publish","format-standard","has-post-thumbnail","hentry"],"acf":[],"_links":{"self":[{"href":"https:\/\/alzira.es\/es\/wp-json\/wp\/v2\/posts\/54042","targetHints":{"allow":["GET"]}}],"collection":[{"href":"https:\/\/alzira.es\/es\/wp-json\/wp\/v2\/posts"}],"about":[{"href":"https:\/\/alzira.es\/es\/wp-json\/wp\/v2\/types\/post"}],"author":[{"embeddable":true,"href":"https:\/\/alzira.es\/es\/wp-json\/wp\/v2\/users\/29"}],"replies":[{"embeddable":true,"href":"https:\/\/alzira.es\/es\/wp-json\/wp\/v2\/comments?post=54042"}],"version-history":[{"count":0,"href":"https:\/\/alzira.es\/es\/wp-json\/wp\/v2\/posts\/54042\/revisions"}],"wp:featuredmedia":[{"embeddable":true,"href":"https:\/\/alzira.es\/es\/wp-json\/wp\/v2\/media\/54033"}],"wp:attachment":[{"href":"https:\/\/alzira.es\/es\/wp-json\/wp\/v2\/media?parent=54042"}],"wp:term":[{"taxonomy":"category","embeddable":true,"href":"https:\/\/alzira.es\/es\/wp-json\/wp\/v2\/categories?post=54042"},{"taxonomy":"post_tag","embeddable":true,"href":"https:\/\/alzira.es\/es\/wp-json\/wp\/v2\/tags?post=54042"}],"curies":[{"name":"wp","href":"https:\/\/api.w.org\/{rel}","templated":true}]}}