{"id":54041,"date":"2021-03-18T12:39:52","date_gmt":"2021-03-18T11:39:52","guid":{"rendered":"https:\/\/alzira.es\/els-espais-naturals-d-alzira-oberts-a-la-ciutadania\/"},"modified":"2021-03-18T12:39:52","modified_gmt":"2021-03-18T11:39:52","slug":"els-espais-naturals-d-alzira-oberts-a-la-ciutadania","status":"publish","type":"post","link":"https:\/\/alzira.es\/es\/els-espais-naturals-d-alzira-oberts-a-la-ciutadania\/","title":{"rendered":"Los espacios naturales de Alzira abiertos a la ciudadan\u00eda"},"content":{"rendered":"<h3><em>\u2022 El Anillo Verd, el Mirador del J\u00facar, la Munta\u00f1eta o el Paseo Fluvial, una variada oferta para el esparcimiento<\/em><br \/><em>\u2022 Murta y Casella, preferentemente por la tarde<\/em><\/h3>\n<p>Con la llegada de los <strong>d\u00edas festivos<\/strong> es <strong>momento de buscar esparcimiento en la natura<\/strong>, especialmente en fines de semana por la ma\u00f1ana.<\/p>\n<p>En estos momentos en que nuestros parajes naturales est\u00e1n m\u00e1s concurridos, desde <strong>el Ayuntamiento<\/strong> se <strong>recomienda visitar otras zonas verdes de Alzira<\/strong> en las cuales podemos practicar deporte o andar estos d\u00edas, al tiempo que disfrutamos de la natura como <strong>el Mirador del J\u00facar<\/strong>,<strong> la Munta\u00f1eta<\/strong>, <strong>el Paseo Fluvial<\/strong> o<strong> el Anillo Verd<\/strong> espacios donde los ciudadanos pueden tener un <strong>contacto con la natura sin salir de Alzira<\/strong>.<\/p>\n<p>Hay que recordar que los parajes de<strong> la Murta y La Casella<\/strong> reciben gran cantidad de visitantes los fines de semana y festivos, y adem\u00e1s tienen limitaci\u00f3n de acceso y se recomienda pedir<strong> cita previa<\/strong>. Puesto que los d\u00edas se alargan, podemos disfrutar de estos parajes sin menos agobios por las tardes, cuando acude menos gente<\/p>\n<p><em>\u00abLa actual situaci\u00f3n ha cambiado la manera de moverse por la ciudad. Desde la Concejal\u00eda de Medio Ambiente invitamos a la ciudadan\u00eda a la utilizar estas zonas como espacio de paseo y goce de la naturaleza\u00bb<\/em> ha explicado el regidor,<strong> Pep Carreres<\/strong><\/p>\n<p><span style=\"text-decoration: underline;\"><strong>Anillo Verd<\/strong><\/span><\/p>\n<p>Se trata de un <strong>espacio verde periurbano<\/strong> que conecta diferentes infraestructuras alrededor de la ciudad y define un cintur\u00f3n verde que circunvala toda la ciudad. Tambi\u00e9n ha servido para regenerar espacios degradados y poner a disposici\u00f3n de la ciudadan\u00eda un nuevo espacio de esparcimiento como el Mirador del J\u00facar.<\/p>\n<p>Cuenta con <strong>paneles informativos<\/strong> que contienen <strong>pictogramas y c\u00f3digos QR<\/strong> que nos dirigen a un formato sonoro con informaci\u00f3n de las especies naturales y elementos patrimoniales que nos encontraremos en cada uno de los tramos kilom\u00e9tricos.<\/p>\n<p>Para poder reproducir los audios hay que hacer uso de nuestro tel\u00e9fono m\u00f3vil con el lector de QR y se abrir\u00e1 un formato similar a un audio libro que permite que todas las personas, incluso las invidentes, puedan escuchar una descripci\u00f3n de los elementos patrimoniales, medioambientales y de paisaje que nos podemos encontrar en cada tramo del recorrido. Estos<strong> audios se encuentran en tres idiomas<\/strong>: valenciano, castellano e ingl\u00e9s.<\/p>\n<p><strong><span style=\"text-decoration: underline;\">Mirador del J\u00facar<\/span><\/strong><\/p>\n<p>Este concepto queda reforzado con el recorrido eco terap\u00e9utico incorporado en el Mirador de J\u00facar, donde podemos iniciar un paseo entre m\u00e1s de mil plantas arom\u00e1ticas que la ciudadan\u00eda plant\u00f3 el D\u00eda del \u00c1rbol. El Mirador es un espacio de 33.000 m\u00b2, que incorpora una zona de bosque de pinos, una zona de juegos para los ni\u00f1os y ni\u00f1as y un mirador en la desembocadura del Barranco de la Casilla con el r\u00edo J\u00facar.<\/p>\n<p><strong>Recomendaci\u00f3n de reserva previa para visitar la Murta, en caso de acudir por las ma\u00f1anas en fin de semana Y festivos<\/strong>.<\/p>\n<p>Debido a los actuales criterios sanitarios y t\u00e9cnicos derivados de la COVID19, desde el mes de mayo se aplican medidas de aforo limitado y solicitud de cita previa en el \u00e1mbito, dentro del <strong>paraje natural municipal de la Murta y la Casella<\/strong>.<br \/>Desde la misma portada del web municipal, <span style=\"text-decoration: underline;\"><span style=\"color: #b22222;\"><a href=\"index.php\/val\" target=\"_blank\" rel=\"noopener\"><span style=\"color: #b22222; text-decoration: underline;\">www.alzira.es<\/span><\/a><\/span><\/span> a la secci\u00f3n \u00aba un clic\u00bb encontrar\u00e9is el bot\u00f3n de <span style=\"text-decoration: underline;\"><span style=\"color: #b22222;\"><a href=\"index.php\/es\/servicios-municipales\/cita-previa\" target=\"_blank\" rel=\"noopener\"><span style=\"color: #b22222; text-decoration: underline;\">cita previa<\/span><\/a><\/span><\/span>, mediante el cual se pueden acceder a los diferentes servicios municipales que requieren la cita. En el caso de los parajes <strong>se permite la reserva previa<\/strong>, <strong>para la visita a la Murta<\/strong>.<\/p>\n<p>Hay que recordar que en el caso de <strong>la Casella<\/strong>, el parking colindante al bar, valla a las 17 horas, de forma que hay que sacar los veh\u00edculos antes.<\/p>\n<p style=\"text-align: center;\"><img fetchpriority=\"high\" decoding=\"async\" class=\" size-full wp-image-54033\" src=\"https:\/\/alzira.es\/wp-content\/uploads\/2021\/03\/espais_naturals_1.jpeg\" alt=\"espais naturals 1\" width=\"1142\" height=\"643\" srcset=\"https:\/\/alzira.es\/wp-content\/uploads\/2021\/03\/espais_naturals_1.jpeg 1600w, https:\/\/alzira.es\/wp-content\/uploads\/2021\/03\/espais_naturals_1-680x383.jpeg 680w, https:\/\/alzira.es\/wp-content\/uploads\/2021\/03\/espais_naturals_1-1430x805.jpeg 1430w, https:\/\/alzira.es\/wp-content\/uploads\/2021\/03\/espais_naturals_1-768x432.jpeg 768w, https:\/\/alzira.es\/wp-content\/uploads\/2021\/03\/espais_naturals_1-1536x865.jpeg 1536w\" sizes=\"(max-width: 706px) 89vw, (max-width: 767px) 82vw, 740px\" \/><\/p>\n<p style=\"text-align: center;\"><img decoding=\"async\" class=\"size-full wp-image-54035 lazyload\" data-src=\"https:\/\/alzira.es\/wp-content\/uploads\/2021\/03\/espais_naturals_2.jpeg\" alt=\"espais naturals 2\" width=\"424\" height=\"238\" data-srcset=\"https:\/\/alzira.es\/wp-content\/uploads\/2021\/03\/espais_naturals_2.jpeg 1599w, https:\/\/alzira.es\/wp-content\/uploads\/2021\/03\/espais_naturals_2-680x383.jpeg 680w, https:\/\/alzira.es\/wp-content\/uploads\/2021\/03\/espais_naturals_2-1430x805.jpeg 1430w, https:\/\/alzira.es\/wp-content\/uploads\/2021\/03\/espais_naturals_2-768x432.jpeg 768w, https:\/\/alzira.es\/wp-content\/uploads\/2021\/03\/espais_naturals_2-1536x865.jpeg 1536w\" data-sizes=\"(max-width: 424px) 100vw, 424px\" src=\"data:image\/svg+xml;base64,PHN2ZyB3aWR0aD0iMSIgaGVpZ2h0PSIxIiB4bWxucz0iaHR0cDovL3d3dy53My5vcmcvMjAwMC9zdmciPjwvc3ZnPg==\" style=\"--smush-placeholder-width: 424px; --smush-placeholder-aspect-ratio: 424\/238;\" \/>&nbsp;<img decoding=\"async\" class=\"size-full wp-image-54037 lazyload\" data-src=\"https:\/\/alzira.es\/wp-content\/uploads\/2021\/03\/espais_naturals_5.jpeg\" alt=\"espais naturals 5\" width=\"425\" height=\"239\" data-srcset=\"https:\/\/alzira.es\/wp-content\/uploads\/2021\/03\/espais_naturals_5.jpeg 1599w, https:\/\/alzira.es\/wp-content\/uploads\/2021\/03\/espais_naturals_5-680x383.jpeg 680w, https:\/\/alzira.es\/wp-content\/uploads\/2021\/03\/espais_naturals_5-1430x805.jpeg 1430w, https:\/\/alzira.es\/wp-content\/uploads\/2021\/03\/espais_naturals_5-768x432.jpeg 768w, https:\/\/alzira.es\/wp-content\/uploads\/2021\/03\/espais_naturals_5-1536x865.jpeg 1536w\" data-sizes=\"(max-width: 425px) 100vw, 425px\" src=\"data:image\/svg+xml;base64,PHN2ZyB3aWR0aD0iMSIgaGVpZ2h0PSIxIiB4bWxucz0iaHR0cDovL3d3dy53My5vcmcvMjAwMC9zdmciPjwvc3ZnPg==\" style=\"--smush-placeholder-width: 425px; --smush-placeholder-aspect-ratio: 425\/239;\" \/>&nbsp;<img decoding=\"async\" class=\"size-full wp-image-54039 lazyload\" data-src=\"https:\/\/alzira.es\/wp-content\/uploads\/2021\/03\/espais_naturals_6.jpeg\" alt=\"espais naturals 6\" width=\"423\" height=\"238\" data-srcset=\"https:\/\/alzira.es\/wp-content\/uploads\/2021\/03\/espais_naturals_6.jpeg 1599w, https:\/\/alzira.es\/wp-content\/uploads\/2021\/03\/espais_naturals_6-680x383.jpeg 680w, https:\/\/alzira.es\/wp-content\/uploads\/2021\/03\/espais_naturals_6-1430x805.jpeg 1430w, https:\/\/alzira.es\/wp-content\/uploads\/2021\/03\/espais_naturals_6-768x432.jpeg 768w, https:\/\/alzira.es\/wp-content\/uploads\/2021\/03\/espais_naturals_6-1536x865.jpeg 1536w\" data-sizes=\"(max-width: 423px) 100vw, 423px\" src=\"data:image\/svg+xml;base64,PHN2ZyB3aWR0aD0iMSIgaGVpZ2h0PSIxIiB4bWxucz0iaHR0cDovL3d3dy53My5vcmcvMjAwMC9zdmciPjwvc3ZnPg==\" style=\"--smush-placeholder-width: 423px; --smush-placeholder-aspect-ratio: 423\/238;\" \/><\/p>\n<p style=\"text-align: center;\">&nbsp;<\/p>\n","protected":false},"excerpt":{"rendered":"<p>\u2022 El Anillo Verd, el Mirador del J\u00facar, la Munta\u00f1eta o el Paseo Fluvial, una variada oferta para el esparcimiento\u2022 Murta y Casella, preferentemente por la tarde Con la llegada de los d\u00edas festivos es momento de buscar esparcimiento en la natura, especialmente en fines de semana por la ma\u00f1ana. En estos momentos en que &hellip; <\/p>\n<p class=\"link-more\"><a href=\"https:\/\/alzira.es\/es\/els-espais-naturals-d-alzira-oberts-a-la-ciutadania\/\" class=\"more-link\">Continuar leyendo<span class=\"screen-reader-text\"> \u00abLos espacios naturales de Alzira abiertos a la ciudadan\u00eda\u00bb<\/span><\/a><\/p>\n","protected":false},"author":29,"featured_media":54033,"comment_status":"","ping_status":"","sticky":false,"template":"","format":"standard","meta":{"_acf_changed":false,"footnotes":""},"categories":[],"tags":[],"class_list":["post-54041","post","type-post","status-publish","format-standard","has-post-thumbnail","hentry"],"acf":[],"_links":{"self":[{"href":"https:\/\/alzira.es\/es\/wp-json\/wp\/v2\/posts\/54041","targetHints":{"allow":["GET"]}}],"collection":[{"href":"https:\/\/alzira.es\/es\/wp-json\/wp\/v2\/posts"}],"about":[{"href":"https:\/\/alzira.es\/es\/wp-json\/wp\/v2\/types\/post"}],"author":[{"embeddable":true,"href":"https:\/\/alzira.es\/es\/wp-json\/wp\/v2\/users\/29"}],"replies":[{"embeddable":true,"href":"https:\/\/alzira.es\/es\/wp-json\/wp\/v2\/comments?post=54041"}],"version-history":[{"count":0,"href":"https:\/\/alzira.es\/es\/wp-json\/wp\/v2\/posts\/54041\/revisions"}],"wp:featuredmedia":[{"embeddable":true,"href":"https:\/\/alzira.es\/es\/wp-json\/wp\/v2\/media\/54033"}],"wp:attachment":[{"href":"https:\/\/alzira.es\/es\/wp-json\/wp\/v2\/media?parent=54041"}],"wp:term":[{"taxonomy":"category","embeddable":true,"href":"https:\/\/alzira.es\/es\/wp-json\/wp\/v2\/categories?post=54041"},{"taxonomy":"post_tag","embeddable":true,"href":"https:\/\/alzira.es\/es\/wp-json\/wp\/v2\/tags?post=54041"}],"curies":[{"name":"wp","href":"https:\/\/api.w.org\/{rel}","templated":true}]}}