{"id":54022,"date":"2021-03-17T14:57:43","date_gmt":"2021-03-17T13:57:43","guid":{"rendered":"https:\/\/alzira.es\/l-ajuntament-d-alzira-crea-la-comissio-interdisciplinar-del-centerani-del-gran-teatre-2\/"},"modified":"2021-03-17T14:57:43","modified_gmt":"2021-03-17T13:57:43","slug":"l-ajuntament-d-alzira-crea-la-comissio-interdisciplinar-del-centerani-del-gran-teatre-2","status":"publish","type":"post","link":"https:\/\/alzira.es\/es\/l-ajuntament-d-alzira-crea-la-comissio-interdisciplinar-del-centerani-del-gran-teatre-2\/","title":{"rendered":"L\u2019Ajuntament d\u2019Alzira crea la comissi\u00f3 interdisciplinar del centerani del Gran Teatre"},"content":{"rendered":"<h3><em>\u2022 Es treballa en la <strong>millora de l&#8217;edifici<\/strong>, la nova programaci\u00f3 per a la <strong>reobertura el mes de setembre<\/strong><\/em><\/h3>\n<p><strong>En 2021 es complixen<\/strong> <strong>100 anys<\/strong> <strong>d&#8217;exist\u00e8ncia del<\/strong> <strong>Gran Teatre d&#8217;Alzira<\/strong>. La regidoria de Cultura de l&#8217;Ajuntament d&#8217;Alzira ha posat en marxa la comissi\u00f3 interdepartamental del Centenari amb l&#8217;objectiu de preparar esta efem\u00e8ride.<\/p>\n<p>La passada setmana tingu\u00e9 lloc la primera reuni\u00f3 en la qual van participar l&#8217;<em>alcalde<\/em>, <strong>Diego G\u00f3mez<\/strong>, el <em>regidor de Cultura<\/em>, <strong>Alfred Aranda<\/strong>, el <em>regidor de Festes<\/em>,<strong> Xavi P\u00e9rez<\/strong>, aix\u00ed com els diferents departaments implicats en el projecte, que treballaran conjuntament amb la regidoria de Cultura, com el servei de Promoci\u00f3 i \u00fas de Valenci\u00e0, l&#8217;\u00e0rea d&#8217;educaci\u00f3, comunicaci\u00f3, l&#8217;oficina t\u00e8cnica, l&#8217;arxiu, la Casa de la Cultura, el Muma i la Biblioteca.<\/p>\n<p><em>\u00abAmb motiu del centenari hem creat esta comissi\u00f3 interdisciplinar municipal que treballa per a dur a cap diverses actuacions (obres, publicacions, aprofitament did\u00e0ctic, exposicions, mitjans de comunicaci\u00f3, patrimoni, m\u00e0rqueting&#8230;) per a celebrar la reobertura del Gran Teatre com es mereix. Encara que, actualment, es troba en obres,<strong> farem tot el possible perqu\u00e8 la reobertura siga el mateix dia en qu\u00e8 es va inaugurar el 29 de setembre 1921<\/strong>. Esta reforma ens permetr\u00e0 recuperar el focus de difusi\u00f3 art\u00edstica i cultural que genera el nostre coliseu\u00bb<\/em>, ha afirmat el regidor, <strong>Alfred Aranda<\/strong>.<\/p>\n<p>Una de les actuacions que ja <strong>es troba en marxa<\/strong> \u00e9s<strong> la millora de les instal\u00b7lacions<\/strong> que <strong>ha tingut lloc en dos fases<\/strong>, <strong>una primera finan\u00e7ada per l&#8217;Ajuntament d&#8217;Alzira i per la Generalitat<\/strong>, en la qual s&#8217;han fet obres de millora el\u00e8ctrica, l\u00ednia de vida, escenari, butaques i senyal\u00e8ctica<strong> i una segona finan\u00e7ada amb una subvenci\u00f3 de la Diputaci\u00f3<\/strong> per a substutici\u00f3 de l&#8217;aire acondicionat, reforma dels camerins i dependencies de la planta superior i nova col\u00b7locaci\u00f3 de les lampares.<\/p>\n<p><em>\u00abTenim per davant un projecte il\u00b7lusionant, on ja comptem amb una nova imatge, canvis en la senyalectica, disseny del logo commemoratiu, marxandatge i canvis en la fa\u00e7ana amb elements artistics decoratius que afegiran valor a l&#8217;edifici. <strong>Preparem una exposici\u00f3 a la Casa de la Cultura on podrem repassar els 100 anys d&#8217;hist\u00f2ria del teatre<\/strong> a trav\u00e9s de fotografies, cartells, decorats, mobiliari&#8230; A m\u00e9s <strong>publicarem un llibre<\/strong> sobre el centenari <strong>i un quadernet did\u00e0ctic<\/strong> orientat als escolars i tamb\u00e9 <strong>organitzarem lectures dramatitzades i el concurs de redacci\u00f3 en valenci\u00e0<\/strong> girar\u00e0 al voltant del centenari. La idea \u00e9s poder preparar per al mes d&#8217;octubre una gala-espectacle on participaran ,entre altres, artistes i agrupacions locals\u00bb<\/em> ha explicat el regidor.<\/p>\n<p>A m\u00e9s la comissi\u00f3 t\u00e9 previst realitzar diverses reunions amb el Consell municipal de Xiquest i Xiquetes i el Consell Municipal de la Joventut, per tal de con\u00e8ixer les seues inquietuts i propostes, a l&#8217;igual que tamb\u00e9 vol mantindre contacte amb diferents entitats culturals de la localitat i persones de rellev\u00e0ncia del mon de la cultura alzirenya.<\/p>\n<p style=\"text-align: center;\"><img fetchpriority=\"high\" decoding=\"async\" class=\" size-full wp-image-54019\" src=\"https:\/\/alzira.es\/wp-content\/uploads\/2021\/03\/reunio_comissio_Gran_Tetare_8.jpeg\" alt=\"reuni\u00f3 comissi\u00f3 Gran Tetare 8\" width=\"976\" height=\"732\" srcset=\"https:\/\/alzira.es\/wp-content\/uploads\/2021\/03\/reunio_comissio_Gran_Tetare_8.jpeg 2048w, https:\/\/alzira.es\/wp-content\/uploads\/2021\/03\/reunio_comissio_Gran_Tetare_8-680x510.jpeg 680w, https:\/\/alzira.es\/wp-content\/uploads\/2021\/03\/reunio_comissio_Gran_Tetare_8-1428x1072.jpeg 1428w, https:\/\/alzira.es\/wp-content\/uploads\/2021\/03\/reunio_comissio_Gran_Tetare_8-768x576.jpeg 768w, https:\/\/alzira.es\/wp-content\/uploads\/2021\/03\/reunio_comissio_Gran_Tetare_8-1536x1153.jpeg 1536w\" sizes=\"(max-width: 706px) 89vw, (max-width: 767px) 82vw, 740px\" \/><\/p>\n","protected":false},"excerpt":{"rendered":"<p>\u2022 Es treballa en la millora de l&#8217;edifici, la nova programaci\u00f3 per a la reobertura el mes de setembre En 2021 es complixen 100 anys d&#8217;exist\u00e8ncia del Gran Teatre d&#8217;Alzira. La regidoria de Cultura de l&#8217;Ajuntament d&#8217;Alzira ha posat en marxa la comissi\u00f3 interdepartamental del Centenari amb l&#8217;objectiu de preparar esta efem\u00e8ride. La passada setmana &hellip; <\/p>\n<p class=\"link-more\"><a href=\"https:\/\/alzira.es\/es\/l-ajuntament-d-alzira-crea-la-comissio-interdisciplinar-del-centerani-del-gran-teatre-2\/\" class=\"more-link\">Continuar leyendo<span class=\"screen-reader-text\"> \u00abL\u2019Ajuntament d\u2019Alzira crea la comissi\u00f3 interdisciplinar del centerani del Gran Teatre\u00bb<\/span><\/a><\/p>\n","protected":false},"author":29,"featured_media":54019,"comment_status":"","ping_status":"","sticky":false,"template":"","format":"standard","meta":{"_acf_changed":false,"footnotes":""},"categories":[],"tags":[],"class_list":["post-54022","post","type-post","status-publish","format-standard","has-post-thumbnail","hentry"],"acf":[],"_links":{"self":[{"href":"https:\/\/alzira.es\/es\/wp-json\/wp\/v2\/posts\/54022","targetHints":{"allow":["GET"]}}],"collection":[{"href":"https:\/\/alzira.es\/es\/wp-json\/wp\/v2\/posts"}],"about":[{"href":"https:\/\/alzira.es\/es\/wp-json\/wp\/v2\/types\/post"}],"author":[{"embeddable":true,"href":"https:\/\/alzira.es\/es\/wp-json\/wp\/v2\/users\/29"}],"replies":[{"embeddable":true,"href":"https:\/\/alzira.es\/es\/wp-json\/wp\/v2\/comments?post=54022"}],"version-history":[{"count":0,"href":"https:\/\/alzira.es\/es\/wp-json\/wp\/v2\/posts\/54022\/revisions"}],"wp:featuredmedia":[{"embeddable":true,"href":"https:\/\/alzira.es\/es\/wp-json\/wp\/v2\/media\/54019"}],"wp:attachment":[{"href":"https:\/\/alzira.es\/es\/wp-json\/wp\/v2\/media?parent=54022"}],"wp:term":[{"taxonomy":"category","embeddable":true,"href":"https:\/\/alzira.es\/es\/wp-json\/wp\/v2\/categories?post=54022"},{"taxonomy":"post_tag","embeddable":true,"href":"https:\/\/alzira.es\/es\/wp-json\/wp\/v2\/tags?post=54022"}],"curies":[{"name":"wp","href":"https:\/\/api.w.org\/{rel}","templated":true}]}}