{"id":54021,"date":"2021-03-17T14:57:43","date_gmt":"2021-03-17T13:57:43","guid":{"rendered":"https:\/\/alzira.es\/l-ajuntament-d-alzira-crea-la-comissio-interdisciplinar-del-centerani-del-gran-teatre\/"},"modified":"2021-03-17T14:57:43","modified_gmt":"2021-03-17T13:57:43","slug":"l-ajuntament-d-alzira-crea-la-comissio-interdisciplinar-del-centerani-del-gran-teatre","status":"publish","type":"post","link":"https:\/\/alzira.es\/es\/l-ajuntament-d-alzira-crea-la-comissio-interdisciplinar-del-centerani-del-gran-teatre\/","title":{"rendered":"El Ayuntamiento de Alzira crea la comisi\u00f3n interdisciplinaria del centenario del Gran Teatro"},"content":{"rendered":"<h3><em>\u2022 Se trabaja en la <strong>mejora del edificio<\/strong>, la nueva programaci\u00f3n para la<strong> reapertura el mes de septiembre<\/strong><\/em><\/h3>\n<p><strong>En 2021 se cumplen 100 a\u00f1os de existencia del Gran Teatro de Alzira<\/strong>. La concejal\u00eda de Cultura del Ayuntamiento de Alzira ha puesto en marcha la comisi\u00f3n interdepartamental del Centenario con el objetivo de preparar esta efem\u00e9ride.<\/p>\n<p>La pasada semana tuvo lugar la primera reuni\u00f3n en la cual participaron el <em>alcalde<\/em>, <strong>Diego G\u00f3mez<\/strong>, el <em>regidor de Cultura<\/em>, <strong>Alfred Aranda<\/strong>, el <em>regidor de Fiestas<\/em>,<strong> Xavi P\u00e9rez<\/strong>, as\u00ed como los diferentes departamentos implicados en el proyecto, que trabajar\u00e1n conjuntamente con la concejal\u00eda de Cultura, como el servicio de Promoci\u00f3n y uso de Valenciano, el \u00e1rea de educaci\u00f3n, comunicaci\u00f3n, la oficina t\u00e9cnica, el archivo, la Casa de la Cultura, el Muma y la Biblioteca.<\/p>\n<p><em>\u00abCon motivo del centenario hemos creado esta comisi\u00f3n interdisciplinaria municipal que trabaja para llevar a jefa diversas actuaciones (obras, publicaciones, aprovechamiento did\u00e1ctico, exposiciones, medios de comunicaci\u00f3n, patrimonio, marketing&#8230;) para celebrar la reapertura del Gran Teatro como se merece. Aunque, actualmente, se encuentra en obras, <strong>haremos todo el posible porque la reapertura sea el mismo d\u00eda en que se inaugur\u00f3 el 29 de septiembre 1921<\/strong>. Esta reforma nos permitir\u00e1 recuperar el foco de difusi\u00f3n art\u00edstica y cultural que genera nuestro coliseo\u00bb<\/em>, ha afirmado el regidor, <strong>Alfred Aranda<\/strong>.<\/p>\n<p>Una de las actuaciones que ya <strong>se encuentra en marcha<\/strong> es <strong>la mejora de las instalaciones<\/strong> que<strong> ha tenido lugar en dos fases<\/strong>, <strong>una primera financiada por el Ayuntamiento de Alzira y por la Generalitat<\/strong>, en la cual se han hecho obras de mejora el\u00e9ctrica, l\u00ednea de vida, escenario, butacas y se\u00f1aletica <strong>y una segunda financiada con una subvenci\u00f3n de la Diputaci\u00f3n<\/strong> para sustutici\u00f3n del aire acondicionado, reforma de los camerinos y dependencias de la planta superior y nueva colocaci\u00f3n de las lamparas.<\/p>\n<p><em>\u00abTenemos por delante un proyecto ilusionante, donde ya contamos con una nueva imagen, cambios en la se\u00f1aletica, dise\u00f1o del logo conmemorativo, merchandising y cambios en la fachada con elementos art\u00edsticos decorativos que a\u00f1adir\u00e1n valor en el edificio. <strong>Preparamos una exposici\u00f3n en la Casa de la Cultura donde podremos repasar los 100 a\u00f1os de historia del teatro<\/strong> a trav\u00e9s de fotograf\u00edas, carteles, decorados, mobiliario&#8230; Adem\u00e1s <strong>publicaremos un libro sobre el centenario<\/strong> y <strong>un cuadernillo did\u00e1ctico<\/strong> orientado a los escolares<\/em> <strong><em>y<\/em> <\/strong><em><strong>tambi\u00e9n organizaremos lecturas dramatizadas<\/strong> y el concurso de redacci\u00f3n en valenciano girar\u00e1 alrededor del centenario. La idea es poder preparar para el mes de octubre una gala-espect\u00e1culo donde participar\u00e1n ,entre otros, artistas y agrupaciones locales\u00bb<\/em> ha explicado el regidor.<\/p>\n<p>Adem\u00e1s la comisi\u00f3n tiene previsto realizar varias reuniones con el Consejo municipal de Ni\u00f1os y Ni\u00f1as y el Consejo Municipal de la Juventud, para conocer sus inquietudes y propuestas, al igual que tambi\u00e9n quiere mantener contacto con diferentes entidades culturales de la localidad y personas de relevancia del mi de la cultura alcire\u00f1a.<\/p>\n<p style=\"text-align: center;\"><img fetchpriority=\"high\" decoding=\"async\" class=\" size-full wp-image-54019\" src=\"https:\/\/alzira.es\/wp-content\/uploads\/2021\/03\/reunio_comissio_Gran_Tetare_8.jpeg\" alt=\"reuni\u00f3 comissi\u00f3 Gran Tetare 8\" width=\"976\" height=\"732\" srcset=\"https:\/\/alzira.es\/wp-content\/uploads\/2021\/03\/reunio_comissio_Gran_Tetare_8.jpeg 2048w, https:\/\/alzira.es\/wp-content\/uploads\/2021\/03\/reunio_comissio_Gran_Tetare_8-680x510.jpeg 680w, https:\/\/alzira.es\/wp-content\/uploads\/2021\/03\/reunio_comissio_Gran_Tetare_8-1428x1072.jpeg 1428w, https:\/\/alzira.es\/wp-content\/uploads\/2021\/03\/reunio_comissio_Gran_Tetare_8-768x576.jpeg 768w, https:\/\/alzira.es\/wp-content\/uploads\/2021\/03\/reunio_comissio_Gran_Tetare_8-1536x1153.jpeg 1536w\" sizes=\"(max-width: 706px) 89vw, (max-width: 767px) 82vw, 740px\" \/><\/p>\n","protected":false},"excerpt":{"rendered":"<p>\u2022 Se trabaja en la mejora del edificio, la nueva programaci\u00f3n para la reapertura el mes de septiembre En 2021 se cumplen 100 a\u00f1os de existencia del Gran Teatro de Alzira. La concejal\u00eda de Cultura del Ayuntamiento de Alzira ha puesto en marcha la comisi\u00f3n interdepartamental del Centenario con el objetivo de preparar esta efem\u00e9ride. &hellip; <\/p>\n<p class=\"link-more\"><a href=\"https:\/\/alzira.es\/es\/l-ajuntament-d-alzira-crea-la-comissio-interdisciplinar-del-centerani-del-gran-teatre\/\" class=\"more-link\">Continuar leyendo<span class=\"screen-reader-text\"> \u00abEl Ayuntamiento de Alzira crea la comisi\u00f3n interdisciplinaria del centenario del Gran Teatro\u00bb<\/span><\/a><\/p>\n","protected":false},"author":29,"featured_media":54019,"comment_status":"","ping_status":"","sticky":false,"template":"","format":"standard","meta":{"_acf_changed":false,"footnotes":""},"categories":[4936],"tags":[],"class_list":["post-54021","post","type-post","status-publish","format-standard","has-post-thumbnail","hentry","category-hemeroteca-es"],"acf":[],"_links":{"self":[{"href":"https:\/\/alzira.es\/es\/wp-json\/wp\/v2\/posts\/54021","targetHints":{"allow":["GET"]}}],"collection":[{"href":"https:\/\/alzira.es\/es\/wp-json\/wp\/v2\/posts"}],"about":[{"href":"https:\/\/alzira.es\/es\/wp-json\/wp\/v2\/types\/post"}],"author":[{"embeddable":true,"href":"https:\/\/alzira.es\/es\/wp-json\/wp\/v2\/users\/29"}],"replies":[{"embeddable":true,"href":"https:\/\/alzira.es\/es\/wp-json\/wp\/v2\/comments?post=54021"}],"version-history":[{"count":0,"href":"https:\/\/alzira.es\/es\/wp-json\/wp\/v2\/posts\/54021\/revisions"}],"wp:featuredmedia":[{"embeddable":true,"href":"https:\/\/alzira.es\/es\/wp-json\/wp\/v2\/media\/54019"}],"wp:attachment":[{"href":"https:\/\/alzira.es\/es\/wp-json\/wp\/v2\/media?parent=54021"}],"wp:term":[{"taxonomy":"category","embeddable":true,"href":"https:\/\/alzira.es\/es\/wp-json\/wp\/v2\/categories?post=54021"},{"taxonomy":"post_tag","embeddable":true,"href":"https:\/\/alzira.es\/es\/wp-json\/wp\/v2\/tags?post=54021"}],"curies":[{"name":"wp","href":"https:\/\/api.w.org\/{rel}","templated":true}]}}