{"id":54017,"date":"2021-03-17T14:28:46","date_gmt":"2021-03-17T13:28:46","guid":{"rendered":"https:\/\/alzira.es\/alzira-participa-en-la-trobada-d-alcaldesses-i-alcaldes-pels-municipis-fallers\/"},"modified":"2021-03-17T14:28:46","modified_gmt":"2021-03-17T13:28:46","slug":"alzira-participa-en-la-trobada-d-alcaldesses-i-alcaldes-pels-municipis-fallers","status":"publish","type":"post","link":"https:\/\/alzira.es\/es\/alzira-participa-en-la-trobada-d-alcaldesses-i-alcaldes-pels-municipis-fallers\/","title":{"rendered":"Alzira participa en el Encuentro de alcaldesas y alcaldes por los municipios falleros"},"content":{"rendered":"<p>El<em> alcalde<\/em>, <strong>Diego G\u00f3mez<\/strong>, el<em> regidor de Fiestas<\/em>, <strong>Xavi P\u00e9rez<\/strong> y el <em>Presidente de la Junta Local Fallera<\/em>, <strong>Jaume Bohigues<\/strong> han asistido esta ma\u00f1ana a la <strong>Trobada&nbsp;de alcaldesas y alcaldes por los municipios falleros<\/strong>, que se ha producido hoy al Palacio de Congresos de Val\u00e8ncia y que ha contado con la presencia del <em>presidente de la Generalitat<\/em>,<strong> Ximo Puig<\/strong>.<\/p>\n<p>El <strong>alcalde<\/strong> <em>pide corresponsabilidad entre todos los sectores y agentes implicados en las Fallas para garantizar la recuperaci\u00f3n de este mundo fiestero y econ\u00f3mico<\/em>. En este sentido, el primer edil ha recordado la necesidad de volver a recuperar el latido, la fiesta que, por otro lado, supone un motor econ\u00f3mico para muchos municipios, como es el caso de Alzira, y que ahora mismo se encuentra en una profunda crisis, a causa de su suspensi\u00f3n en marzo del a\u00f1o pasado.<\/p>\n<p>Por su parte, el <em>regidor de Fiestas<\/em>, <strong>Xavi P\u00e9rez<\/strong>, ha destacado la buena sinton\u00eda que hab\u00eda entre los y las asistentes en la reuni\u00f3n, para que las Fallas se puedan celebrar, en palabras del <em>presidente<\/em> <strong>Ximo Puig<\/strong>, cuanto antes mejor. Adem\u00e1s, ha se\u00f1alado que una de las cosas m\u00e1s importantes, es que se ha hecho una radiograf\u00eda de la fiesta al \u00e1mbito econ\u00f3mico y social para poder retomar de nuevo su actividad.<\/p>\n<p style=\"text-align: center;\"><img fetchpriority=\"high\" decoding=\"async\" class=\" size-full wp-image-54013\" src=\"https:\/\/alzira.es\/wp-content\/uploads\/2021\/03\/reunio_alcaldes_falles_2.jpeg\" alt=\"reunio alcaldes falles 2\" width=\"456\" height=\"609\" srcset=\"https:\/\/alzira.es\/wp-content\/uploads\/2021\/03\/reunio_alcaldes_falles_2.jpeg 1536w, https:\/\/alzira.es\/wp-content\/uploads\/2021\/03\/reunio_alcaldes_falles_2-680x907.jpeg 680w, https:\/\/alzira.es\/wp-content\/uploads\/2021\/03\/reunio_alcaldes_falles_2-804x1072.jpeg 804w, https:\/\/alzira.es\/wp-content\/uploads\/2021\/03\/reunio_alcaldes_falles_2-768x1024.jpeg 768w, https:\/\/alzira.es\/wp-content\/uploads\/2021\/03\/reunio_alcaldes_falles_2-300x400.jpeg 300w, https:\/\/alzira.es\/wp-content\/uploads\/2021\/03\/reunio_alcaldes_falles_2-1152x1536.jpeg 1152w\" sizes=\"(max-width: 456px) 100vw, 456px\" \/>&nbsp;<img decoding=\"async\" class=\"size-full wp-image-54015 lazyload\" data-src=\"https:\/\/alzira.es\/wp-content\/uploads\/2021\/03\/reunio_alcaldes_falles_4.jpeg\" alt=\"reunio alcaldes falles 4\" width=\"722\" height=\"541\" data-srcset=\"https:\/\/alzira.es\/wp-content\/uploads\/2021\/03\/reunio_alcaldes_falles_4.jpeg 2048w, https:\/\/alzira.es\/wp-content\/uploads\/2021\/03\/reunio_alcaldes_falles_4-680x510.jpeg 680w, https:\/\/alzira.es\/wp-content\/uploads\/2021\/03\/reunio_alcaldes_falles_4-1430x1072.jpeg 1430w, https:\/\/alzira.es\/wp-content\/uploads\/2021\/03\/reunio_alcaldes_falles_4-768x576.jpeg 768w, https:\/\/alzira.es\/wp-content\/uploads\/2021\/03\/reunio_alcaldes_falles_4-1536x1152.jpeg 1536w\" data-sizes=\"(max-width: 722px) 100vw, 722px\" src=\"data:image\/svg+xml;base64,PHN2ZyB3aWR0aD0iMSIgaGVpZ2h0PSIxIiB4bWxucz0iaHR0cDovL3d3dy53My5vcmcvMjAwMC9zdmciPjwvc3ZnPg==\" style=\"--smush-placeholder-width: 722px; --smush-placeholder-aspect-ratio: 722\/541;\" \/><\/p>\n","protected":false},"excerpt":{"rendered":"<p>El alcalde, Diego G\u00f3mez, el regidor de Fiestas, Xavi P\u00e9rez y el Presidente de la Junta Local Fallera, Jaume Bohigues han asistido esta ma\u00f1ana a la Trobada&nbsp;de alcaldesas y alcaldes por los municipios falleros, que se ha producido hoy al Palacio de Congresos de Val\u00e8ncia y que ha contado con la presencia del presidente de &hellip; <\/p>\n<p class=\"link-more\"><a href=\"https:\/\/alzira.es\/es\/alzira-participa-en-la-trobada-d-alcaldesses-i-alcaldes-pels-municipis-fallers\/\" class=\"more-link\">Continuar leyendo<span class=\"screen-reader-text\"> \u00abAlzira participa en el Encuentro de alcaldesas y alcaldes por los municipios falleros\u00bb<\/span><\/a><\/p>\n","protected":false},"author":29,"featured_media":54013,"comment_status":"","ping_status":"","sticky":false,"template":"","format":"standard","meta":{"_acf_changed":false,"footnotes":""},"categories":[4936],"tags":[],"class_list":["post-54017","post","type-post","status-publish","format-standard","has-post-thumbnail","hentry","category-hemeroteca-es"],"acf":[],"_links":{"self":[{"href":"https:\/\/alzira.es\/es\/wp-json\/wp\/v2\/posts\/54017","targetHints":{"allow":["GET"]}}],"collection":[{"href":"https:\/\/alzira.es\/es\/wp-json\/wp\/v2\/posts"}],"about":[{"href":"https:\/\/alzira.es\/es\/wp-json\/wp\/v2\/types\/post"}],"author":[{"embeddable":true,"href":"https:\/\/alzira.es\/es\/wp-json\/wp\/v2\/users\/29"}],"replies":[{"embeddable":true,"href":"https:\/\/alzira.es\/es\/wp-json\/wp\/v2\/comments?post=54017"}],"version-history":[{"count":0,"href":"https:\/\/alzira.es\/es\/wp-json\/wp\/v2\/posts\/54017\/revisions"}],"wp:featuredmedia":[{"embeddable":true,"href":"https:\/\/alzira.es\/es\/wp-json\/wp\/v2\/media\/54013"}],"wp:attachment":[{"href":"https:\/\/alzira.es\/es\/wp-json\/wp\/v2\/media?parent=54017"}],"wp:term":[{"taxonomy":"category","embeddable":true,"href":"https:\/\/alzira.es\/es\/wp-json\/wp\/v2\/categories?post=54017"},{"taxonomy":"post_tag","embeddable":true,"href":"https:\/\/alzira.es\/es\/wp-json\/wp\/v2\/tags?post=54017"}],"curies":[{"name":"wp","href":"https:\/\/api.w.org\/{rel}","templated":true}]}}