{"id":53997,"date":"2021-03-15T15:06:48","date_gmt":"2021-03-15T14:06:48","guid":{"rendered":"https:\/\/alzira.es\/el-museu-faller-d-alzira-obri-les-seues-portes-de-manera-fisica-i-virtual-2\/"},"modified":"2021-03-15T15:06:48","modified_gmt":"2021-03-15T14:06:48","slug":"el-museu-faller-d-alzira-obri-les-seues-portes-de-manera-fisica-i-virtual-2","status":"publish","type":"post","link":"https:\/\/alzira.es\/es\/el-museu-faller-d-alzira-obri-les-seues-portes-de-manera-fisica-i-virtual-2\/","title":{"rendered":"El Museu Faller d\u2019Alzira obri les seues portes de manera f\u00edsica i virtual"},"content":{"rendered":"<p><strong>La Mancomunitat de la Ribera Alta i l&#8217;Ajuntament d&#8217;Alzira han presentat<\/strong> hui la <span style=\"text-decoration: underline;\"><span style=\"color: #b22222;\"><strong><a href=\"https:\/\/cloud.cd-eta.eu\/public\/b6597ebe09bbd\/?lang=val\" target=\"_blank\" rel=\"noopener\"><span style=\"color: #b22222; text-decoration: underline;\">visita Virtual al Museu Faller d&#8217;Alzira<\/span><\/a><\/strong><\/span><\/span>, com a continu\u00eftat del treball de digitalitzaci\u00f3 del patrimoni que realitzen de manera conjunta. Aquest tour estar\u00e0 disponible a la p\u00e0gina municipal i tamb\u00e9 a riberana.es, i permet rec\u00f2rrer aquest museu que interpreta la festa fallera amb la singularitat del m\u00f3n de la festa a Alzira.<\/p>\n<p><strong>L&#8217;acte de presentaci\u00f3<\/strong> ha estat<strong> al museu faller d&#8217;Alzira<\/strong>, a c\u00e0rrec del president de la Mancomunitat, <strong>Txema Pel\u00e1ez<\/strong> i l&#8217;alcalde d&#8217;Alzira, <strong>Diego G\u00f3mez<\/strong> i ha comptat amb l&#8217;assist\u00e8ncia de la Fallera Major Infantil d&#8217;Alzira, <strong>Claudia Dolz<\/strong>.<\/p>\n<p>L&#8217;alcalde de la ciutat, <strong>Diego G\u00f3mez<\/strong>, ha explicat que <em>\u00abEn una setmana fallera com la d&#8217;enguany, es fa m\u00e9s necessari trobar noves maneres de viure les falles, hem d&#8217;apostar per este tipus de projectes que ens permeten acostar-se al nostre patrimoni de manera virtual. Amb el desig de poder tornar prompte a viure-les des del carrer, per\u00f2 amb la responsabilitat d&#8217;apropar-se a la festa amb la responsabilitat, convidem tots els alzirenys a reviure les falles mitjan\u00e7ant el Museu Faller\u00bb<\/em><\/p>\n<p>Per la seua banda el president de la Mancomunitat, <strong>Txema Pel\u00e1ez<\/strong>, ha destacat que<em> \u00abdes de la Mancomunitat de la Ribera Alta estem apostant per un espai virtual, una finestra al patrimoni de tota la nostra comarca. La visita virtual est\u00e0 formada per 13 panor\u00e0miques composades amb 3.088 fotografies. Incorpora uns 32 punts d&#8217;informaci\u00f3 textual en 4 idiomes. La col\u00b7laboraci\u00f3 de l&#8217;Ajuntament d&#8217;Alzira i la Mancomunitat continua, gr\u00e0cies al conveni signat entre ambdues parts, i en abril presentarem el model en 3D de les Torres de la Ribera, amb la Torre dels Coloms, la Torre d&#8217;Antella i la Torre d&#8217;Alfarp. A m\u00e9s, el departament de digitalitzaci\u00f3 de Patrimoni, posat en marxa gr\u00e0cies al projecte Interreg CD-Eta, comen\u00e7arem prompte a treballar en la digitalitzaci\u00f3 del museu Casa d&#8217;Al\u00f3s\u00bb<\/em>.<\/p>\n<p>El treball ha estat realitzat des del Departament de Digitalitzaci\u00f3 de Patrimoni de la Mancomunitat de la Ribera Alta en col\u00b7laboraci\u00f3 amb la regidoria de Patrimoni Cultural de l&#8217;Ajuntament d&#8217;Alzira.<strong> Est\u00e0 disponible en 4 idiomes<\/strong> (<span style=\"text-decoration: underline;\"><strong><span style=\"color: #b22222; text-decoration: underline;\"><a href=\"https:\/\/cloud.cd-eta.eu\/public\/b6597ebe09bbd\/?lang=es\" target=\"_blank\" rel=\"noopener\"><span style=\"color: #b22222; text-decoration: underline;\">castell\u00e0<\/span><\/a><\/span><\/strong><\/span>, <span style=\"text-decoration: underline;\"><span style=\"color: #b22222; text-decoration: underline;\"><strong><a href=\"https:\/\/cloud.cd-eta.eu\/public\/b6597ebe09bbd\/?lang=val\" target=\"_blank\" rel=\"noopener\"><span style=\"color: #b22222; text-decoration: underline;\">valenci\u00e0<\/span><\/a><\/strong><\/span><\/span>, <span style=\"text-decoration: underline;\"><span style=\"color: #b22222;\"><strong><a href=\"https:\/\/cloud.cd-eta.eu\/public\/b6597ebe09bbd\/?lang=en\" target=\"_blank\" rel=\"noopener\"><span style=\"color: #b22222; text-decoration: underline;\">angl\u00e9s<\/span><\/a><\/strong><\/span><\/span> i <span style=\"text-decoration: underline;\"><span style=\"color: #b22222;\"><strong><a href=\"https:\/\/cloud.cd-eta.eu\/public\/b6597ebe09bbd\/?lang=fr\" target=\"_blank\" rel=\"noopener\"><span style=\"color: #b22222; text-decoration: underline;\">franc\u00e9s<\/span><\/a><\/strong><\/span><\/span>). Inclou diferents elements multim\u00e8dia (v\u00eddeos, fotografies, textos explicatius) realitzats per l&#8217;Ajuntament d&#8217;Alzira.<\/p>\n<p><em>\u00abPer segon any no anem a poder vibrar amb la festa que totes i tots els valencians portem dins, aix\u00ed que el Museu Faller d&#8217;Alzira \u00e9s una opci\u00f3 per a disfrutar de tota l&#8217;ess\u00e8ncia de les falles on es mostra tot el que les envolta: gastronomia, p\u00f3lvora, indument\u00e0ria, m\u00fasica, ninots. <strong>El museu estar\u00e0 obert<\/strong>, amb <strong>entrada gratu\u00efta<\/strong>, <strong>de dimarts a divendres<\/strong>, <strong>d&#8217;11 a 13 hores<\/strong>, <strong>i dimecres<\/strong> tamb\u00e9 <strong>de vesprada<\/strong>, <strong>de 17 a 20 hores<\/strong>\u00ab<\/em>, ha manifestat la regidora de Patrimoni Cultural, <strong>Isabel Aguilar<\/strong>.<\/p>\n<p style=\"text-align: center;\"><img fetchpriority=\"high\" decoding=\"async\" class=\" size-full wp-image-53990\" src=\"https:\/\/alzira.es\/wp-content\/uploads\/2021\/03\/visita_virtual_museu_faller_1.ok_.jpg\" alt=\"visita virtual museu faller 1.ok\" width=\"975\" height=\"731\" srcset=\"https:\/\/alzira.es\/wp-content\/uploads\/2021\/03\/visita_virtual_museu_faller_1.ok_.jpg 2032w, https:\/\/alzira.es\/wp-content\/uploads\/2021\/03\/visita_virtual_museu_faller_1.ok_-680x510.jpg 680w, https:\/\/alzira.es\/wp-content\/uploads\/2021\/03\/visita_virtual_museu_faller_1.ok_-1430x1072.jpg 1430w, https:\/\/alzira.es\/wp-content\/uploads\/2021\/03\/visita_virtual_museu_faller_1.ok_-768x576.jpg 768w, https:\/\/alzira.es\/wp-content\/uploads\/2021\/03\/visita_virtual_museu_faller_1.ok_-1536x1152.jpg 1536w\" sizes=\"(max-width: 706px) 89vw, (max-width: 767px) 82vw, 740px\" \/><\/p>\n<p style=\"text-align: center;\"><img decoding=\"async\" class=\"size-full wp-image-53992 lazyload\" data-src=\"https:\/\/alzira.es\/wp-content\/uploads\/2021\/03\/visita_virtual_museu_faller_2.ok_.jpg\" alt=\"visita virtual museu faller 2.ok\" width=\"738\" height=\"332\" data-srcset=\"https:\/\/alzira.es\/wp-content\/uploads\/2021\/03\/visita_virtual_museu_faller_2.ok_.jpg 2032w, https:\/\/alzira.es\/wp-content\/uploads\/2021\/03\/visita_virtual_museu_faller_2.ok_-680x306.jpg 680w, https:\/\/alzira.es\/wp-content\/uploads\/2021\/03\/visita_virtual_museu_faller_2.ok_-1430x644.jpg 1430w, https:\/\/alzira.es\/wp-content\/uploads\/2021\/03\/visita_virtual_museu_faller_2.ok_-768x346.jpg 768w, https:\/\/alzira.es\/wp-content\/uploads\/2021\/03\/visita_virtual_museu_faller_2.ok_-1536x692.jpg 1536w\" data-sizes=\"(max-width: 738px) 100vw, 738px\" src=\"data:image\/svg+xml;base64,PHN2ZyB3aWR0aD0iMSIgaGVpZ2h0PSIxIiB4bWxucz0iaHR0cDovL3d3dy53My5vcmcvMjAwMC9zdmciPjwvc3ZnPg==\" style=\"--smush-placeholder-width: 738px; --smush-placeholder-aspect-ratio: 738\/332;\" \/>&nbsp;<img decoding=\"async\" class=\"size-full wp-image-53994 lazyload\" data-src=\"https:\/\/alzira.es\/wp-content\/uploads\/2021\/03\/visita_virtual_museu_faller_3.ok_.jpg\" alt=\"visita virtual museu faller 3.ok\" width=\"503\" height=\"333\" data-srcset=\"https:\/\/alzira.es\/wp-content\/uploads\/2021\/03\/visita_virtual_museu_faller_3.ok_.jpg 1838w, https:\/\/alzira.es\/wp-content\/uploads\/2021\/03\/visita_virtual_museu_faller_3.ok_-680x451.jpg 680w, https:\/\/alzira.es\/wp-content\/uploads\/2021\/03\/visita_virtual_museu_faller_3.ok_-1430x948.jpg 1430w, https:\/\/alzira.es\/wp-content\/uploads\/2021\/03\/visita_virtual_museu_faller_3.ok_-768x509.jpg 768w, https:\/\/alzira.es\/wp-content\/uploads\/2021\/03\/visita_virtual_museu_faller_3.ok_-391x260.jpg 391w, https:\/\/alzira.es\/wp-content\/uploads\/2021\/03\/visita_virtual_museu_faller_3.ok_-1536x1018.jpg 1536w\" data-sizes=\"(max-width: 503px) 100vw, 503px\" src=\"data:image\/svg+xml;base64,PHN2ZyB3aWR0aD0iMSIgaGVpZ2h0PSIxIiB4bWxucz0iaHR0cDovL3d3dy53My5vcmcvMjAwMC9zdmciPjwvc3ZnPg==\" style=\"--smush-placeholder-width: 503px; --smush-placeholder-aspect-ratio: 503\/333;\" \/><\/p>\n","protected":false},"excerpt":{"rendered":"<p>La Mancomunitat de la Ribera Alta i l&#8217;Ajuntament d&#8217;Alzira han presentat hui la visita Virtual al Museu Faller d&#8217;Alzira, com a continu\u00eftat del treball de digitalitzaci\u00f3 del patrimoni que realitzen de manera conjunta. Aquest tour estar\u00e0 disponible a la p\u00e0gina municipal i tamb\u00e9 a riberana.es, i permet rec\u00f2rrer aquest museu que interpreta la festa fallera &hellip; <\/p>\n<p class=\"link-more\"><a href=\"https:\/\/alzira.es\/es\/el-museu-faller-d-alzira-obri-les-seues-portes-de-manera-fisica-i-virtual-2\/\" class=\"more-link\">Continuar leyendo<span class=\"screen-reader-text\"> \u00abEl Museu Faller d\u2019Alzira obri les seues portes de manera f\u00edsica i virtual\u00bb<\/span><\/a><\/p>\n","protected":false},"author":29,"featured_media":53990,"comment_status":"","ping_status":"","sticky":false,"template":"","format":"standard","meta":{"_acf_changed":false,"footnotes":""},"categories":[],"tags":[],"class_list":["post-53997","post","type-post","status-publish","format-standard","has-post-thumbnail","hentry"],"acf":[],"_links":{"self":[{"href":"https:\/\/alzira.es\/es\/wp-json\/wp\/v2\/posts\/53997","targetHints":{"allow":["GET"]}}],"collection":[{"href":"https:\/\/alzira.es\/es\/wp-json\/wp\/v2\/posts"}],"about":[{"href":"https:\/\/alzira.es\/es\/wp-json\/wp\/v2\/types\/post"}],"author":[{"embeddable":true,"href":"https:\/\/alzira.es\/es\/wp-json\/wp\/v2\/users\/29"}],"replies":[{"embeddable":true,"href":"https:\/\/alzira.es\/es\/wp-json\/wp\/v2\/comments?post=53997"}],"version-history":[{"count":0,"href":"https:\/\/alzira.es\/es\/wp-json\/wp\/v2\/posts\/53997\/revisions"}],"wp:featuredmedia":[{"embeddable":true,"href":"https:\/\/alzira.es\/es\/wp-json\/wp\/v2\/media\/53990"}],"wp:attachment":[{"href":"https:\/\/alzira.es\/es\/wp-json\/wp\/v2\/media?parent=53997"}],"wp:term":[{"taxonomy":"category","embeddable":true,"href":"https:\/\/alzira.es\/es\/wp-json\/wp\/v2\/categories?post=53997"},{"taxonomy":"post_tag","embeddable":true,"href":"https:\/\/alzira.es\/es\/wp-json\/wp\/v2\/tags?post=53997"}],"curies":[{"name":"wp","href":"https:\/\/api.w.org\/{rel}","templated":true}]}}