{"id":53996,"date":"2021-03-15T15:06:48","date_gmt":"2021-03-15T14:06:48","guid":{"rendered":"https:\/\/alzira.es\/el-museu-faller-d-alzira-obri-les-seues-portes-de-manera-fisica-i-virtual\/"},"modified":"2021-03-15T15:06:48","modified_gmt":"2021-03-15T14:06:48","slug":"el-museu-faller-d-alzira-obri-les-seues-portes-de-manera-fisica-i-virtual","status":"publish","type":"post","link":"https:\/\/alzira.es\/es\/el-museu-faller-d-alzira-obri-les-seues-portes-de-manera-fisica-i-virtual\/","title":{"rendered":"El Museo Fallero de Alzira abre sus puertas de manera f\u00edsica y virtual"},"content":{"rendered":"<p><strong>La Mancomunidad de la Ribera Alta y el Ayuntamiento de Alzira han presentado<\/strong> hoy la <span style=\"text-decoration: underline;\"><span style=\"color: #b22222;\"><strong><a href=\"https:\/\/cloud.cd-eta.eu\/public\/b6597ebe09bbd\/?lang=es\" target=\"_blank\" rel=\"noopener\"><span style=\"color: #b22222; text-decoration: underline;\">visita Virtual al Museo Fallero de Alzira<\/span><\/a><\/strong><\/span><\/span>, como continuidad del trabajo de digitalizaci\u00f3n del patrimonio que realizan de manera conjunta. Este tour estar\u00e1 disponible en la p\u00e1gina municipal y tambi\u00e9n a riberana.es, y permite recorrer este museo que interpreta la fiesta fallera con la singularidad del mundo de la fiesta en Alzira.<\/p>\n<p><strong>El acto de presentaci\u00f3n<\/strong> ha sido <strong>el museo fallero de Alzira<\/strong>, a cargo del presidente de la Mancomunidad, <strong>Txema Pel\u00e1ez<\/strong> y el alcalde de Alzira, <strong>Diego G\u00f3mez<\/strong> y ha contado con la asistencia de la Fallera Mayor Infantil de Alzira, <strong>Claudia Dolz<\/strong>.<\/p>\n<p>El alcalde de la ciudad, <strong>Diego G\u00f3mez<\/strong>, ha explicado que <em>\u00abEn una semana fallera como la de este a\u00f1o, se hace m\u00e1s necesario encontrar nuevas maneras de vivir las fallas, tenemos que apostar por este tipo de proyectos que nos permiten acercarse a nuestro patrimonio de manera virtual. Con el deseo de poder volver pronto a vivirlas desde la calle, pero con la responsabilidad de acercarse a la fiesta con la responsabilidad, invitamos todos los alcire\u00f1os a revivir las fallas mediante el Museo Fallero\u00bb<\/em><\/p>\n<p>Por su parte el presidente de la Mancomunidad, <strong>Txema Pel\u00e1ez<\/strong>, ha destacado que <em>\u00abdesde la Mancomunidad de la Ribera Alta estamos apostando por un espacio virtual, una ventana al patrimonio de toda nuestra comarca. La visita virtual est\u00e1 formada por 13 panor\u00e1micas compuestas con 3.088 fotograf\u00edas. Incorpora unos 32 puntos de informaci\u00f3n textual en 4 idiomas. La colaboraci\u00f3n del Ayuntamiento de Alzira y la Mancomunidad contin\u00faa, gracias al convenio firmado entre ambas partes, y en abril presentaremos el modelo en 3D de las Torres de la Ribera, con la Torre de las Palomas, la Torre de Antella y la Torre de Alfarp. Adem\u00e1s, el departamento de digitalizaci\u00f3n de Patrimonio, puesto en marcha gracias al proyecto Interreg CD-Eta, empezaremos pronto a trabajar en la digitalizaci\u00f3n del museo Casa de Al\u00f3s\u00bb.<\/em><\/p>\n<p>El trabajo ha sido realizado desde el Departamento de Digitalizaci\u00f3n de Patrimonio de la Mancomunidad de la Ribera Alta en colaboraci\u00f3n con la concejal\u00eda de Patrimonio Cultural del Ayuntamiento de Alzira. <strong>Est\u00e1 disponible en 4 idiomas<\/strong> (<span style=\"text-decoration: underline; color: #b22222;\"><strong><a href=\"https:\/\/cloud.cd-eta.eu\/public\/b6597ebe09bbd\/?lang=es\" target=\"_blank\" rel=\"noopener\"><span style=\"color: #b22222; text-decoration: underline;\">castellano<\/span><\/a><\/strong><\/span>, <span style=\"text-decoration: underline;\"><span style=\"color: #b22222;\"><strong><a href=\"https:\/\/cloud.cd-eta.eu\/public\/b6597ebe09bbd\/?lang=val\" target=\"_blank\" rel=\"noopener\"><span style=\"color: #b22222; text-decoration: underline;\">valenciano<\/span><\/a><\/strong><\/span><\/span>, <span style=\"text-decoration: underline;\"><span style=\"color: #b22222;\"><strong><a href=\"https:\/\/cloud.cd-eta.eu\/public\/b6597ebe09bbd\/?lang=en\" target=\"_blank\" rel=\"noopener\"><span style=\"color: #b22222; text-decoration: underline;\">ingl\u00e9s<\/span><\/a><\/strong><\/span><\/span> y <span style=\"text-decoration: underline;\"><span style=\"color: #b22222;\"><strong><a href=\"https:\/\/cloud.cd-eta.eu\/public\/b6597ebe09bbd\/?lang=fr\" target=\"_blank\" rel=\"noopener\"><span style=\"color: #b22222; text-decoration: underline;\">franc\u00e9s<\/span><\/a><\/strong><\/span><\/span>). Incluye diferentes elementos multimedia (videos, fotograf\u00edas, textos explicativos) realizados por el Ayuntamiento de Alzira.<\/p>\n<p><em>\u00abPor segundo a\u00f1o no vayamos a poder vibrar con la fiesta que todas y todos los valencianos llevamos dentro, as\u00ed que el Museo Fallero de Alzira es una opci\u00f3n para disfrutar de toda la esencia de las fallas donde se muestra todo el que las rodea: gastronom\u00eda, p\u00f3lvora, indumentaria, m\u00fasica, mu\u00f1ecos. <strong>El museo estar\u00e1 abierto<\/strong>, con <strong>entrada gratuita<\/strong>, <strong>de martes a viernes<\/strong>, <strong>de 11 a 13 horas<\/strong>,<strong> y mi\u00e9rcoles<\/strong> tambi\u00e9n <strong>por la tarde<\/strong>, <strong>de 17 a 20 horas<\/strong>\u00ab<\/em>, ha manifestado la regidora de Patrimonio Cultural,<strong> Isabel Aguilar<\/strong>.<\/p>\n<p style=\"text-align: center;\"><img fetchpriority=\"high\" decoding=\"async\" class=\" size-full wp-image-53990\" src=\"https:\/\/alzira.es\/wp-content\/uploads\/2021\/03\/visita_virtual_museu_faller_1.ok_.jpg\" alt=\"visita virtual museu faller 1.ok\" width=\"975\" height=\"731\" srcset=\"https:\/\/alzira.es\/wp-content\/uploads\/2021\/03\/visita_virtual_museu_faller_1.ok_.jpg 2032w, https:\/\/alzira.es\/wp-content\/uploads\/2021\/03\/visita_virtual_museu_faller_1.ok_-680x510.jpg 680w, https:\/\/alzira.es\/wp-content\/uploads\/2021\/03\/visita_virtual_museu_faller_1.ok_-1430x1072.jpg 1430w, https:\/\/alzira.es\/wp-content\/uploads\/2021\/03\/visita_virtual_museu_faller_1.ok_-768x576.jpg 768w, https:\/\/alzira.es\/wp-content\/uploads\/2021\/03\/visita_virtual_museu_faller_1.ok_-1536x1152.jpg 1536w\" sizes=\"(max-width: 706px) 89vw, (max-width: 767px) 82vw, 740px\" \/><\/p>\n<p style=\"text-align: center;\"><img decoding=\"async\" class=\"size-full wp-image-53992 lazyload\" data-src=\"https:\/\/alzira.es\/wp-content\/uploads\/2021\/03\/visita_virtual_museu_faller_2.ok_.jpg\" alt=\"visita virtual museu faller 2.ok\" width=\"738\" height=\"332\" data-srcset=\"https:\/\/alzira.es\/wp-content\/uploads\/2021\/03\/visita_virtual_museu_faller_2.ok_.jpg 2032w, https:\/\/alzira.es\/wp-content\/uploads\/2021\/03\/visita_virtual_museu_faller_2.ok_-680x306.jpg 680w, https:\/\/alzira.es\/wp-content\/uploads\/2021\/03\/visita_virtual_museu_faller_2.ok_-1430x644.jpg 1430w, https:\/\/alzira.es\/wp-content\/uploads\/2021\/03\/visita_virtual_museu_faller_2.ok_-768x346.jpg 768w, https:\/\/alzira.es\/wp-content\/uploads\/2021\/03\/visita_virtual_museu_faller_2.ok_-1536x692.jpg 1536w\" data-sizes=\"(max-width: 738px) 100vw, 738px\" src=\"data:image\/svg+xml;base64,PHN2ZyB3aWR0aD0iMSIgaGVpZ2h0PSIxIiB4bWxucz0iaHR0cDovL3d3dy53My5vcmcvMjAwMC9zdmciPjwvc3ZnPg==\" style=\"--smush-placeholder-width: 738px; --smush-placeholder-aspect-ratio: 738\/332;\" \/>&nbsp;<img decoding=\"async\" class=\"size-full wp-image-53994 lazyload\" data-src=\"https:\/\/alzira.es\/wp-content\/uploads\/2021\/03\/visita_virtual_museu_faller_3.ok_.jpg\" alt=\"visita virtual museu faller 3.ok\" width=\"503\" height=\"333\" data-srcset=\"https:\/\/alzira.es\/wp-content\/uploads\/2021\/03\/visita_virtual_museu_faller_3.ok_.jpg 1838w, https:\/\/alzira.es\/wp-content\/uploads\/2021\/03\/visita_virtual_museu_faller_3.ok_-680x451.jpg 680w, https:\/\/alzira.es\/wp-content\/uploads\/2021\/03\/visita_virtual_museu_faller_3.ok_-1430x948.jpg 1430w, https:\/\/alzira.es\/wp-content\/uploads\/2021\/03\/visita_virtual_museu_faller_3.ok_-768x509.jpg 768w, https:\/\/alzira.es\/wp-content\/uploads\/2021\/03\/visita_virtual_museu_faller_3.ok_-391x260.jpg 391w, https:\/\/alzira.es\/wp-content\/uploads\/2021\/03\/visita_virtual_museu_faller_3.ok_-1536x1018.jpg 1536w\" data-sizes=\"(max-width: 503px) 100vw, 503px\" src=\"data:image\/svg+xml;base64,PHN2ZyB3aWR0aD0iMSIgaGVpZ2h0PSIxIiB4bWxucz0iaHR0cDovL3d3dy53My5vcmcvMjAwMC9zdmciPjwvc3ZnPg==\" style=\"--smush-placeholder-width: 503px; --smush-placeholder-aspect-ratio: 503\/333;\" \/><\/p>\n","protected":false},"excerpt":{"rendered":"<p>La Mancomunidad de la Ribera Alta y el Ayuntamiento de Alzira han presentado hoy la visita Virtual al Museo Fallero de Alzira, como continuidad del trabajo de digitalizaci\u00f3n del patrimonio que realizan de manera conjunta. Este tour estar\u00e1 disponible en la p\u00e1gina municipal y tambi\u00e9n a riberana.es, y permite recorrer este museo que interpreta la &hellip; <\/p>\n<p class=\"link-more\"><a href=\"https:\/\/alzira.es\/es\/el-museu-faller-d-alzira-obri-les-seues-portes-de-manera-fisica-i-virtual\/\" class=\"more-link\">Continuar leyendo<span class=\"screen-reader-text\"> \u00abEl Museo Fallero de Alzira abre sus puertas de manera f\u00edsica y virtual\u00bb<\/span><\/a><\/p>\n","protected":false},"author":29,"featured_media":53990,"comment_status":"","ping_status":"","sticky":false,"template":"","format":"standard","meta":{"_acf_changed":false,"footnotes":""},"categories":[4936],"tags":[],"class_list":["post-53996","post","type-post","status-publish","format-standard","has-post-thumbnail","hentry","category-hemeroteca-es"],"acf":[],"_links":{"self":[{"href":"https:\/\/alzira.es\/es\/wp-json\/wp\/v2\/posts\/53996","targetHints":{"allow":["GET"]}}],"collection":[{"href":"https:\/\/alzira.es\/es\/wp-json\/wp\/v2\/posts"}],"about":[{"href":"https:\/\/alzira.es\/es\/wp-json\/wp\/v2\/types\/post"}],"author":[{"embeddable":true,"href":"https:\/\/alzira.es\/es\/wp-json\/wp\/v2\/users\/29"}],"replies":[{"embeddable":true,"href":"https:\/\/alzira.es\/es\/wp-json\/wp\/v2\/comments?post=53996"}],"version-history":[{"count":0,"href":"https:\/\/alzira.es\/es\/wp-json\/wp\/v2\/posts\/53996\/revisions"}],"wp:featuredmedia":[{"embeddable":true,"href":"https:\/\/alzira.es\/es\/wp-json\/wp\/v2\/media\/53990"}],"wp:attachment":[{"href":"https:\/\/alzira.es\/es\/wp-json\/wp\/v2\/media?parent=53996"}],"wp:term":[{"taxonomy":"category","embeddable":true,"href":"https:\/\/alzira.es\/es\/wp-json\/wp\/v2\/categories?post=53996"},{"taxonomy":"post_tag","embeddable":true,"href":"https:\/\/alzira.es\/es\/wp-json\/wp\/v2\/tags?post=53996"}],"curies":[{"name":"wp","href":"https:\/\/api.w.org\/{rel}","templated":true}]}}