{"id":53974,"date":"2021-03-15T10:21:59","date_gmt":"2021-03-15T09:21:59","guid":{"rendered":"https:\/\/alzira.es\/l-omic-d-alzira-commemora-el-dia-del-consumidor-2\/"},"modified":"2021-03-15T10:21:59","modified_gmt":"2021-03-15T09:21:59","slug":"l-omic-d-alzira-commemora-el-dia-del-consumidor-2","status":"publish","type":"post","link":"https:\/\/alzira.es\/es\/l-omic-d-alzira-commemora-el-dia-del-consumidor-2\/","title":{"rendered":"L\u2019OMIC d\u2019Alzira commemora el Dia del Consumidor"},"content":{"rendered":"<h3><em>\u2022 Recorda la seua <strong>nova ubicaci\u00f3<\/strong> al<strong> Mercat de la Vila<\/strong><\/em><\/h3>\n<p>Hui, <strong>15 de mar\u00e7<\/strong> \u00e9s el <strong>Dia dels drets del consumidor<\/strong> i des de l&#8217;Oficina Municipal d&#8217;Informaci\u00f3 al Consumidor de l&#8217;Ajuntament d&#8217;Alzira es vol commemorar este dia aprofitant per a recordar que el servei est\u00e0 a la disposici\u00f3 de la ciutadania per a defensar els seus drets.<\/p>\n<p><em>\u00abEl Dia Mundial dels Drets del Consumidor ha de servir per a recordar-nos la import\u00e0ncia dels nostres drets. Cal protegir els consumidors, reivindicar, recon\u00e8ixer i legitimar els seus drets. La idea de celebrar este dia \u00e9s que les persones assumisquen un rol protagonista per a defensar els seus drets i poder exigir productes de qualitat, acordes amb el que ens han venut, i si no estem conformes, cal informar-se dels drets i si correspon presentar una reclamaci\u00f3 a l&#8217;<span style=\"color: #008080;\"><strong>OMIC<\/strong><\/span>\u00ab<\/em>, ha explicat la regidora de Consum, <strong>Gemma Al\u00f3s<\/strong>.<\/p>\n<p>Cal recordar que<strong> l&#8217;Oficina Municipal d&#8217;Informaci\u00f3 al consumidor<\/strong> es troba ubicada al mercat de la Vila, a la pla\u00e7a Capella de la Sang, junt a les muralles. Els interessats en fer \u00fas del servei, han de fer-ho amb cita pr\u00e8via. Pots contactar pr\u00e8viament al correu electr\u00f2nic,<span style=\"color: #008080;\"><\/span><span style=\"text-decoration: underline;\"><span style=\"color: #008080;\"><strong><a href=\"mailto:omic@alzira.es\" target=\"_blank\" rel=\"noopener\"><span style=\"color: #008080; text-decoration: underline;\">omic@alzira.es<\/span><\/a><\/strong><\/span><\/span><span style=\"color: #008080;\"><\/span>o al tel\u00e8fon <span style=\"color: #008080;\"><strong>96 245 92 71<\/strong><\/span> o buscar informaci\u00f3 sobre els servies i procediments a la web municipal www.alzira.es &gt; serveis municipals &gt; <span style=\"text-decoration: underline;\"><span style=\"color: #008080;\"><strong><a href=\"index.php\/val\/omic\" target=\"_blank\" rel=\"noopener\"><span style=\"color: #008080; text-decoration: underline;\">OMIC<\/span><\/a><\/strong><\/span><\/span><\/p>\n<p>L&#8217;Oficina Municipal d&#8217;Informaci\u00f3 al Consumidor (OMIC) \u00e9s un <em><strong>servei gratu\u00eft<\/strong><\/em> d&#8217;informaci\u00f3 i orientaci\u00f3 a les persones consumidores que, a m\u00e9s, media en els conflictes que puguen sorgir entre persones consumidores i l&#8217;empresariat, per a intentar una soluci\u00f3 amistosa. Igualment, <em><strong>dirigix als serveis d&#8217;inspecci\u00f3 de consum i aquelles reclamacions en les que es detecten possibles infraccions en mat\u00e8ria de consum<\/strong><\/em>.<\/p>\n<p style=\"margin-left: 30px;\"><strong><span style=\"text-decoration: underline;\">Els drets b\u00e0sics dels consumidors s\u00f3n<\/span><\/strong>:<br \/>1. La protecci\u00f3 contra els riscos que puguen afectar la seua salut o seguretat.<br \/>2. La protecci\u00f3 dels seus leg\u00edtims interessos econ\u00f2mics i socials.<br \/>4. La informaci\u00f3 correcta i suficient per a l&#8217;adequat exercici dels seus drets.<br \/>5. L&#8217;educaci\u00f3 i formaci\u00f3 en mat\u00e8ria de consum.<br \/>6. La representaci\u00f3 dels seus interessos, a trav\u00e9s de les associacions, federacions o confederacions de consumidors i usuaris.<br \/>7. Disposar de procediments efica\u00e7os de protecci\u00f3 dels seus drets.<\/p>\n<p style=\"text-align: center;\"><img fetchpriority=\"high\" decoding=\"async\" width=\"501\" height=\"593\" class=\" size-full wp-image-53971\" src=\"https:\/\/alzira.es\/wp-content\/uploads\/2021\/03\/DM_DRETS_CONSUMIDOR-01.jpg\" alt=\"DM DRETS CONSUMIDOR-01\" \/><\/p>\n","protected":false},"excerpt":{"rendered":"<p>\u2022 Recorda la seua nova ubicaci\u00f3 al Mercat de la Vila Hui, 15 de mar\u00e7 \u00e9s el Dia dels drets del consumidor i des de l&#8217;Oficina Municipal d&#8217;Informaci\u00f3 al Consumidor de l&#8217;Ajuntament d&#8217;Alzira es vol commemorar este dia aprofitant per a recordar que el servei est\u00e0 a la disposici\u00f3 de la ciutadania per a defensar &hellip; <\/p>\n<p class=\"link-more\"><a href=\"https:\/\/alzira.es\/es\/l-omic-d-alzira-commemora-el-dia-del-consumidor-2\/\" class=\"more-link\">Continuar leyendo<span class=\"screen-reader-text\"> \u00abL\u2019OMIC d\u2019Alzira commemora el Dia del Consumidor\u00bb<\/span><\/a><\/p>\n","protected":false},"author":29,"featured_media":53971,"comment_status":"","ping_status":"","sticky":false,"template":"","format":"standard","meta":{"_acf_changed":false,"footnotes":""},"categories":[],"tags":[],"class_list":["post-53974","post","type-post","status-publish","format-standard","has-post-thumbnail","hentry"],"acf":[],"_links":{"self":[{"href":"https:\/\/alzira.es\/es\/wp-json\/wp\/v2\/posts\/53974","targetHints":{"allow":["GET"]}}],"collection":[{"href":"https:\/\/alzira.es\/es\/wp-json\/wp\/v2\/posts"}],"about":[{"href":"https:\/\/alzira.es\/es\/wp-json\/wp\/v2\/types\/post"}],"author":[{"embeddable":true,"href":"https:\/\/alzira.es\/es\/wp-json\/wp\/v2\/users\/29"}],"replies":[{"embeddable":true,"href":"https:\/\/alzira.es\/es\/wp-json\/wp\/v2\/comments?post=53974"}],"version-history":[{"count":0,"href":"https:\/\/alzira.es\/es\/wp-json\/wp\/v2\/posts\/53974\/revisions"}],"wp:featuredmedia":[{"embeddable":true,"href":"https:\/\/alzira.es\/es\/wp-json\/wp\/v2\/media\/53971"}],"wp:attachment":[{"href":"https:\/\/alzira.es\/es\/wp-json\/wp\/v2\/media?parent=53974"}],"wp:term":[{"taxonomy":"category","embeddable":true,"href":"https:\/\/alzira.es\/es\/wp-json\/wp\/v2\/categories?post=53974"},{"taxonomy":"post_tag","embeddable":true,"href":"https:\/\/alzira.es\/es\/wp-json\/wp\/v2\/tags?post=53974"}],"curies":[{"name":"wp","href":"https:\/\/api.w.org\/{rel}","templated":true}]}}