{"id":53973,"date":"2021-03-15T10:21:59","date_gmt":"2021-03-15T09:21:59","guid":{"rendered":"https:\/\/alzira.es\/l-omic-d-alzira-commemora-el-dia-del-consumidor\/"},"modified":"2021-03-15T10:21:59","modified_gmt":"2021-03-15T09:21:59","slug":"l-omic-d-alzira-commemora-el-dia-del-consumidor","status":"publish","type":"post","link":"https:\/\/alzira.es\/es\/l-omic-d-alzira-commemora-el-dia-del-consumidor\/","title":{"rendered":"La OMIC de Alzira conmemora el D\u00eda del Consumidor"},"content":{"rendered":"<h3><em>\u2022 Recuerda su <strong>nueva ubicaci\u00f3n<\/strong> al<strong> Mercado de la Vila<\/strong><\/em><\/h3>\n<p>Hoy, <strong>15 de marzo<\/strong> es el <strong>D\u00eda de los derechos del consumidor<\/strong> y desde la Oficina Municipal de Informaci\u00f3n al Consumidor del Ayuntamiento de Alzira se quiere conmemorar este d\u00eda aprovechando para recordar que el servicio est\u00e1 a disposici\u00f3n de la ciudadan\u00eda para defender sus derechos.<\/p>\n<p><em>\u00abEl D\u00eda Mundial de los Derechos del Consumidor tiene que servir para recordarnos la importancia de nuestros derechos. Hay que proteger los consumidores, reivindicar, reconocer y legitimar sus derechos. La idea de celebrar este d\u00eda es que las personas asuman un rol protagonista para defender sus derechos y poder exigir productos de calidad, acuerdas con el que nos han vendido, y si no estamos conformes, hay que informarse de los derechos y si corresponde presentar una reclamaci\u00f3n a la <span style=\"color: #339966;\"><strong>OMIC<\/strong><\/span>\u00ab<\/em>, ha explicado la regidora de Consumo, <strong>Gemma Al\u00f3s<\/strong>.<\/p>\n<p>Hay que recordar que la Oficina Municipal de Informaci\u00f3n al consumidor se encuentra ubicada al mercado de la Vila, en la plaza Capilla de la Sangre, junto en las murallas. Los interesados al hacer uso del servicio, tienen que hacerlo con cita previa. Puedes contactar previamente al correo electr\u00f3nico, <span style=\"text-decoration: underline;\"><span style=\"color: #339966;\"><strong><a href=\"mailto:omic@alzira.es\" target=\"_blank\" rel=\"noopener\"><span style=\"color: #339966; text-decoration: underline;\">omic@alzira.es<\/span><\/a><\/strong><\/span><\/span> o al tel\u00e9fono <strong><span style=\"color: #339966;\">96 245 92 71<\/span> <\/strong>o buscar informaci\u00f3n sobre los serv\u00edas y procedimientos en la web municipal www.alzira.es &gt; servicios municipales &gt; <span style=\"text-decoration: underline;\"><span style=\"color: #339966;\"><strong><a href=\"index.php\/es\/omic\" target=\"_blank\" rel=\"noopener\"><span style=\"color: #339966; text-decoration: underline;\">OMIC<\/span><\/a><\/strong><\/span><\/span><\/p>\n<p>La Oficina Municipal de Informaci\u00f3n al Consumidor (OMIC) es un<em><strong> servicio gratuito<\/strong> <\/em>de informaci\u00f3n y orientaci\u00f3n a las personas consumidoras que, adem\u00e1s, media en los conflictos que puedan surgir entre personas consumidoras y el empresariado, para intentar una soluci\u00f3n amistosa. Igualmente, <em><strong>dirige a los servicios de inspecci\u00f3n de consumo y aquellas reclamaciones en las que se detectan posibles infracciones en materia de consumo.<\/strong><\/em><\/p>\n<p style=\"margin-left: 30px;\"><span style=\"text-decoration: underline;\"><strong>Los derechos b\u00e1sicos de los consumidores son:<\/strong><\/span><br \/>1. La protecci\u00f3n contra los riesgos que puedan afectar su salud o seguridad.<br \/>2. La protecci\u00f3n de sus leg\u00edtimos intereses econ\u00f3micos y sociales.<br \/>4. La informaci\u00f3n correcta y suficiente para el adecuado ejercicio de sus derechos.<br \/>5. La educaci\u00f3n y formaci\u00f3n en materia de consumo.<br \/>6. La representaci\u00f3n de sus intereses, a trav\u00e9s de las asociaciones, federaciones o confederaciones de consumidores y usuarios.<br \/>7. Disponer de procedimientos eficaces de protecci\u00f3n de sus derechos.<\/p>\n<p style=\"text-align: center;\"><img fetchpriority=\"high\" decoding=\"async\" width=\"501\" height=\"593\" class=\" size-full wp-image-53971\" src=\"https:\/\/alzira.es\/wp-content\/uploads\/2021\/03\/DM_DRETS_CONSUMIDOR-01.jpg\" alt=\"DM DRETS CONSUMIDOR-01\" \/><\/p>\n","protected":false},"excerpt":{"rendered":"<p>\u2022 Recuerda su nueva ubicaci\u00f3n al Mercado de la Vila Hoy, 15 de marzo es el D\u00eda de los derechos del consumidor y desde la Oficina Municipal de Informaci\u00f3n al Consumidor del Ayuntamiento de Alzira se quiere conmemorar este d\u00eda aprovechando para recordar que el servicio est\u00e1 a disposici\u00f3n de la ciudadan\u00eda para defender sus &hellip; <\/p>\n<p class=\"link-more\"><a href=\"https:\/\/alzira.es\/es\/l-omic-d-alzira-commemora-el-dia-del-consumidor\/\" class=\"more-link\">Continuar leyendo<span class=\"screen-reader-text\"> \u00abLa OMIC de Alzira conmemora el D\u00eda del Consumidor\u00bb<\/span><\/a><\/p>\n","protected":false},"author":29,"featured_media":53971,"comment_status":"","ping_status":"","sticky":false,"template":"","format":"standard","meta":{"_acf_changed":false,"footnotes":""},"categories":[4936],"tags":[],"class_list":["post-53973","post","type-post","status-publish","format-standard","has-post-thumbnail","hentry","category-hemeroteca-es"],"acf":[],"_links":{"self":[{"href":"https:\/\/alzira.es\/es\/wp-json\/wp\/v2\/posts\/53973","targetHints":{"allow":["GET"]}}],"collection":[{"href":"https:\/\/alzira.es\/es\/wp-json\/wp\/v2\/posts"}],"about":[{"href":"https:\/\/alzira.es\/es\/wp-json\/wp\/v2\/types\/post"}],"author":[{"embeddable":true,"href":"https:\/\/alzira.es\/es\/wp-json\/wp\/v2\/users\/29"}],"replies":[{"embeddable":true,"href":"https:\/\/alzira.es\/es\/wp-json\/wp\/v2\/comments?post=53973"}],"version-history":[{"count":0,"href":"https:\/\/alzira.es\/es\/wp-json\/wp\/v2\/posts\/53973\/revisions"}],"wp:featuredmedia":[{"embeddable":true,"href":"https:\/\/alzira.es\/es\/wp-json\/wp\/v2\/media\/53971"}],"wp:attachment":[{"href":"https:\/\/alzira.es\/es\/wp-json\/wp\/v2\/media?parent=53973"}],"wp:term":[{"taxonomy":"category","embeddable":true,"href":"https:\/\/alzira.es\/es\/wp-json\/wp\/v2\/categories?post=53973"},{"taxonomy":"post_tag","embeddable":true,"href":"https:\/\/alzira.es\/es\/wp-json\/wp\/v2\/tags?post=53973"}],"curies":[{"name":"wp","href":"https:\/\/api.w.org\/{rel}","templated":true}]}}