{"id":53965,"date":"2021-03-12T14:48:28","date_gmt":"2021-03-12T13:48:28","guid":{"rendered":"https:\/\/alzira.es\/iberdrola-informa-nous-talls-de-subministrament-2\/"},"modified":"2021-03-12T14:48:28","modified_gmt":"2021-03-12T13:48:28","slug":"iberdrola-informa-nous-talls-de-subministrament-2","status":"publish","type":"post","link":"https:\/\/alzira.es\/es\/iberdrola-informa-nous-talls-de-subministrament-2\/","title":{"rendered":"Iberdrola informa nous talls de subministrament"},"content":{"rendered":"<p><strong>DILLUNS 15, DIMECRES 17 i DIJOUS 18 DE MAR\u00c7<\/strong><\/p>\n<p style=\"text-align: justify; margin-left: 120px;\"><strong><img decoding=\"async\" class=\"size-full wp-image-53950 lazyload\" style=\"--smush-placeholder-width: 150px; --smush-placeholder-aspect-ratio: 150\/150;font-size: 14.4px; text-align: center;\" data-src=\"https:\/\/alzira.es\/wp-content\/uploads\/2021\/03\/tall_subministrament_atemporal.jpg\" alt=\"tall subministrament atemporal\" width=\"150\" height=\"150\" data-srcset=\"https:\/\/alzira.es\/wp-content\/uploads\/2021\/03\/tall_subministrament_atemporal.jpg 1200w, https:\/\/alzira.es\/wp-content\/uploads\/2021\/03\/tall_subministrament_atemporal-680x680.jpg 680w, https:\/\/alzira.es\/wp-content\/uploads\/2021\/03\/tall_subministrament_atemporal-1072x1072.jpg 1072w, https:\/\/alzira.es\/wp-content\/uploads\/2021\/03\/tall_subministrament_atemporal-350x350.jpg 350w, https:\/\/alzira.es\/wp-content\/uploads\/2021\/03\/tall_subministrament_atemporal-768x768.jpg 768w, https:\/\/alzira.es\/wp-content\/uploads\/2021\/03\/tall_subministrament_atemporal-300x300.jpg 300w, https:\/\/alzira.es\/wp-content\/uploads\/2021\/03\/tall_subministrament_atemporal-100x100.jpg 100w\" data-sizes=\"(max-width: 150px) 100vw, 150px\" src=\"data:image\/svg+xml;base64,PHN2ZyB3aWR0aD0iMSIgaGVpZ2h0PSIxIiB4bWxucz0iaHR0cDovL3d3dy53My5vcmcvMjAwMC9zdmciPjwvc3ZnPg==\" \/><\/strong><\/p>\n<p>Av\u00eds tall de subministrament per raons de manteniment.<\/p>\n<p><strong>Dilluns 15 de mar\u00e7 de 8.30 a 13.30 hores<\/strong>, <strong>barris<\/strong>:<\/p>\n<p style=\"margin-left: 30px;\">&#8211; Les Bases<br \/>&#8211; Ven\u00e8cia<br \/>&#8211; Alquerieta<\/p>\n<p><strong>Dimecres 17 de mar\u00e7 de 8.30 a 13.30 hores<\/strong>, <strong>barri<\/strong>:<\/p>\n<p style=\"margin-left: 30px;\">&#8211; Centre urb\u00e0<\/p>\n<p><strong>Dijous 18 de mar\u00e7 de 8.30 a 12.30 hores<\/strong>, <strong>partides<\/strong>:<\/p>\n<p style=\"margin-left: 30px;\">&#8211; Pla de Corbera<br \/>&#8211; San Bernabeu<br \/>&#8211; Trinquete<br \/>&#8211; Vallvert<\/p>\n<p><span style=\"text-decoration: underline;\"><strong>Consulta les vivendes afectades a les seg\u00fcents imatges:<\/strong><\/span><\/p>\n<p style=\"text-align: center;\"><span style=\"text-decoration: underline;\"><strong><br \/><\/strong><\/span><a title=\"tall de subministrament\" href=\"https:\/\/alzira.es\/wp-content\/uploads\/2021\/03\/ALZIRA_15_03_2021_4121_1690072.pdf\" target=\"_blank\" rel=\"noopener\"><img fetchpriority=\"high\" decoding=\"async\" class=\" size-full wp-image-53954\" src=\"https:\/\/alzira.es\/wp-content\/uploads\/2021\/03\/ALZIRA_15_03_2021_4121_1690072.jpg\" alt=\"ALZIRA 15 03 2021 4121 1690072\" width=\"300\" height=\"389\" srcset=\"https:\/\/alzira.es\/wp-content\/uploads\/2021\/03\/ALZIRA_15_03_2021_4121_1690072.jpg 816w, https:\/\/alzira.es\/wp-content\/uploads\/2021\/03\/ALZIRA_15_03_2021_4121_1690072-680x880.jpg 680w, https:\/\/alzira.es\/wp-content\/uploads\/2021\/03\/ALZIRA_15_03_2021_4121_1690072-768x994.jpg 768w\" sizes=\"(max-width: 300px) 100vw, 300px\" \/><\/a>&nbsp;&nbsp;<strong>&nbsp;<\/strong><strong>&nbsp;&nbsp;<a style=\"font-size: 14.4px; text-align: center;\" title=\"tall de subministrament\" href=\"https:\/\/alzira.es\/wp-content\/uploads\/2021\/03\/ALZIRA_17_03_2021_4121_1696196.pdf\" target=\"_blank\" rel=\"noopener\"><img decoding=\"async\" class=\"size-full wp-image-53958 lazyload\" data-src=\"https:\/\/alzira.es\/wp-content\/uploads\/2021\/03\/ALZIRA_17_03_2021_4121_1696196.jpg\" alt=\"ALZIRA 17 03 2021 4121 1696196\" width=\"300\" height=\"389\" data-srcset=\"https:\/\/alzira.es\/wp-content\/uploads\/2021\/03\/ALZIRA_17_03_2021_4121_1696196.jpg 816w, https:\/\/alzira.es\/wp-content\/uploads\/2021\/03\/ALZIRA_17_03_2021_4121_1696196-680x880.jpg 680w, https:\/\/alzira.es\/wp-content\/uploads\/2021\/03\/ALZIRA_17_03_2021_4121_1696196-768x994.jpg 768w\" data-sizes=\"(max-width: 300px) 100vw, 300px\" src=\"data:image\/svg+xml;base64,PHN2ZyB3aWR0aD0iMSIgaGVpZ2h0PSIxIiB4bWxucz0iaHR0cDovL3d3dy53My5vcmcvMjAwMC9zdmciPjwvc3ZnPg==\" style=\"--smush-placeholder-width: 300px; --smush-placeholder-aspect-ratio: 300\/389;\" \/><\/a>&nbsp;<a style=\"font-size: 14.4px; text-align: center;\" title=\"tall de subministrament\" href=\"https:\/\/alzira.es\/wp-content\/uploads\/2021\/03\/ALZIRA_18_03_2021_4121_1690594.pdf\" target=\"_blank\" rel=\"noopener\"><img decoding=\"async\" class=\"size-full wp-image-53962 lazyload\" data-src=\"https:\/\/alzira.es\/wp-content\/uploads\/2021\/03\/ALZIRA_18_03_2021_4121_1690594_page-0001.jpg\" alt=\"ALZIRA 18 03 2021 4121 1690594 page-0001\" width=\"275\" height=\"389\" data-srcset=\"https:\/\/alzira.es\/wp-content\/uploads\/2021\/03\/ALZIRA_18_03_2021_4121_1690594_page-0001.jpg 1241w, https:\/\/alzira.es\/wp-content\/uploads\/2021\/03\/ALZIRA_18_03_2021_4121_1690594_page-0001-680x962.jpg 680w, https:\/\/alzira.es\/wp-content\/uploads\/2021\/03\/ALZIRA_18_03_2021_4121_1690594_page-0001-758x1072.jpg 758w, https:\/\/alzira.es\/wp-content\/uploads\/2021\/03\/ALZIRA_18_03_2021_4121_1690594_page-0001-768x1086.jpg 768w, https:\/\/alzira.es\/wp-content\/uploads\/2021\/03\/ALZIRA_18_03_2021_4121_1690594_page-0001-1086x1536.jpg 1086w\" data-sizes=\"(max-width: 275px) 100vw, 275px\" src=\"data:image\/svg+xml;base64,PHN2ZyB3aWR0aD0iMSIgaGVpZ2h0PSIxIiB4bWxucz0iaHR0cDovL3d3dy53My5vcmcvMjAwMC9zdmciPjwvc3ZnPg==\" style=\"--smush-placeholder-width: 275px; --smush-placeholder-aspect-ratio: 275\/389;\" \/><\/a><\/strong><\/p>\n<p>&nbsp;<\/p>\n<p>&nbsp;<\/p>\n","protected":false},"excerpt":{"rendered":"<p>DILLUNS 15, DIMECRES 17 i DIJOUS 18 DE MAR\u00c7 Av\u00eds tall de subministrament per raons de manteniment. Dilluns 15 de mar\u00e7 de 8.30 a 13.30 hores, barris: &#8211; Les Bases&#8211; Ven\u00e8cia&#8211; Alquerieta Dimecres 17 de mar\u00e7 de 8.30 a 13.30 hores, barri: &#8211; Centre urb\u00e0 Dijous 18 de mar\u00e7 de 8.30 a 12.30 hores, partides: &hellip; <\/p>\n<p class=\"link-more\"><a href=\"https:\/\/alzira.es\/es\/iberdrola-informa-nous-talls-de-subministrament-2\/\" class=\"more-link\">Continuar leyendo<span class=\"screen-reader-text\"> \u00abIberdrola informa nous talls de subministrament\u00bb<\/span><\/a><\/p>\n","protected":false},"author":29,"featured_media":53950,"comment_status":"","ping_status":"","sticky":false,"template":"","format":"standard","meta":{"_acf_changed":false,"footnotes":""},"categories":[],"tags":[],"class_list":["post-53965","post","type-post","status-publish","format-standard","has-post-thumbnail","hentry"],"acf":[],"_links":{"self":[{"href":"https:\/\/alzira.es\/es\/wp-json\/wp\/v2\/posts\/53965","targetHints":{"allow":["GET"]}}],"collection":[{"href":"https:\/\/alzira.es\/es\/wp-json\/wp\/v2\/posts"}],"about":[{"href":"https:\/\/alzira.es\/es\/wp-json\/wp\/v2\/types\/post"}],"author":[{"embeddable":true,"href":"https:\/\/alzira.es\/es\/wp-json\/wp\/v2\/users\/29"}],"replies":[{"embeddable":true,"href":"https:\/\/alzira.es\/es\/wp-json\/wp\/v2\/comments?post=53965"}],"version-history":[{"count":0,"href":"https:\/\/alzira.es\/es\/wp-json\/wp\/v2\/posts\/53965\/revisions"}],"wp:featuredmedia":[{"embeddable":true,"href":"https:\/\/alzira.es\/es\/wp-json\/wp\/v2\/media\/53950"}],"wp:attachment":[{"href":"https:\/\/alzira.es\/es\/wp-json\/wp\/v2\/media?parent=53965"}],"wp:term":[{"taxonomy":"category","embeddable":true,"href":"https:\/\/alzira.es\/es\/wp-json\/wp\/v2\/categories?post=53965"},{"taxonomy":"post_tag","embeddable":true,"href":"https:\/\/alzira.es\/es\/wp-json\/wp\/v2\/tags?post=53965"}],"curies":[{"name":"wp","href":"https:\/\/api.w.org\/{rel}","templated":true}]}}