{"id":53949,"date":"2021-03-12T14:01:54","date_gmt":"2021-03-12T13:01:54","guid":{"rendered":"https:\/\/alzira.es\/apunts-de-viatge-una-exposicio-ben-teixida-2\/"},"modified":"2021-03-12T14:01:54","modified_gmt":"2021-03-12T13:01:54","slug":"apunts-de-viatge-una-exposicio-ben-teixida-2","status":"publish","type":"post","link":"https:\/\/alzira.es\/es\/apunts-de-viatge-una-exposicio-ben-teixida-2\/","title":{"rendered":"Apunts de viatge, una exposici\u00f3 ben teixida"},"content":{"rendered":"<p><strong>La Casa de la Cultura d&#8217;Alzira inaugura dimarts 16 de mar\u00e7 <\/strong>a les 19 h, <strong>Apunts de viatge<\/strong>, de l&#8217;artista d&#8217;Ontinyent <strong>Cesc Biosca<\/strong> que podr\u00e0 ser visitada <strong>fins el 20 d&#8217;abril 2021<\/strong>.<\/p>\n<p><strong>L&#8217;exposici\u00f3<\/strong> <strong>est\u00e0 composta per una trentena d&#8217;obres que mostren diversos llocs del m\u00f3n<\/strong>, temes mitol\u00f2gics com el d&#8217;Aracne, escultures i tamb\u00e9 alguns llocs i paisatges emblem\u00e0tics d&#8217;Alzira, que encara que han estat pintats, fotografiats, filmats, cantats&#8230; no havien estat teixits a m\u00e0.<\/p>\n<p><strong>Cesc Biosca<\/strong> porta molts anys experimentant amb les possibilitats creatives que ofereixen materials com llana, cot\u00f3, fils, teles&#8230; amb els quals composa sorprenents obres tant de car\u00e0cter figuratiu com peces m\u00e9s avantguardistes i conceptuals que prenen forma de tapissos a paret, d&#8217;escultures o d&#8217;instal\u00b7lacions espectaculars pensades per a cada espai on exposa.<\/p>\n<p>El regidor de Cultura, <strong>Alfred Aranda<\/strong>, al text que introdueix el cat\u00e0leg, presenta a Cesc com<em> \u00abun artista al que li agrada jugar amb les textures, amb els materials, amb els espais&#8230; Els seus tapissos estan ben vius; s\u00f3n juganers i provocadors, per\u00f2 tamb\u00e9 divulgatius perqu\u00e8 conten hist\u00f2ries, mites i llegendes. I tamb\u00e9 s\u00f3n po\u00e8tics i misteriosos. En la seua obra, crida especialment l&#8217;atenci\u00f3 l&#8217;\u00fas intencionat de colors molt vius i potents, provocadors i tendres. Tamb\u00e9 combina peces en blanc i negre; una aposta innovadora i arriscada que no deixa indiferent\u00bb.<\/em><\/p>\n<p>L&#8217;exposici\u00f3 s&#8217;acompanya de la projecci\u00f3 Terra i patrimoni on Cesc mostra el proc\u00e9s de creaci\u00f3 dels quatre tapissos d&#8217;alt lli\u00e7 dedicats a la Torre dels coloms del monestir de la Murta, l&#8217;aq\u00fceducte, el Pont de ferro i l&#8217;Ouet, des de la col\u00b7locaci\u00f3 de l&#8217;ordit, el dibuix de l&#8217;esb\u00f3s i el procediment de teixidura.<\/p>\n<p>Amb el seu treball, Cesc, posa en valor el treball dels teixidors i aconsegueix elevar esta artesania tradicional com \u00e9s la confecci\u00f3 de tapissos a una aut\u00e8ntica disciplina art\u00edstica que li ha reportat importants reconeixements. La seua obra s&#8217;ha exposat nombroses vegades a Espanya, Fran\u00e7a, It\u00e0lia i Portugal i va representar Espanya en la triennal internacional de Pol\u00f2nia 2001.<\/p>\n<p>Paral\u00b7lelament, la Regidoria de Cultura ha organitzat una s\u00e8rie de visites, guiades pel propi autor, adre\u00e7ades a descobrir als xiquets i xiquetes d&#8217;Alzira l&#8217;ancestral treball d&#8217; estos professionals i les possibilitats creatives que ofereixen els materials t\u00e8xtils.<\/p>\n<p><strong>Horaris de visita de l&#8217;exposici\u00f3 fins el 20 d&#8217;abril<\/strong><br \/><strong>De dilluns a divendres de 18:00 a 21:30 hores<\/strong><br \/><strong>Dissabtes d&#8217;11 a 13&#8217;30 i de 18:00 a 21:00 hores<\/strong><br \/><strong>Diumenges i festius tancat&nbsp;<\/strong><\/p>\n<p style=\"text-align: center;\"><strong><img fetchpriority=\"high\" decoding=\"async\" class=\" size-full wp-image-53946\" src=\"https:\/\/alzira.es\/wp-content\/uploads\/2021\/03\/revista_primera_quinzena_marc__2021_compressed_Pagina_6_1.jpg\" alt=\"revista primera quinzena mar\u00e7  2021 compressed P\u00e1gina 6 1\" width=\"959\" height=\"470\" srcset=\"https:\/\/alzira.es\/wp-content\/uploads\/2021\/03\/revista_primera_quinzena_marc__2021_compressed_Pagina_6_1.jpg 1276w, https:\/\/alzira.es\/wp-content\/uploads\/2021\/03\/revista_primera_quinzena_marc__2021_compressed_Pagina_6_1-680x334.jpg 680w, https:\/\/alzira.es\/wp-content\/uploads\/2021\/03\/revista_primera_quinzena_marc__2021_compressed_Pagina_6_1-768x377.jpg 768w\" sizes=\"(max-width: 706px) 89vw, (max-width: 767px) 82vw, 740px\" \/><\/strong><\/p>\n","protected":false},"excerpt":{"rendered":"<p>La Casa de la Cultura d&#8217;Alzira inaugura dimarts 16 de mar\u00e7 a les 19 h, Apunts de viatge, de l&#8217;artista d&#8217;Ontinyent Cesc Biosca que podr\u00e0 ser visitada fins el 20 d&#8217;abril 2021. L&#8217;exposici\u00f3 est\u00e0 composta per una trentena d&#8217;obres que mostren diversos llocs del m\u00f3n, temes mitol\u00f2gics com el d&#8217;Aracne, escultures i tamb\u00e9 alguns llocs &hellip; <\/p>\n<p class=\"link-more\"><a href=\"https:\/\/alzira.es\/es\/apunts-de-viatge-una-exposicio-ben-teixida-2\/\" class=\"more-link\">Continuar leyendo<span class=\"screen-reader-text\"> \u00abApunts de viatge, una exposici\u00f3 ben teixida\u00bb<\/span><\/a><\/p>\n","protected":false},"author":29,"featured_media":53946,"comment_status":"","ping_status":"","sticky":false,"template":"","format":"standard","meta":{"_acf_changed":false,"footnotes":""},"categories":[],"tags":[],"class_list":["post-53949","post","type-post","status-publish","format-standard","has-post-thumbnail","hentry"],"acf":[],"_links":{"self":[{"href":"https:\/\/alzira.es\/es\/wp-json\/wp\/v2\/posts\/53949","targetHints":{"allow":["GET"]}}],"collection":[{"href":"https:\/\/alzira.es\/es\/wp-json\/wp\/v2\/posts"}],"about":[{"href":"https:\/\/alzira.es\/es\/wp-json\/wp\/v2\/types\/post"}],"author":[{"embeddable":true,"href":"https:\/\/alzira.es\/es\/wp-json\/wp\/v2\/users\/29"}],"replies":[{"embeddable":true,"href":"https:\/\/alzira.es\/es\/wp-json\/wp\/v2\/comments?post=53949"}],"version-history":[{"count":0,"href":"https:\/\/alzira.es\/es\/wp-json\/wp\/v2\/posts\/53949\/revisions"}],"wp:featuredmedia":[{"embeddable":true,"href":"https:\/\/alzira.es\/es\/wp-json\/wp\/v2\/media\/53946"}],"wp:attachment":[{"href":"https:\/\/alzira.es\/es\/wp-json\/wp\/v2\/media?parent=53949"}],"wp:term":[{"taxonomy":"category","embeddable":true,"href":"https:\/\/alzira.es\/es\/wp-json\/wp\/v2\/categories?post=53949"},{"taxonomy":"post_tag","embeddable":true,"href":"https:\/\/alzira.es\/es\/wp-json\/wp\/v2\/tags?post=53949"}],"curies":[{"name":"wp","href":"https:\/\/api.w.org\/{rel}","templated":true}]}}