{"id":53948,"date":"2021-03-12T14:01:54","date_gmt":"2021-03-12T13:01:54","guid":{"rendered":"https:\/\/alzira.es\/apunts-de-viatge-una-exposicio-ben-teixida\/"},"modified":"2021-03-12T14:01:54","modified_gmt":"2021-03-12T13:01:54","slug":"apunts-de-viatge-una-exposicio-ben-teixida","status":"publish","type":"post","link":"https:\/\/alzira.es\/es\/apunts-de-viatge-una-exposicio-ben-teixida\/","title":{"rendered":"Apuntes de viaje, una exposici\u00f3n muy tejida"},"content":{"rendered":"<p><strong>La Casa de la Cultura de Alzira inaugura martes 16 de marzo<\/strong>&nbsp;a las 19 h, <strong>Apunts de viatge<\/strong>, del artista de Ontinyent <strong>Cesc Biosca<\/strong> que podr\u00e1 ser visitada <strong>hasta el 20 de abril 2021<\/strong>.<\/p>\n<p><strong>La exposici\u00f3n est\u00e1 compuesta por una treintena de obras que muestran varios lugares del mundo<\/strong>, temas mitol\u00f3gicos como el de Aracne, esculturas y tambi\u00e9n algunos lugares y paisajes emblem\u00e1ticos de Alzira, que aunque han sido pintados, fotografiados, filmados, cantados&#8230; no hab\u00edan sido tejidos a mano.<\/p>\n<p><strong>Cesc Biosca<\/strong>&nbsp;lleva muchos a\u00f1os experimentando con las posibilidades creativas que ofrecen materiales como lana, algod\u00f3n, hilos, telas&#8230; con los cuales compone sorprendentes obras tanto de car\u00e1cter figurativo como piezas m\u00e1s vanguardistas y conceptuales que toman forma de tapices a pared, de esculturas o de instalaciones espectaculares pensadas para cada espacio donde expone.<\/p>\n<p>El regidor de Cultura, <strong>Alfred Aranda<\/strong>, en el texto que introduce el cat\u00e1logo, presenta a Cesc como <em>\u00abun artista al que le gusta jugar con las texturas, con los materiales, con los espacios&#8230; Sus tapices est\u00e1n bien vivos; son juguetones y provocadores, pero tambi\u00e9n divulgativos porque cuentan historias, mitos y leyendas. Y tambi\u00e9n son po\u00e9ticos y misteriosos. En su obra, llama especialmente la atenci\u00f3n el uso intencionado de colores muy vivos y potentes, provocadores y tiernos. Tambi\u00e9n combina piezas en blanco y negro; una apuesta innovadora y arriesgada que no deja indiferente\u00bb.<\/em><\/p>\n<p>La exposici\u00f3n se acompa\u00f1a de la proyecci\u00f3n Tierra y patrimonio donde Cesc muestra el proceso de creaci\u00f3n de los cuatro tapices dedicados en la Torre de las palomas del monasterio de la Murta, el acueducto, el Puente de hierro y el Ouet, desde la colocaci\u00f3n del urdimbre, el dibujo del esbozo y el procedimiento de textura.<\/p>\n<p>Con su trabajo, Cesc, pone en valor el trabajo de los tejedores y consigue elevar esta artesan\u00eda tradicional como es la confecci\u00f3n de tapices a una aut\u00e9ntica disciplina art\u00edstica que le ha reportado importantes reconocimientos. Su obra se ha expuesto numerosas veces en Espa\u00f1a, Francia, Italia y Portugal y represent\u00f3 Espa\u00f1a en la trienal internacional de Polonia 2001.<\/p>\n<p>Paralelamente, la Concejal\u00eda de Cultura ha organizado una serie de visitas, guiadas por el propio autor, dirigidas a descubrir a los ni\u00f1os y ni\u00f1as de Alzira el ancestral trabajo de estos profesionales y las posibilidades creativas que ofrecen los materiales textiles.<\/p>\n<p><strong>Horarios de visita de la exposici\u00f3n hasta el 20 de abril<\/strong><br \/><strong>De lunes a viernes de 18:00 a 21:30 horas<\/strong><br \/><strong>S\u00e1bado de 11 a 13&#8217;30 i de 18:00 a 21:00 horas<\/strong><br \/><strong>Domingo y festivos cerrado&nbsp;<\/strong><\/p>\n<p style=\"text-align: center;\"><strong><img fetchpriority=\"high\" decoding=\"async\" class=\" size-full wp-image-53946\" src=\"https:\/\/alzira.es\/wp-content\/uploads\/2021\/03\/revista_primera_quinzena_marc__2021_compressed_Pagina_6_1.jpg\" alt=\"revista primera quinzena mar\u00e7  2021 compressed P\u00e1gina 6 1\" width=\"959\" height=\"470\" srcset=\"https:\/\/alzira.es\/wp-content\/uploads\/2021\/03\/revista_primera_quinzena_marc__2021_compressed_Pagina_6_1.jpg 1276w, https:\/\/alzira.es\/wp-content\/uploads\/2021\/03\/revista_primera_quinzena_marc__2021_compressed_Pagina_6_1-680x334.jpg 680w, https:\/\/alzira.es\/wp-content\/uploads\/2021\/03\/revista_primera_quinzena_marc__2021_compressed_Pagina_6_1-768x377.jpg 768w\" sizes=\"(max-width: 706px) 89vw, (max-width: 767px) 82vw, 740px\" \/><\/strong><\/p>\n","protected":false},"excerpt":{"rendered":"<p>La Casa de la Cultura de Alzira inaugura martes 16 de marzo&nbsp;a las 19 h, Apunts de viatge, del artista de Ontinyent Cesc Biosca que podr\u00e1 ser visitada hasta el 20 de abril 2021. La exposici\u00f3n est\u00e1 compuesta por una treintena de obras que muestran varios lugares del mundo, temas mitol\u00f3gicos como el de Aracne, &hellip; <\/p>\n<p class=\"link-more\"><a href=\"https:\/\/alzira.es\/es\/apunts-de-viatge-una-exposicio-ben-teixida\/\" class=\"more-link\">Continuar leyendo<span class=\"screen-reader-text\"> \u00abApuntes de viaje, una exposici\u00f3n muy tejida\u00bb<\/span><\/a><\/p>\n","protected":false},"author":29,"featured_media":53946,"comment_status":"","ping_status":"","sticky":false,"template":"","format":"standard","meta":{"_acf_changed":false,"footnotes":""},"categories":[4936],"tags":[],"class_list":["post-53948","post","type-post","status-publish","format-standard","has-post-thumbnail","hentry","category-hemeroteca-es"],"acf":[],"_links":{"self":[{"href":"https:\/\/alzira.es\/es\/wp-json\/wp\/v2\/posts\/53948","targetHints":{"allow":["GET"]}}],"collection":[{"href":"https:\/\/alzira.es\/es\/wp-json\/wp\/v2\/posts"}],"about":[{"href":"https:\/\/alzira.es\/es\/wp-json\/wp\/v2\/types\/post"}],"author":[{"embeddable":true,"href":"https:\/\/alzira.es\/es\/wp-json\/wp\/v2\/users\/29"}],"replies":[{"embeddable":true,"href":"https:\/\/alzira.es\/es\/wp-json\/wp\/v2\/comments?post=53948"}],"version-history":[{"count":0,"href":"https:\/\/alzira.es\/es\/wp-json\/wp\/v2\/posts\/53948\/revisions"}],"wp:featuredmedia":[{"embeddable":true,"href":"https:\/\/alzira.es\/es\/wp-json\/wp\/v2\/media\/53946"}],"wp:attachment":[{"href":"https:\/\/alzira.es\/es\/wp-json\/wp\/v2\/media?parent=53948"}],"wp:term":[{"taxonomy":"category","embeddable":true,"href":"https:\/\/alzira.es\/es\/wp-json\/wp\/v2\/categories?post=53948"},{"taxonomy":"post_tag","embeddable":true,"href":"https:\/\/alzira.es\/es\/wp-json\/wp\/v2\/tags?post=53948"}],"curies":[{"name":"wp","href":"https:\/\/api.w.org\/{rel}","templated":true}]}}