{"id":53945,"date":"2021-03-12T12:57:25","date_gmt":"2021-03-12T11:57:25","guid":{"rendered":"https:\/\/alzira.es\/la-diputacion-subvenciona-la-mejora-del-margen-derecho-del-xuquer-en-alzira-2\/"},"modified":"2021-03-12T12:57:25","modified_gmt":"2021-03-12T11:57:25","slug":"la-diputacion-subvenciona-la-mejora-del-margen-derecho-del-xuquer-en-alzira-2","status":"publish","type":"post","link":"https:\/\/alzira.es\/es\/la-diputacion-subvenciona-la-mejora-del-margen-derecho-del-xuquer-en-alzira-2\/","title":{"rendered":"La Diputaci\u00f3 subvenciona la millora del marge dret del X\u00faquer a Alzira"},"content":{"rendered":"<ul style=\"list-style-type: circle;\">\n<li>\n<h3><em>L&#8217;\u00e0rea de Medi Ambient de la <strong>Diputaci\u00f3 de Val\u00e8ncia subvenciona el 80%<\/strong> de les obres amb una inversi\u00f3 total de <strong>34.773,44 euros<\/strong><\/em><\/h3>\n<\/li>\n<li>\n<h3><em>La vicepresidenta de la Diputaci\u00f3 i responsable de l&#8217;\u00e0rea de Medi Ambient,<strong> Maria Josep Amig\u00f3<\/strong>, destaca \u00abla reconnexi\u00f3 de la ciutadania amb el riu i el restabliment dels beneficis ambientals i socials associats al medi natural\u00bb&nbsp;<\/em><\/h3>\n<\/li>\n<\/ul>\n<p>La vicepresidenta de la Diputaci\u00f3 i responsable de l&#8217;\u00e0rea de Medi Ambient de la Diputaci\u00f3,<strong> Maria Josep Amig\u00f3<\/strong>, ha visitat les obres de millora del marge dret del <strong>riu X\u00faquer<\/strong>, incloses en el programa de restauraci\u00f3 d&#8217;espais degradats de la Diputaci\u00f3, acompanyada per l&#8217;alcalde d&#8217;Alzira, <strong>Diego G\u00f3mez<\/strong>, i el regidor de Medi Ambient, <strong>Pep Carreres<\/strong>.<\/p>\n<p>L&#8217;\u00e0rea d&#8217;actuaci\u00f3 es centra en la zona del recinte firal, on s&#8217;ha netejat i rehabilitat un tram d&#8217;aproximadament 400 metres, donant continu\u00eftat al passeig fluvial procedent del Pont de Ferro i unint-lo amb el tram ja regenerat al poliesportiu.<\/p>\n<p>Per a la vicepresidenta <strong>Amig\u00f3<\/strong>,<em> \u00abla recuperaci\u00f3 de la ribera del riu \u00e9s molt important per a la reconnexi\u00f3 de les persones amb l&#8217;entorn fluvial i per al restabliment dels serveis ambientals associats. Des d&#8217;un punt de vista estrictament social, la recuperaci\u00f3 de les riberes com a espai p\u00fablic t\u00e9 beneficis sobre la salut, l&#8217;oci, la cultura i fins i tot, els processos creatius\u00bb.<\/em><\/p>\n<p>Els treballs han consistit en l&#8217;eliminaci\u00f3 d&#8217;esp\u00e8cies invasores, principalment canyes (Arundo donax), per\u00f2 tamb\u00e9 Nicotiana glauca, Ricinus communis i Ailanthus altissima. La canya comuna \u00e9s l&#8217;esp\u00e8cie invasora principal que despla\u00e7a a la flora aut\u00f2ctona, modificant les caracter\u00edstiques hidr\u00e0uliques dels cursos fluvials. Aix\u00ed mateix, s&#8217;han restablert els accessos.<\/p>\n<p>Per a l&#8217;alcalde d&#8217;Alzira, <strong>Diego G\u00f3mez<\/strong>, <em>\u00abel riu \u00e9s una part fonamental del medi ambient local, per\u00f2 la degradaci\u00f3 a la qual s&#8217;ha vist sotm\u00e9s durant anys ha canviat la forma en qu\u00e8 les persones perceben i es relacionen amb aquest ecosistema. El riu cal viure&#8217;l i no des de dalt, sino estar al seu costat i sentir-lo a prop\u00bb<\/em><\/p>\n<p>Per la seua part, el regidor de Medi Ambient, <strong>Pep Carreres<\/strong> ha explicat que <em>\u00abamb la restauraci\u00f3 de les riberes del X\u00faquer a Alzira, volem potenciar la biodiversitat, crear i mantindre els accessos ordenats, millorar paisatg\u00edsticament l&#8217;entorn i els espais recreatius existents, connectar els trams ja rehabilitats i fomentar l&#8217;educaci\u00f3 ambiental gr\u00e0cies a la instal\u00b7laci\u00f3 de diversos panells informatius sobre l&#8217;ecologia i els serveis ambientals de la zona\u00bb.<\/em><\/p>\n<p><strong>Les obres han suposat una inversi\u00f3 de 43.466,81 euros, subvencionada al 80% per la Diputaci\u00f3 de Val\u00e8ncia<\/strong>.<\/p>\n<p style=\"text-align: center;\"><img fetchpriority=\"high\" decoding=\"async\" class=\" size-full wp-image-53938\" src=\"https:\/\/alzira.es\/wp-content\/uploads\/2021\/03\/image00010.ok_.jpg\" alt=\"image00010.ok\" width=\"647\" height=\"503\" srcset=\"https:\/\/alzira.es\/wp-content\/uploads\/2021\/03\/image00010.ok_.jpg 1565w, https:\/\/alzira.es\/wp-content\/uploads\/2021\/03\/image00010.ok_-680x530.jpg 680w, https:\/\/alzira.es\/wp-content\/uploads\/2021\/03\/image00010.ok_-1376x1072.jpg 1376w, https:\/\/alzira.es\/wp-content\/uploads\/2021\/03\/image00010.ok_-768x598.jpg 768w, https:\/\/alzira.es\/wp-content\/uploads\/2021\/03\/image00010.ok_-1536x1196.jpg 1536w\" sizes=\"(max-width: 647px) 100vw, 647px\" \/>&nbsp;<img decoding=\"async\" class=\"size-full wp-image-53940 lazyload\" data-src=\"https:\/\/alzira.es\/wp-content\/uploads\/2021\/03\/image00015.ok_.jpg\" alt=\"image00015.ok\" width=\"670\" height=\"503\" data-srcset=\"https:\/\/alzira.es\/wp-content\/uploads\/2021\/03\/image00015.ok_.jpg 2098w, https:\/\/alzira.es\/wp-content\/uploads\/2021\/03\/image00015.ok_-680x510.jpg 680w, https:\/\/alzira.es\/wp-content\/uploads\/2021\/03\/image00015.ok_-1430x1072.jpg 1430w, https:\/\/alzira.es\/wp-content\/uploads\/2021\/03\/image00015.ok_-768x576.jpg 768w, https:\/\/alzira.es\/wp-content\/uploads\/2021\/03\/image00015.ok_-1536x1152.jpg 1536w, https:\/\/alzira.es\/wp-content\/uploads\/2021\/03\/image00015.ok_-2048x1536.jpg 2048w\" data-sizes=\"(max-width: 670px) 100vw, 670px\" src=\"data:image\/svg+xml;base64,PHN2ZyB3aWR0aD0iMSIgaGVpZ2h0PSIxIiB4bWxucz0iaHR0cDovL3d3dy53My5vcmcvMjAwMC9zdmciPjwvc3ZnPg==\" style=\"--smush-placeholder-width: 670px; --smush-placeholder-aspect-ratio: 670\/503;\" \/><\/p>\n<p style=\"text-align: center;\"><img decoding=\"async\" class=\"size-full wp-image-53942 lazyload\" data-src=\"https:\/\/alzira.es\/wp-content\/uploads\/2021\/03\/image00020.ok_.jpg\" alt=\"image00020.ok\" width=\"877\" height=\"658\" data-srcset=\"https:\/\/alzira.es\/wp-content\/uploads\/2021\/03\/image00020.ok_.jpg 2032w, https:\/\/alzira.es\/wp-content\/uploads\/2021\/03\/image00020.ok_-680x510.jpg 680w, https:\/\/alzira.es\/wp-content\/uploads\/2021\/03\/image00020.ok_-1430x1072.jpg 1430w, https:\/\/alzira.es\/wp-content\/uploads\/2021\/03\/image00020.ok_-768x576.jpg 768w, https:\/\/alzira.es\/wp-content\/uploads\/2021\/03\/image00020.ok_-1536x1152.jpg 1536w\" data-sizes=\"(max-width: 706px) 89vw, (max-width: 767px) 82vw, 740px\" src=\"data:image\/svg+xml;base64,PHN2ZyB3aWR0aD0iMSIgaGVpZ2h0PSIxIiB4bWxucz0iaHR0cDovL3d3dy53My5vcmcvMjAwMC9zdmciPjwvc3ZnPg==\" style=\"--smush-placeholder-width: 877px; --smush-placeholder-aspect-ratio: 877\/658;\" \/><\/p>\n","protected":false},"excerpt":{"rendered":"<p>L&#8217;\u00e0rea de Medi Ambient de la Diputaci\u00f3 de Val\u00e8ncia subvenciona el 80% de les obres amb una inversi\u00f3 total de 34.773,44 euros La vicepresidenta de la Diputaci\u00f3 i responsable de l&#8217;\u00e0rea de Medi Ambient, Maria Josep Amig\u00f3, destaca \u00abla reconnexi\u00f3 de la ciutadania amb el riu i el restabliment dels beneficis ambientals i socials associats &hellip; <\/p>\n<p class=\"link-more\"><a href=\"https:\/\/alzira.es\/es\/la-diputacion-subvenciona-la-mejora-del-margen-derecho-del-xuquer-en-alzira-2\/\" class=\"more-link\">Continuar leyendo<span class=\"screen-reader-text\"> \u00abLa Diputaci\u00f3 subvenciona la millora del marge dret del X\u00faquer a Alzira\u00bb<\/span><\/a><\/p>\n","protected":false},"author":29,"featured_media":53938,"comment_status":"","ping_status":"","sticky":false,"template":"","format":"standard","meta":{"_acf_changed":false,"footnotes":""},"categories":[],"tags":[],"class_list":["post-53945","post","type-post","status-publish","format-standard","has-post-thumbnail","hentry"],"acf":[],"_links":{"self":[{"href":"https:\/\/alzira.es\/es\/wp-json\/wp\/v2\/posts\/53945","targetHints":{"allow":["GET"]}}],"collection":[{"href":"https:\/\/alzira.es\/es\/wp-json\/wp\/v2\/posts"}],"about":[{"href":"https:\/\/alzira.es\/es\/wp-json\/wp\/v2\/types\/post"}],"author":[{"embeddable":true,"href":"https:\/\/alzira.es\/es\/wp-json\/wp\/v2\/users\/29"}],"replies":[{"embeddable":true,"href":"https:\/\/alzira.es\/es\/wp-json\/wp\/v2\/comments?post=53945"}],"version-history":[{"count":0,"href":"https:\/\/alzira.es\/es\/wp-json\/wp\/v2\/posts\/53945\/revisions"}],"wp:featuredmedia":[{"embeddable":true,"href":"https:\/\/alzira.es\/es\/wp-json\/wp\/v2\/media\/53938"}],"wp:attachment":[{"href":"https:\/\/alzira.es\/es\/wp-json\/wp\/v2\/media?parent=53945"}],"wp:term":[{"taxonomy":"category","embeddable":true,"href":"https:\/\/alzira.es\/es\/wp-json\/wp\/v2\/categories?post=53945"},{"taxonomy":"post_tag","embeddable":true,"href":"https:\/\/alzira.es\/es\/wp-json\/wp\/v2\/tags?post=53945"}],"curies":[{"name":"wp","href":"https:\/\/api.w.org\/{rel}","templated":true}]}}