{"id":53944,"date":"2021-03-12T12:57:25","date_gmt":"2021-03-12T11:57:25","guid":{"rendered":"https:\/\/alzira.es\/la-diputacion-subvenciona-la-mejora-del-margen-derecho-del-xuquer-en-alzira\/"},"modified":"2021-03-12T12:57:25","modified_gmt":"2021-03-12T11:57:25","slug":"la-diputacion-subvenciona-la-mejora-del-margen-derecho-del-xuquer-en-alzira","status":"publish","type":"post","link":"https:\/\/alzira.es\/es\/la-diputacion-subvenciona-la-mejora-del-margen-derecho-del-xuquer-en-alzira\/","title":{"rendered":"La Diputaci\u00f3n subvenciona la mejora del margen derecho del X\u00faquer en Alzira"},"content":{"rendered":"<ul style=\"list-style-type: circle;\">\n<li>\n<h3><em>El \u00e1rea de Medio Ambiente de la Diputaci\u00f3 de Val\u00e8ncia subvenciona el<strong> 80% <\/strong>de las obras con una inversi\u00f3n total de<strong> 34.773,44 euros<\/strong><\/em><\/h3>\n<\/li>\n<li>\n<h3><em>La vicepresidenta de la Diputaci\u00f3n y responsable del \u00e1rea de Medio Ambiente, <strong>Maria Josep Amig\u00f3<\/strong>, destaca \u00abla reconexi\u00f3n de la ciudadan\u00eda con el r\u00edo y el restablecimiento de los beneficios ambientales y sociales asociados al medio natural\u00bb<\/em><\/h3>\n<\/li>\n<\/ul>\n<p>La vicepresidenta de la Diputaci\u00f3n y responsable del \u00e1rea de Medio Ambiente de la Diputaci\u00f3n,<strong> Maria Josep Amig\u00f3<\/strong>, ha visitado las obras de mejora del margen derecho del <strong>r\u00edo X\u00faquer<\/strong>, incluidas en el programa de restauraci\u00f3n de espacios degradados de la Diputaci\u00f3n, acompa\u00f1ada por el alcalde de Alzira, <strong>Diego G\u00f3mez<\/strong>, y el concejal de Medio Ambiente, <strong>Pep Carreres<\/strong>.<\/p>\n<p>El \u00e1rea de actuaci\u00f3n se centra en la zona del recinto ferial, donde se ha limpiado y rehabilitado un tramo de aproximadamente 400 metros, dando continuidad al paseo fluvial procedente del Pont de Ferro y uni\u00e9ndolo con el tramo ya regenerado en el polideportivo.<\/p>\n<p>Para la vicepresidenta<strong> Amig\u00f3<\/strong>,<em> \u00abla recuperaci\u00f3n de la ribera del r\u00edo es muy importante para la reconexi\u00f3n de las personas con el entorno fluvial y el restablecimiento de los servicios ambientales asociados. Desde un punto de vista estrictamente social, la recuperaci\u00f3n de las riberas como espacio p\u00fablico tiene beneficios sobre la salud, el ocio, la cultura e incluso los procesos creativos\u00bb.<\/em><\/p>\n<p>Los trabajos han consistido en la eliminaci\u00f3n de especies invasoras, principalmente ca\u00f1as (Arundo donax), pero tambi\u00e9n Nicotiana glauca, Ricinus communis y Ailanthus altissima. La ca\u00f1a com\u00fan es la especie invasora principal que desplaza a la flora aut\u00f3ctona, modificando las caracter\u00edsticas hidr\u00e1ulicas de los cursos fluviales. As\u00ed mismo, se han recuperado los accesos.<\/p>\n<p>Para el alcalde de Alzira, <em>\u00abel r\u00edo es una parte fundamental del medio ambiente local, pero la degradaci\u00f3n a la que se ha visto sometido durante a\u00f1os ha cambiado la forma en que las personas perciben y se relacionan con este ecosistema. El r\u00edo hay que vivirlo, y no desde arriba, sino estar a su lado y sentirlo bien cerca\u00bb<\/em><\/p>\n<p>Por su parte, el concejal de Medio Ambiente, <strong>Pep Carreres<\/strong>, ha explicado que \u00abcon la restauraci\u00f3n de las riberas del X\u00faquer en Alzira queremos potenciar la biodiversidad, crear y mantener los accesos ordenados, mejorar paisaj\u00edsticamente el entorno y los espacios recreativos existentes, conectar los tramos ya rehabilitados y fomentar la educaci\u00f3n ambiental gracias a la instalaci\u00f3n de diversos paneles informativos sobre la ecolog\u00eda y los servicios ambientales de la zona\u00bb.<\/p>\n<p><strong>Las obras han supuesto una inversi\u00f3n de 43.466,81 euros<\/strong>, <strong>subvencionada al 80% por la Diputaci\u00f3n de Val\u00e8ncia<\/strong>.<\/p>\n<p style=\"text-align: center;\"><img fetchpriority=\"high\" decoding=\"async\" class=\" size-full wp-image-53938\" src=\"https:\/\/alzira.es\/wp-content\/uploads\/2021\/03\/image00010.ok_.jpg\" alt=\"image00010.ok\" width=\"647\" height=\"503\" srcset=\"https:\/\/alzira.es\/wp-content\/uploads\/2021\/03\/image00010.ok_.jpg 1565w, https:\/\/alzira.es\/wp-content\/uploads\/2021\/03\/image00010.ok_-680x530.jpg 680w, https:\/\/alzira.es\/wp-content\/uploads\/2021\/03\/image00010.ok_-1376x1072.jpg 1376w, https:\/\/alzira.es\/wp-content\/uploads\/2021\/03\/image00010.ok_-768x598.jpg 768w, https:\/\/alzira.es\/wp-content\/uploads\/2021\/03\/image00010.ok_-1536x1196.jpg 1536w\" sizes=\"(max-width: 647px) 100vw, 647px\" \/>&nbsp;<img decoding=\"async\" class=\"size-full wp-image-53940 lazyload\" data-src=\"https:\/\/alzira.es\/wp-content\/uploads\/2021\/03\/image00015.ok_.jpg\" alt=\"image00015.ok\" width=\"670\" height=\"503\" data-srcset=\"https:\/\/alzira.es\/wp-content\/uploads\/2021\/03\/image00015.ok_.jpg 2098w, https:\/\/alzira.es\/wp-content\/uploads\/2021\/03\/image00015.ok_-680x510.jpg 680w, https:\/\/alzira.es\/wp-content\/uploads\/2021\/03\/image00015.ok_-1430x1072.jpg 1430w, https:\/\/alzira.es\/wp-content\/uploads\/2021\/03\/image00015.ok_-768x576.jpg 768w, https:\/\/alzira.es\/wp-content\/uploads\/2021\/03\/image00015.ok_-1536x1152.jpg 1536w, https:\/\/alzira.es\/wp-content\/uploads\/2021\/03\/image00015.ok_-2048x1536.jpg 2048w\" data-sizes=\"(max-width: 670px) 100vw, 670px\" src=\"data:image\/svg+xml;base64,PHN2ZyB3aWR0aD0iMSIgaGVpZ2h0PSIxIiB4bWxucz0iaHR0cDovL3d3dy53My5vcmcvMjAwMC9zdmciPjwvc3ZnPg==\" style=\"--smush-placeholder-width: 670px; --smush-placeholder-aspect-ratio: 670\/503;\" \/><\/p>\n<p style=\"text-align: center;\"><img decoding=\"async\" class=\"size-full wp-image-53942 lazyload\" data-src=\"https:\/\/alzira.es\/wp-content\/uploads\/2021\/03\/image00020.ok_.jpg\" alt=\"image00020.ok\" width=\"877\" height=\"658\" data-srcset=\"https:\/\/alzira.es\/wp-content\/uploads\/2021\/03\/image00020.ok_.jpg 2032w, https:\/\/alzira.es\/wp-content\/uploads\/2021\/03\/image00020.ok_-680x510.jpg 680w, https:\/\/alzira.es\/wp-content\/uploads\/2021\/03\/image00020.ok_-1430x1072.jpg 1430w, https:\/\/alzira.es\/wp-content\/uploads\/2021\/03\/image00020.ok_-768x576.jpg 768w, https:\/\/alzira.es\/wp-content\/uploads\/2021\/03\/image00020.ok_-1536x1152.jpg 1536w\" data-sizes=\"(max-width: 706px) 89vw, (max-width: 767px) 82vw, 740px\" src=\"data:image\/svg+xml;base64,PHN2ZyB3aWR0aD0iMSIgaGVpZ2h0PSIxIiB4bWxucz0iaHR0cDovL3d3dy53My5vcmcvMjAwMC9zdmciPjwvc3ZnPg==\" style=\"--smush-placeholder-width: 877px; --smush-placeholder-aspect-ratio: 877\/658;\" \/><\/p>\n","protected":false},"excerpt":{"rendered":"<p>El \u00e1rea de Medio Ambiente de la Diputaci\u00f3 de Val\u00e8ncia subvenciona el 80% de las obras con una inversi\u00f3n total de 34.773,44 euros La vicepresidenta de la Diputaci\u00f3n y responsable del \u00e1rea de Medio Ambiente, Maria Josep Amig\u00f3, destaca \u00abla reconexi\u00f3n de la ciudadan\u00eda con el r\u00edo y el restablecimiento de los beneficios ambientales y &hellip; <\/p>\n<p class=\"link-more\"><a href=\"https:\/\/alzira.es\/es\/la-diputacion-subvenciona-la-mejora-del-margen-derecho-del-xuquer-en-alzira\/\" class=\"more-link\">Continuar leyendo<span class=\"screen-reader-text\"> \u00abLa Diputaci\u00f3n subvenciona la mejora del margen derecho del X\u00faquer en Alzira\u00bb<\/span><\/a><\/p>\n","protected":false},"author":29,"featured_media":53938,"comment_status":"","ping_status":"","sticky":false,"template":"","format":"standard","meta":{"_acf_changed":false,"footnotes":""},"categories":[4936],"tags":[],"class_list":["post-53944","post","type-post","status-publish","format-standard","has-post-thumbnail","hentry","category-hemeroteca-es"],"acf":[],"_links":{"self":[{"href":"https:\/\/alzira.es\/es\/wp-json\/wp\/v2\/posts\/53944","targetHints":{"allow":["GET"]}}],"collection":[{"href":"https:\/\/alzira.es\/es\/wp-json\/wp\/v2\/posts"}],"about":[{"href":"https:\/\/alzira.es\/es\/wp-json\/wp\/v2\/types\/post"}],"author":[{"embeddable":true,"href":"https:\/\/alzira.es\/es\/wp-json\/wp\/v2\/users\/29"}],"replies":[{"embeddable":true,"href":"https:\/\/alzira.es\/es\/wp-json\/wp\/v2\/comments?post=53944"}],"version-history":[{"count":0,"href":"https:\/\/alzira.es\/es\/wp-json\/wp\/v2\/posts\/53944\/revisions"}],"wp:featuredmedia":[{"embeddable":true,"href":"https:\/\/alzira.es\/es\/wp-json\/wp\/v2\/media\/53938"}],"wp:attachment":[{"href":"https:\/\/alzira.es\/es\/wp-json\/wp\/v2\/media?parent=53944"}],"wp:term":[{"taxonomy":"category","embeddable":true,"href":"https:\/\/alzira.es\/es\/wp-json\/wp\/v2\/categories?post=53944"},{"taxonomy":"post_tag","embeddable":true,"href":"https:\/\/alzira.es\/es\/wp-json\/wp\/v2\/tags?post=53944"}],"curies":[{"name":"wp","href":"https:\/\/api.w.org\/{rel}","templated":true}]}}