{"id":53937,"date":"2021-03-11T15:30:00","date_gmt":"2021-03-11T14:30:00","guid":{"rendered":"https:\/\/alzira.es\/esperit-faller-2\/"},"modified":"2021-03-11T15:30:00","modified_gmt":"2021-03-11T14:30:00","slug":"esperit-faller-2","status":"publish","type":"post","link":"https:\/\/alzira.es\/es\/esperit-faller-2\/","title":{"rendered":"Alzira mant\u00e9 l\u2019esperit faller en els xiquets amb un concurs de dibuix"},"content":{"rendered":"<h3 style=\"text-align: justify;\"><em>\u2022 Les propostes presentades serviran d&#8217;inspiraci\u00f3 per a decorar la nova escultura fallera de la Casa de la Cultura<\/em><\/h3>\n<p style=\"text-align: justify;\"><strong>L&#8217;Ajuntament d&#8217;Alzira<\/strong>, des de les Regidories de Cultura i Educaci\u00f3,<strong> planteja un nou concurs de dibuix destinat als escolars alzirenys<\/strong>.<\/p>\n<p style=\"text-align: justify;\">Els participants, alumnes de 1r a 6\u00e9 de prim\u00e0ria, han de pintar o decorar amb la t\u00e8cnica pict\u00f2rica que desitgen, un dibuix facilitat pel centre educatiu o per la pr\u00f2pia Casa de la Cultura, que es correspon amb la silueta de la nova escultura fallera ubicada a la Casa de la Cultura. <strong>Els treballs s&#8217;entregaran a la Casa de la Cultura del 22 al 30 de mar\u00e7<\/strong>, i amb les obres seleccionades es far\u00e0 una exposici\u00f3 i s&#8217;atorgaran set premis.<\/p>\n<p style=\"text-align: justify;\"><strong>Alfred Aranda<\/strong>, regidor de Cultura, ha manifestat el seu agra\u00efment als centres educatius per formar part d&#8217;esta activitat que mant\u00e9 l&#8217;esperit faller, ens apropa al m\u00f3n de la festa fallera i al mateix temps fomenta la creativitat en els xiquets i les xiquetes.<\/p>\n<p style=\"text-align: justify;\">Pel que fa a la nova escultura fallera, des de la Regidoria de Cultura, s&#8217;ha adquirit la figura d&#8217;una fallera dissenyada per l&#8217;artista pl\u00e0stic alzireny, <strong>David Boluda<\/strong>. Est\u00e0 fabricada amb fibra, poliuret\u00e0, resines i modelada en 3D i t\u00e9 una al\u00e7\u00e0ria de dos metres. <em>\u00abVolem aportar el nostre granet d&#8217;arena i retre un xicotet homenatge a les nostres falles i a tots els professionals relacionats amb esta festa que, degut a la pand\u00e8mia, han patit les conseq\u00fc\u00e8ncies econ\u00f2miques que ha generat la seua cancel\u00b7laci\u00f3. Vull animar a tots a con\u00e8ixer esta original fallera que dona la benvinguda a totes les persones que visiten la Casa de la Cultura i que aglutina cultura, festa i solidaritat amb els oficis afectats per la crisis sanit\u00e0ria\u00bb<\/em>, ha explicat el regidor, <strong>Alfred Aranda<\/strong>.<\/p>\n<p style=\"text-align: justify;\">Els treballs presentats al concurs serviran d&#8217;inspiraci\u00f3 per a poder fer el disseny que ser\u00e0 pintat pel professorat de l&#8217;Escola Municipal d&#8217;Arts Pl\u00e0stiques i pel seu l&#8217;alumnat sobre l&#8217;escultura.<\/p>\n<p style=\"text-align: justify;\">A m\u00e9s, des de la Casa de la Cultura, plantegen una divertida activitat i ens conviden a proposar un nom per a esta escultura que podem trobar a l&#8217;entrada de les antigues Escoles Pies, on en els pr\u00f2xims dies es poden visitar les exposicions Per amor a l&#8217;art i Apunts de viatge.<\/p>\n<p style=\"text-align: justify;\"><strong>BASES DEL CONCURS<\/strong><\/p>\n<p style=\"text-align: justify;\">Cada participant ha de pintar el dibuix impr\u00e8s de la fallereta en DIN A4 que li facilitar\u00e0 el centre (adjuntem un PDF del dibuix perqu\u00e8 el centre fa\u00e7a les c\u00f2pies que necessite per al seu alumnat).<\/p>\n<p style=\"text-align: justify;\"><strong>PARTICIPANTS:<\/strong> alumnat de 1r a 6\u00e9 de prim\u00e0ria dels centres educatius d&#8217;Alzira i del Centre d&#8217;Educaci\u00f3 Especial Carmen Pic\u00f3.<\/p>\n<p style=\"text-align: justify;\"><strong>T\u00c8CNICA i ESTIL:<\/strong> es podr\u00e0 emprar qualsevol t\u00e8cnica pict\u00f2rica (llapis de colors, retoladors, ceres, aquarel\u00b7les, etc.) i qualsevol estil (realista, abstracte, pop&#8230;).<\/p>\n<p style=\"text-align: justify; margin-left: 30px;\">&#8211; S&#8217;admetr\u00e0 un \u00fanic dibuix per participant.<br \/>&#8211; S&#8217;atorgaran set premis, un per cada nivell educatiu, que consisteix en una figura menuda de la fallera, les pintures adients per a decorar-la i una sorpresa.<br \/>&#8211; Durant el mes d&#8217;abril es far\u00e0 una exposici\u00f3 dels dibuixos seleccionats i es lliuraran els premis el dia de la inauguraci\u00f3 (data que es comunicar\u00e0 m\u00e9s endavant).<br \/>&#8211; Al revers del dibuix ha de constar:<br \/>&#8211; Nom i cognoms del participant<br \/>&#8211; Curs<br \/>&#8211; Nom del col\u00b7legi<\/p>\n<p style=\"text-align: justify;\"><strong>Cada centre ha d&#8217;entregar els seus treballs conjuntament a la Casa de la Cultura del 22 al 30 de mar\u00e7 de 10h a 14h i de 17h a 20h<\/strong>.<\/p>\n<p style=\"text-align: center;\"><a class=\"jcepopup\" title=\"Alzira mant\u00e9 l\u2019esperit faller en els xiquets amb un concurs de dibuix\" href=\"https:\/\/alzira.es\/wp-content\/uploads\/2021\/03\/escultura_fallera_5.jpeg\" target=\"_blank\" rel=\"noopener\"><img fetchpriority=\"high\" decoding=\"async\" class=\" size-full wp-image-53928\" src=\"https:\/\/alzira.es\/wp-content\/uploads\/2021\/03\/escultura_fallera_5.jpeg\" alt=\"escultura fallera 5\" width=\"400\" height=\"533\" srcset=\"https:\/\/alzira.es\/wp-content\/uploads\/2021\/03\/escultura_fallera_5.jpeg 1512w, https:\/\/alzira.es\/wp-content\/uploads\/2021\/03\/escultura_fallera_5-680x907.jpeg 680w, https:\/\/alzira.es\/wp-content\/uploads\/2021\/03\/escultura_fallera_5-804x1072.jpeg 804w, https:\/\/alzira.es\/wp-content\/uploads\/2021\/03\/escultura_fallera_5-768x1024.jpeg 768w, https:\/\/alzira.es\/wp-content\/uploads\/2021\/03\/escultura_fallera_5-300x400.jpeg 300w, https:\/\/alzira.es\/wp-content\/uploads\/2021\/03\/escultura_fallera_5-1152x1536.jpeg 1152w\" sizes=\"(max-width: 400px) 100vw, 400px\" \/><\/a>&nbsp;<a class=\"jcepopup\" style=\"font-size: 14.4px; text-align: center;\" title=\"Alzira mant\u00e9 l\u2019esperit faller en els xiquets amb un concurs de dibuix\" type=\"image\" href=\"https:\/\/alzira.es\/wp-content\/uploads\/2021\/03\/escultura_fallera_2.jpeg\" target=\"_blank\" rel=\"noopener\"><img decoding=\"async\" class=\"size-full wp-image-53930 lazyload\" data-src=\"https:\/\/alzira.es\/wp-content\/uploads\/2021\/03\/escultura_fallera_2.jpeg\" alt=\"escultura fallera 2\" width=\"300\" height=\"533\" data-srcset=\"https:\/\/alzira.es\/wp-content\/uploads\/2021\/03\/escultura_fallera_2.jpeg 1152w, https:\/\/alzira.es\/wp-content\/uploads\/2021\/03\/escultura_fallera_2-680x1209.jpeg 680w, https:\/\/alzira.es\/wp-content\/uploads\/2021\/03\/escultura_fallera_2-603x1072.jpeg 603w, https:\/\/alzira.es\/wp-content\/uploads\/2021\/03\/escultura_fallera_2-768x1365.jpeg 768w, https:\/\/alzira.es\/wp-content\/uploads\/2021\/03\/escultura_fallera_2-864x1536.jpeg 864w\" data-sizes=\"(max-width: 300px) 100vw, 300px\" src=\"data:image\/svg+xml;base64,PHN2ZyB3aWR0aD0iMSIgaGVpZ2h0PSIxIiB4bWxucz0iaHR0cDovL3d3dy53My5vcmcvMjAwMC9zdmciPjwvc3ZnPg==\" style=\"--smush-placeholder-width: 300px; --smush-placeholder-aspect-ratio: 300\/533;\" \/><\/a>&nbsp;<a class=\"jcepopup\" style=\"font-size: 14.4px; text-align: center;\" title=\"Alzira mant\u00e9 l\u2019esperit faller en els xiquets amb un concurs de dibuix\" type=\"image\" href=\"https:\/\/alzira.es\/wp-content\/uploads\/2021\/03\/fallera_CC.1.pdf\" target=\"_blank\" rel=\"noopener\"><img decoding=\"async\" class=\"size-full wp-image-53934 lazyload\" data-src=\"https:\/\/alzira.es\/wp-content\/uploads\/2021\/03\/escultura_fallera_CC.11.jpg\" alt=\"escultura fallera CC.11\" width=\"377\" height=\"533\" src=\"data:image\/svg+xml;base64,PHN2ZyB3aWR0aD0iMSIgaGVpZ2h0PSIxIiB4bWxucz0iaHR0cDovL3d3dy53My5vcmcvMjAwMC9zdmciPjwvc3ZnPg==\" style=\"--smush-placeholder-width: 377px; --smush-placeholder-aspect-ratio: 377\/533;\" \/><\/a><\/p>\n","protected":false},"excerpt":{"rendered":"<p>\u2022 Les propostes presentades serviran d&#8217;inspiraci\u00f3 per a decorar la nova escultura fallera de la Casa de la Cultura L&#8217;Ajuntament d&#8217;Alzira, des de les Regidories de Cultura i Educaci\u00f3, planteja un nou concurs de dibuix destinat als escolars alzirenys. Els participants, alumnes de 1r a 6\u00e9 de prim\u00e0ria, han de pintar o decorar amb la &hellip; <\/p>\n<p class=\"link-more\"><a href=\"https:\/\/alzira.es\/es\/esperit-faller-2\/\" class=\"more-link\">Continuar leyendo<span class=\"screen-reader-text\"> \u00abAlzira mant\u00e9 l\u2019esperit faller en els xiquets amb un concurs de dibuix\u00bb<\/span><\/a><\/p>\n","protected":false},"author":29,"featured_media":53928,"comment_status":"","ping_status":"","sticky":false,"template":"","format":"standard","meta":{"_acf_changed":false,"footnotes":""},"categories":[],"tags":[],"class_list":["post-53937","post","type-post","status-publish","format-standard","has-post-thumbnail","hentry"],"acf":[],"_links":{"self":[{"href":"https:\/\/alzira.es\/es\/wp-json\/wp\/v2\/posts\/53937","targetHints":{"allow":["GET"]}}],"collection":[{"href":"https:\/\/alzira.es\/es\/wp-json\/wp\/v2\/posts"}],"about":[{"href":"https:\/\/alzira.es\/es\/wp-json\/wp\/v2\/types\/post"}],"author":[{"embeddable":true,"href":"https:\/\/alzira.es\/es\/wp-json\/wp\/v2\/users\/29"}],"replies":[{"embeddable":true,"href":"https:\/\/alzira.es\/es\/wp-json\/wp\/v2\/comments?post=53937"}],"version-history":[{"count":0,"href":"https:\/\/alzira.es\/es\/wp-json\/wp\/v2\/posts\/53937\/revisions"}],"wp:featuredmedia":[{"embeddable":true,"href":"https:\/\/alzira.es\/es\/wp-json\/wp\/v2\/media\/53928"}],"wp:attachment":[{"href":"https:\/\/alzira.es\/es\/wp-json\/wp\/v2\/media?parent=53937"}],"wp:term":[{"taxonomy":"category","embeddable":true,"href":"https:\/\/alzira.es\/es\/wp-json\/wp\/v2\/categories?post=53937"},{"taxonomy":"post_tag","embeddable":true,"href":"https:\/\/alzira.es\/es\/wp-json\/wp\/v2\/tags?post=53937"}],"curies":[{"name":"wp","href":"https:\/\/api.w.org\/{rel}","templated":true}]}}