{"id":53927,"date":"2021-03-11T15:57:28","date_gmt":"2021-03-11T14:57:28","guid":{"rendered":"https:\/\/alzira.es\/noves-mesures-covid19-a-partir-del-15-de-marc-2\/"},"modified":"2021-03-11T15:57:28","modified_gmt":"2021-03-11T14:57:28","slug":"noves-mesures-covid19-a-partir-del-15-de-marc-2","status":"publish","type":"post","link":"https:\/\/alzira.es\/es\/noves-mesures-covid19-a-partir-del-15-de-marc-2\/","title":{"rendered":"Noves mesures Covid19 a partir del 15 de mar\u00e7"},"content":{"rendered":"<h3><em>&#8211; El president de la Generalitat ha presidit la reuni\u00f3 de la Mesa Interdepartamental per a la <strong>Prevenci\u00f3 i Actuaci\u00f3 davant la COVID-19<\/strong> en la qual s&#8217;han abordat aquestes mesures<\/em><br \/><em>&#8211; <strong>Es mant\u00e9 la restricci\u00f3 de la mobilitat nocturna<\/strong> entre les 10 de la nit i les 6 del mat\u00ed, la <strong>limitaci\u00f3 de les reunions<\/strong> en habitatges a les persones convivents i el <strong>perimetraje auton\u00f2mic<\/strong><\/em><br \/><em>&#8211; El cap del Consell assegura que la nova <strong>vacuna Janssen<\/strong> autoritzada aquest dijous <strong>podria arribar a la Comunitat Valenciana a l&#8217;abril<\/strong><\/em><\/h3>\n<p>El president de la Generalitat,<strong> Ximo Puig<\/strong> ha anunciat la reobertura, amb un aforament m\u00e0xim del 30% i amb limitacions, del servei d&#8217;hostaleria en interiors i de les instal\u00b7lacions esportives, com a principals mesures acordades despr\u00e9s de la Mesa Interdepartamental per a la Prevenci\u00f3 i Actuaci\u00f3 davant la COVID-19.<\/p>\n<p>Aix\u00ed ho ha avan\u00e7at en roda de premsa el cap del Consell, acompanyat de la consellera de Sanitat Universal i Salut P\u00fablica, <strong>Ana Barcel\u00f3<\/strong>, en la qual ha explicat els nous acords que estaran <strong>en vigor des de<\/strong> dilluns que ve, <strong>dia 15 de mar\u00e7<\/strong>,<strong> i fins al 12 d&#8217;abril<\/strong>.<\/p>\n<p>En concret, respecte de<em><strong> l&#8217;activitat hostalera<\/strong><\/em> s&#8217;ha acordat ampliar l&#8217;aforament de les <em><strong>terrasses al 100%<\/strong><\/em> i es permet el servei a <em><strong>l&#8217;interior dels locals amb un aforament m\u00e0xim del 30%<\/strong><\/em>, mantenint els requisits actuals, \u00e9s a dir, amb un m\u00e0xim de quatre persones per taula i amb m\u00e0scares mentre no es consumeix, garantint la ventilaci\u00f3 obligat\u00f2ria en interiors, sense servei de barra, i fins a les 6 de la vesprada com a hora de tancament.<\/p>\n<p>En segon lloc, es permet la <em><strong>reobertura dels gimnasos<\/strong><\/em>,<em><strong> pavellons<\/strong><\/em>,<em><strong> piscines i instal\u00b7lacions esportives d&#8217;interior<\/strong><\/em>, amb un aforament m\u00e0xim d&#8217;un ter\u00e7; aix\u00ed com la represa de les <em><strong>activitats d&#8217;oci educatiu<\/strong><\/em>, ludotecas i centres d&#8217;oci juvenil, en grups de fins a deu persones, i amb un aforament m\u00e0xim d&#8217;un ter\u00e7.<\/p>\n<p>Quant a la tercera mesura nova, <em><strong>s&#8217;augmenta en un ter\u00e7 l&#8217;aforament per a cerim\u00f2nies nupcials<\/strong><\/em>, <em><strong>batejos<\/strong><\/em>, <em><strong>vetles o similars<\/strong><\/em>, amb un m\u00e0xim de 20 persones a l&#8217;aire lliure i de 15 persones en espais tancats.<\/p>\n<p>Aix\u00ed mateix, <strong>la resta de mesures actualment vigents es prorrogaran fins al final de la Pasqua<\/strong>, entre les quals cal destacar la restricci\u00f3 de la mobilitat nocturna entre les 10 de la nit i les 6 del mat\u00ed; la limitaci\u00f3 de les reunions en habitatges a les persones convivents, seguint el criteri del Ministeri i amb les excepcions ja previstes; i la pr\u00f2rroga del perimetraje auton\u00f2mic de la Comunitat Valenciana.<\/p>\n<p>El president ha assenyalat que les mesures han sigut adoptades per a poder<em> \u00abfacilitar el treball i l&#8217;activitat econ\u00f2mica\u00bb<\/em>, permetre <em>\u00abuna mica de vida social i al\u00e7ar l&#8217;estat an\u00edmic\u00bb<\/em>, per\u00f2 mantenint el marc de restriccions <em>\u00abm\u00e9s cautel\u00f3s d&#8217;Espanya\u00bb<\/em>, i seguint el criteri dels experts i de <em>\u00abl&#8217;experi\u00e8ncia adquirida\u00bb<\/em>.<\/p>\n<p>No obstant aix\u00f2, ha instat la poblaci\u00f3 a continuar actuant amb <em>\u00abm\u00e0xima prud\u00e8ncia\u00bb<\/em>, mantenint la dist\u00e0ncia de seguretat, ventilant els espais tancats i portant la m\u00e0scara, ja que segons ha dit<em> \u00abcada dia que passa \u00e9s un dia menys que queda per a superar la pand\u00e8mia\u00bb<\/em>.<\/p>\n<p>Finalment, ha agra\u00eft la bona disposici\u00f3 dels sectors de l&#8217;hostaleria i de l&#8217;esport, aix\u00ed com el to de di\u00e0leg i d&#8217;acord que han mantingut durant aquests dies, i ha assegurat que<em> \u00abno hi ha res que una m\u00e9s a tota la societat que la superaci\u00f3 de la pand\u00e8mia i la reactivaci\u00f3 econ\u00f2mica\u00bb.<\/em><\/p>\n<p>En la reuni\u00f3 de la comissi\u00f3 interdepartamental han participat la vicepresidenta i consellera d&#8217;Igualtat i Pol\u00edtiques Inclusives,<strong> M\u00f3nica Oltra<\/strong>; el vicepresident segon i conseller d&#8217;Habitatge i Arquitectura Bioclim\u00e0tica,<strong> Rub\u00e9n Mart\u00ednez Dalmau<\/strong>; la consellera de Just\u00edcia, Interior i Administraci\u00f3 P\u00fablica,<strong> Gabriela Bravo<\/strong>; el conseller d&#8217;Educaci\u00f3, Cultura i Esport,<strong> Vicent Marz\u00e0<\/strong>; la consellera de Sanitat Universal i Salut P\u00fablica, <strong>Ana Barcel\u00f3<\/strong>, i els consellers d&#8217;Economia Sostenible, Sectors Productius, Comer\u00e7 i Treball,<strong> Rafa Climent<\/strong>, i de Pol\u00edtica Territorial, Obres P\u00fabliques i Mobilitat, <strong>Arcadi Espa\u00f1a<\/strong>.<\/p>\n<p><strong>Desescalada segura i responsable<\/strong><\/p>\n<p>Durant la seua intervenci\u00f3, el president ha assegurat que \u00e9s necessari realitzar una <em>\u00abdesescalada responsable\u00bb<\/em> per a no<em> \u00abtornar arrere\u00bb<\/em>, per la qual cosa es continuar\u00e0 fent passos <em>\u00absegurs i prudents\u00bb<\/em>.<\/p>\n<p>En aquest sentit, ha insistit que s&#8217;han susp\u00e9s les festes de Falles, de Magdalena i de Pasqua perqu\u00e8 <em>\u00abencara no estem per a festes\u00bb<\/em>, ni per a incrementar la mobilitat, ni per a augmentar la sociabilitat en exc\u00e9s.<\/p>\n<p>El cap del Consell ha incidit en qu\u00e8 <em>\u00abcal es prudents i mantindre l&#8217;atmosfera de contenci\u00f3\u00bb<\/em>, fins a l&#8217;arribada del Pla de<strong> Vacunaci\u00f3 Massiva<\/strong>, que<strong> comen\u00e7ar\u00e0 en la Comunitat Valenciana el mes d&#8217;abril<\/strong>.<\/p>\n<p>D&#8217;altra banda, el president ha valorat l&#8217;autoritzaci\u00f3 de la vacuna Janssen, per part de l&#8217;Ag\u00e8ncia Europea del Medicament, que es converteix en la quarta vacuna disponible. A m\u00e9s, aquesta vacuna nom\u00e9s requereix una dosi i pot administrar-se sense limitaci\u00f3 d&#8217;edat, i podria arribar a la Comunitat Valenciana durant el mes d&#8217;abril.<\/p>\n<p><strong>Reducci\u00f3 del 96% de la incid\u00e8ncia<\/strong><\/p>\n<p>En el transcurs de l&#8217;acte,<strong> Ximo Puig<\/strong> ha destacat que <strong>en l&#8217;\u00faltim mes i mig s&#8217;ha aconseguit reduir la incid\u00e8ncia de la COVID-19 un 96%<\/strong>, en passar<strong> de 1.500 casos a 57<\/strong>, la major reducci\u00f3 experimentada a Espanya, per la qual cosa<strong> la Comunitat Valenciana registra actualment la meitat d&#8217;incid\u00e8ncia que la mitjana espanyola<\/strong>.<\/p>\n<p>A m\u00e9s ha assenyalat que les <strong>persones ingressades han passat de 4.700 a 700<\/strong>, i tot aix\u00f2 gr\u00e0cies a l&#8217;actuaci\u00f3 d&#8217;una ciutadania corresponsable, al sacrifici dels m\u00e9s afectats per les restriccions, i al treball admirable dels professionals sanitaris.<\/p>\n<p>Finalment, ha assegurat que al llarg d&#8217;enguany la Comunitat Valenciana ha experimentat una incid\u00e8ncia per davall de la mitjana espanyola en el 87% dels dies transcorreguts.<\/p>\n<p><span style=\"text-decoration: underline;\"><strong>RESUM MESURES:<\/strong><\/span><\/p>\n<p style=\"margin-left: 30px;\"><strong>*<\/strong> <span style=\"text-decoration: underline;\"><em>Hostaleria i restauraci\u00f3<\/em><\/span>; Terrasses al 100% i interior al 30% fins a les 6 de la vesprada i amb un m\u00e0xim de 4 persones per taula.<br \/><strong>*<\/strong> <span style=\"text-decoration: underline;\"><em>Instal\u00b7lacions esportives i piscines<\/em><\/span>: Reobertura al 30% d&#8217;aforament de gimnasos, pavellons, piscines i instal\u00b7lacions esportives d&#8217;interior.<br \/><strong>*<\/strong> <span style=\"text-decoration: underline;\"><em>Oci educatiu<\/em><\/span>: amb aforament del 30% i en grups de fins a 10 persones<br \/><strong>*<\/strong> <span style=\"text-decoration: underline;\"><em>Cerim\u00f2nies<\/em><\/span>; un ter\u00e7 de l&#8217;aforament. M\u00e0xim 20 persones en exterior i 15 en interior.<br \/><strong>*<\/strong> <span style=\"text-decoration: underline;\"><em>Espai p\u00fablic i domicilis<\/em><\/span>, quatre persones m\u00e0xim en espais p\u00fablics i domicilis nucli de convivencia.<br \/><strong>*<\/strong> <span style=\"text-decoration: underline;\"><em>Comer\u00e7<\/em><\/span>, obert fins a les 20 hores<br \/><strong>*<\/strong> <span style=\"text-decoration: underline;\"><em>Perimetraci\u00f3<\/em><\/span> del territori valenci\u00e0<br \/><strong>*<\/strong><span style=\"text-decoration: underline;\"><em> Limitacions nocturnes<\/em><\/span>, a partir de les 22 hores.<\/p>\n<p><strong>En vigor fins al 12 d&#8217;abril<\/strong><\/p>\n<p style=\"text-align: center;\"><img fetchpriority=\"high\" decoding=\"async\" width=\"1600\" height=\"900\" class=\" size-full wp-image-53925\" src=\"https:\/\/alzira.es\/wp-content\/uploads\/2021\/03\/a_partir_15032021_val.jpg\" alt=\"a partir 15032021 val\" srcset=\"https:\/\/alzira.es\/wp-content\/uploads\/2021\/03\/a_partir_15032021_val.jpg 1600w, https:\/\/alzira.es\/wp-content\/uploads\/2021\/03\/a_partir_15032021_val-680x383.jpg 680w, https:\/\/alzira.es\/wp-content\/uploads\/2021\/03\/a_partir_15032021_val-1430x804.jpg 1430w, https:\/\/alzira.es\/wp-content\/uploads\/2021\/03\/a_partir_15032021_val-768x432.jpg 768w, https:\/\/alzira.es\/wp-content\/uploads\/2021\/03\/a_partir_15032021_val-1536x864.jpg 1536w\" sizes=\"(max-width: 706px) 89vw, (max-width: 767px) 82vw, 740px\" \/><\/p>\n","protected":false},"excerpt":{"rendered":"<p>&#8211; El president de la Generalitat ha presidit la reuni\u00f3 de la Mesa Interdepartamental per a la Prevenci\u00f3 i Actuaci\u00f3 davant la COVID-19 en la qual s&#8217;han abordat aquestes mesures&#8211; Es mant\u00e9 la restricci\u00f3 de la mobilitat nocturna entre les 10 de la nit i les 6 del mat\u00ed, la limitaci\u00f3 de les reunions en &hellip; <\/p>\n<p class=\"link-more\"><a href=\"https:\/\/alzira.es\/es\/noves-mesures-covid19-a-partir-del-15-de-marc-2\/\" class=\"more-link\">Continuar leyendo<span class=\"screen-reader-text\"> \u00abNoves mesures Covid19 a partir del 15 de mar\u00e7\u00bb<\/span><\/a><\/p>\n","protected":false},"author":36,"featured_media":53925,"comment_status":"","ping_status":"","sticky":false,"template":"","format":"standard","meta":{"_acf_changed":false,"footnotes":""},"categories":[],"tags":[],"class_list":["post-53927","post","type-post","status-publish","format-standard","has-post-thumbnail","hentry"],"acf":[],"_links":{"self":[{"href":"https:\/\/alzira.es\/es\/wp-json\/wp\/v2\/posts\/53927","targetHints":{"allow":["GET"]}}],"collection":[{"href":"https:\/\/alzira.es\/es\/wp-json\/wp\/v2\/posts"}],"about":[{"href":"https:\/\/alzira.es\/es\/wp-json\/wp\/v2\/types\/post"}],"author":[{"embeddable":true,"href":"https:\/\/alzira.es\/es\/wp-json\/wp\/v2\/users\/36"}],"replies":[{"embeddable":true,"href":"https:\/\/alzira.es\/es\/wp-json\/wp\/v2\/comments?post=53927"}],"version-history":[{"count":0,"href":"https:\/\/alzira.es\/es\/wp-json\/wp\/v2\/posts\/53927\/revisions"}],"wp:featuredmedia":[{"embeddable":true,"href":"https:\/\/alzira.es\/es\/wp-json\/wp\/v2\/media\/53925"}],"wp:attachment":[{"href":"https:\/\/alzira.es\/es\/wp-json\/wp\/v2\/media?parent=53927"}],"wp:term":[{"taxonomy":"category","embeddable":true,"href":"https:\/\/alzira.es\/es\/wp-json\/wp\/v2\/categories?post=53927"},{"taxonomy":"post_tag","embeddable":true,"href":"https:\/\/alzira.es\/es\/wp-json\/wp\/v2\/tags?post=53927"}],"curies":[{"name":"wp","href":"https:\/\/api.w.org\/{rel}","templated":true}]}}