{"id":53924,"date":"2021-03-11T15:57:28","date_gmt":"2021-03-11T14:57:28","guid":{"rendered":"https:\/\/alzira.es\/noves-mesures-covid19-a-partir-del-15-de-marc\/"},"modified":"2021-03-11T15:57:28","modified_gmt":"2021-03-11T14:57:28","slug":"noves-mesures-covid19-a-partir-del-15-de-marc","status":"publish","type":"post","link":"https:\/\/alzira.es\/es\/noves-mesures-covid19-a-partir-del-15-de-marc\/","title":{"rendered":"Nuevas medidas Covid19 a partir del 15 de marzo"},"content":{"rendered":"<h3><em>&#8211; El president de la Generalitat ha presidido la reuni\u00f3n de la Mesa Interdepartamental para la <strong>Prevenci\u00f3n y Actuaci\u00f3n ante la COVID-19<\/strong> en la que se han abordado estas medidas<\/em><br \/><em>&#8211; <strong>Se mantiene la restricci\u00f3n de la movilidad nocturna<\/strong> entre las 10 de la noche y las 6 de la ma\u00f1ana, la <strong>limitaci\u00f3n de las reuniones<\/strong> en viviendas a las personas convivientes y el perimetraje auton\u00f3mico<\/em><br \/><em>&#8211; El jefe del Consell asegura que la nueva vacuna Janssen autorizada este jueves podr\u00eda llegar a la Comunitat Valenciana en abril<\/em><\/h3>\n<p>El president de la Generalitat, <strong>Ximo Puig<\/strong> ha anunciado la reapertura, con un aforo m\u00e1ximo del 30% y con limitaciones, del servicio de hosteler\u00eda en interiores y de las instalaciones deportivas, como principales medidas acordadas tras la Mesa Interdepartamental para la Prevenci\u00f3n y Actuaci\u00f3n ante la COVID-19.<\/p>\n<p>As\u00ed lo ha avanzado en rueda de prensa el jefe del Consell, acompa\u00f1ado de la consellera de Sanidad Universal y Salud P\u00fablica, <strong>Ana Barcel\u00f3<\/strong>, en la que ha explicado los nuevos acuerdos que estar\u00e1n <strong>en vigor desde<\/strong> el pr\u00f3ximo <strong>lunes<\/strong>,<strong> d\u00eda 15 de marzo<\/strong>,<strong> y hasta el 12 de abril<\/strong>.<\/p>\n<p>En concreto, respecto de la <em><strong>actividad hostelera<\/strong><\/em> se ha acordado ampliar el aforo de las <em><strong>terrazas al 100%<\/strong> <\/em>y se permite el servicio en el <em><strong>interior de los locales con un aforo m\u00e1ximo del 30%<\/strong>,<\/em> manteniendo los requisitos actuales, es decir, con un m\u00e1ximo de cuatro personas por mesa y con mascarillas mientras no se consume, garantizando la ventilaci\u00f3n obligatoria en interiores, sin servicio de barra, y hasta las 6 de la tarde como hora de cierre.<\/p>\n<p>En segundo lugar, se permite la<em><strong> reapertura de los gimnasios<\/strong><\/em>, <em><strong>pabellones<\/strong>,<strong> piscinas e instalaciones deportivas de interior<\/strong><\/em>, con un aforo m\u00e1ximo de un tercio; as\u00ed como la reanudaci\u00f3n de las <em><strong>actividades de ocio educativo<\/strong><\/em>, ludotecas y centros de ocio juvenil, en grupos de hasta diez personas, y con un aforo m\u00e1ximo de un tercio.<\/p>\n<p>En cuanto a la tercera medida novedosa, <em><strong>se aumenta en un tercio el aforo para ceremonias nupciales<\/strong><\/em>, <em><strong>bautizos<\/strong><\/em>, <em><strong>velatorios o similares<\/strong><\/em>, con un m\u00e1ximo de 20 personas al aire libre y de 15 personas en espacios cerrados.<\/p>\n<p>Asimismo, <em><strong>el resto de medidas actualmente vigentes se prorrogar\u00e1n hasta el final de la Pascua<\/strong><\/em>, entre las que cabe destacar la restricci\u00f3n de la movilidad nocturna entre las 10 de la noche y las 6 de la ma\u00f1ana; la limitaci\u00f3n de las reuniones en viviendas a las personas convivientes, siguiendo el criterio del Ministerio y con las excepciones ya previstas; y la pr\u00f3rroga del perimetraje auton\u00f3mico de la Comunitat Valenciana.<\/p>\n<p>El president ha se\u00f1alado que las medidas han sido adoptadas para poder <em>\u00abfacilitar el trabajo y la actividad econ\u00f3mica\u00bb<\/em>, permitir <em>\u00abun poco de vida social y levantar el estado an\u00edmico\u00bb<\/em>, pero manteniendo el marco de restricciones<em> \u00abm\u00e1s cauteloso de Espa\u00f1a\u00bb<\/em>, y siguiendo el criterio de los expertos y de <em>\u00abla experiencia adquirida\u00bb<\/em>.<\/p>\n<p>No obstante, ha instado a la poblaci\u00f3n a continuar actuando con<em> \u00abm\u00e1xima prudencia\u00bb<\/em>, manteniendo la distancia de seguridad, ventilando los espacios cerrados y llevando la mascarilla, ya que seg\u00fan ha dicho <em>\u00abcada d\u00eda que pasa es un d\u00eda menos que queda para superar la pandemia\u00bb.<\/em><\/p>\n<p>Por \u00faltimo, ha agradecido la buena disposici\u00f3n de los sectores de la hosteler\u00eda y del deporte, as\u00ed como el tono de di\u00e1logo y de acuerdo que han mantenido durante estos d\u00edas, y ha asegurado que <em>\u00abno hay nada que una m\u00e1s a toda la sociedad que la superaci\u00f3n de la pandemia y la reactivaci\u00f3n econ\u00f3mica\u00bb.<\/em><\/p>\n<p>En la reuni\u00f3n de la comisi\u00f3n interdepartamental han participado la vicepresidenta y consellera de Igualdad y Pol\u00edticas Inclusivas, <strong>M\u00f3nica Oltra<\/strong>; el vicepresidente segundo y conseller de Vivienda y Arquitectura Bioclim\u00e1tica, <strong>Rub\u00e9n Mart\u00ednez Dalmau<\/strong>; la consellera de Justicia, Interior y Administraci\u00f3n P\u00fablica, <strong>Gabriela Bravo<\/strong>; el conseller de Educaci\u00f3n, Cultura y Deporte,<strong> Vicent Marz\u00e0<\/strong>; la consellera de Sanidad Universal y Salud P\u00fablica, <strong>Ana Barcel\u00f3<\/strong>, y los consellers de Econom\u00eda Sostenible, Sectores Productivos, Comercio y Trabajo, <strong>Rafa Climent<\/strong>, y de Pol\u00edtica Territorial, Obras P\u00fablicas y Movilidad, <strong>Arcadi Espa\u00f1a<\/strong>.<\/p>\n<p><strong>Desescalada segura y responsable<\/strong><\/p>\n<p>Durante su intervenci\u00f3n, el president ha asegurado que es necesario realizar una <em>\u00abdesescalada responsable\u00bb<\/em> para no <em>\u00abvolver atr\u00e1s\u00bb<\/em>, por lo que se va a seguir dando pasos <em>\u00abseguros y prudentes\u00bb<\/em>.<\/p>\n<p>En este sentido, ha insistido en que se han suspendido las fiestas de Fallas, de Magdalena y de Pascua porque<em> \u00abtodav\u00eda no estamos para fiestas\u00bb<\/em>, ni para incrementar la movilidad, ni para aumentar la sociabilidad en exceso.<\/p>\n<p>El jefe del Consell ha incidido en que <em>\u00abhay que ser prudentes y mantener la atm\u00f3sfera de contenci\u00f3n\u00bb<\/em>, hasta la llegada del Plan de <strong>Vacunaci\u00f3n Masiva<\/strong>, que <strong>empezar\u00e1 en la Comunitat Valenciana el mes de abril<\/strong>.<\/p>\n<p>Por otro lado, el president ha valorado la autorizaci\u00f3n de la vacuna Janssen, por parte de la Agencia Europea del Medicamento, que se convierte en la cuarta vacuna disponible. Adem\u00e1s, esta vacuna solo requiere una dosis y puede administrarse sin limitaci\u00f3n de edad, y podr\u00eda llegar a la Comunitat Valenciana durante el mes de abril.<\/p>\n<p><strong>Reducci\u00f3n del 96% de la incidencia<\/strong><\/p>\n<p>En el transcurso del acto, <strong>Ximo Puig<\/strong> ha destacado que en <strong>el \u00faltimo mes y medio se ha logrado reducir la incidencia de la COVID-19 un 96%<\/strong>, al pasar <strong>de 1.500 casos a 57<\/strong>, la mayor reducci\u00f3n experimentada en Espa\u00f1a, por lo que <strong>la Comunitat Valenciana registra actualmente la mitad de incidencia que la media espa\u00f1ola<\/strong>.<\/p>\n<p>Adem\u00e1s ha se\u00f1alado que las <strong>personas ingresadas han pasado de 4.700 a 700<\/strong>, y todo ello gracias a la actuaci\u00f3n de una ciudadan\u00eda corresponsable, al sacrificio de los m\u00e1s afectados por las restricciones, y al trabajo admirable de los profesionales sanitarios.<\/p>\n<p>Por \u00faltimo, ha asegurado que a lo largo de este a\u00f1o la Comunitat Valenciana ha experimentado una incidencia por debajo de la media espa\u00f1ola en el 87% de los d\u00edas transcurridos.<\/p>\n<p><strong>RESUMEN MEDIDAS:<\/strong><\/p>\n<p><strong>Ximo Puig<\/strong> y la consejera de Sanidad Universal, Ana Barcel\u00f3, comparecen para informar de los acuerdos adoptados en la Mesa Interdepartamental de <strong>Prevenci\u00f3n y Actuaci\u00f3n ante la COVID-19<\/strong>:<\/p>\n<p style=\"margin-left: 30px;\">* <span style=\"text-decoration: underline;\"><em>Hosteler\u00eda y restauraci\u00f3n<\/em><\/span>; Terrazas al 100% e interior al 30% hasta las 6 de la tarde y con un m\u00e1ximo de 4 personas por mesa.<br \/>* <span style=\"text-decoration: underline;\"><em>Instalaciones deportivas y piscinas<\/em><\/span>: Reapertura al 30% de aforo de gimnasios, pabellones, piscinas e instalaciones deportivas de interior.<br \/>* <span style=\"text-decoration: underline;\"><em>Ocio educativo<\/em><\/span>: con aforo del 30% y en grupos de hasta 10 persones<br \/>* <span style=\"text-decoration: underline;\"><em>Ceremonias<\/em><\/span>; un tercio del aforo. M\u00e1ximo 20 personas en exterior y 15 en interior.<br \/>* <span style=\"text-decoration: underline;\"><em>Espacio p\u00fablico y domicilios<\/em><\/span>, cuatro personas m\u00e1ximo en espacios p\u00fablicos y domicilios n\u00facleo de convivencia.<br \/>* <span style=\"text-decoration: underline;\"><em>Comercio<\/em><\/span>, abierto hasta las 20 horas<br \/>* <span style=\"text-decoration: underline;\"><em>Perimetraci\u00f3n<\/em><\/span> del territorio valenciano<br \/>* <span style=\"text-decoration: underline;\"><em>Limitaciones nocturnas<\/em><\/span>, a partir de las 22 horas.<\/p>\n<p><strong>En vigor hasta el 12 de abril<\/strong><\/p>\n<p style=\"text-align: center;\"><img fetchpriority=\"high\" decoding=\"async\" class=\" size-full wp-image-53922\" src=\"https:\/\/alzira.es\/wp-content\/uploads\/2021\/03\/a_partir_15032021.jpg\" alt=\"a partir 15032021\" width=\"1406\" height=\"791\" srcset=\"https:\/\/alzira.es\/wp-content\/uploads\/2021\/03\/a_partir_15032021.jpg 1920w, https:\/\/alzira.es\/wp-content\/uploads\/2021\/03\/a_partir_15032021-680x383.jpg 680w, https:\/\/alzira.es\/wp-content\/uploads\/2021\/03\/a_partir_15032021-1430x804.jpg 1430w, https:\/\/alzira.es\/wp-content\/uploads\/2021\/03\/a_partir_15032021-768x432.jpg 768w, https:\/\/alzira.es\/wp-content\/uploads\/2021\/03\/a_partir_15032021-1536x864.jpg 1536w\" sizes=\"(max-width: 706px) 89vw, (max-width: 767px) 82vw, 740px\" \/><\/p>\n","protected":false},"excerpt":{"rendered":"<p>&#8211; El president de la Generalitat ha presidido la reuni\u00f3n de la Mesa Interdepartamental para la Prevenci\u00f3n y Actuaci\u00f3n ante la COVID-19 en la que se han abordado estas medidas&#8211; Se mantiene la restricci\u00f3n de la movilidad nocturna entre las 10 de la noche y las 6 de la ma\u00f1ana, la limitaci\u00f3n de las reuniones &hellip; <\/p>\n<p class=\"link-more\"><a href=\"https:\/\/alzira.es\/es\/noves-mesures-covid19-a-partir-del-15-de-marc\/\" class=\"more-link\">Continuar leyendo<span class=\"screen-reader-text\"> \u00abNuevas medidas Covid19 a partir del 15 de marzo\u00bb<\/span><\/a><\/p>\n","protected":false},"author":36,"featured_media":53922,"comment_status":"","ping_status":"","sticky":false,"template":"","format":"standard","meta":{"_acf_changed":false,"footnotes":""},"categories":[4936],"tags":[],"class_list":["post-53924","post","type-post","status-publish","format-standard","has-post-thumbnail","hentry","category-hemeroteca-es"],"acf":[],"_links":{"self":[{"href":"https:\/\/alzira.es\/es\/wp-json\/wp\/v2\/posts\/53924","targetHints":{"allow":["GET"]}}],"collection":[{"href":"https:\/\/alzira.es\/es\/wp-json\/wp\/v2\/posts"}],"about":[{"href":"https:\/\/alzira.es\/es\/wp-json\/wp\/v2\/types\/post"}],"author":[{"embeddable":true,"href":"https:\/\/alzira.es\/es\/wp-json\/wp\/v2\/users\/36"}],"replies":[{"embeddable":true,"href":"https:\/\/alzira.es\/es\/wp-json\/wp\/v2\/comments?post=53924"}],"version-history":[{"count":0,"href":"https:\/\/alzira.es\/es\/wp-json\/wp\/v2\/posts\/53924\/revisions"}],"wp:featuredmedia":[{"embeddable":true,"href":"https:\/\/alzira.es\/es\/wp-json\/wp\/v2\/media\/53922"}],"wp:attachment":[{"href":"https:\/\/alzira.es\/es\/wp-json\/wp\/v2\/media?parent=53924"}],"wp:term":[{"taxonomy":"category","embeddable":true,"href":"https:\/\/alzira.es\/es\/wp-json\/wp\/v2\/categories?post=53924"},{"taxonomy":"post_tag","embeddable":true,"href":"https:\/\/alzira.es\/es\/wp-json\/wp\/v2\/tags?post=53924"}],"curies":[{"name":"wp","href":"https:\/\/api.w.org\/{rel}","templated":true}]}}