{"id":53920,"date":"2021-03-11T13:19:59","date_gmt":"2021-03-11T12:19:59","guid":{"rendered":"https:\/\/alzira.es\/dades-covid\/"},"modified":"2021-03-11T13:19:59","modified_gmt":"2021-03-11T12:19:59","slug":"dades-covid","status":"publish","type":"post","link":"https:\/\/alzira.es\/es\/dades-covid\/","title":{"rendered":"Actualizaci\u00f3n de datos COVID"},"content":{"rendered":"<p style=\"text-align: justify;\"><strong>Alzira por bajo de los 50 casos por cada 100.000 habitantes<\/strong><\/p>\n<h3><em>&#8211; <strong>Martes empieza en Alzira la vacunaci\u00f3n<\/strong> en la comunidad educativa en la comarca<\/em><br \/><em>&#8211; El Ayuntamiento prepara junto al Departamento de Salud de la Ribera, <strong>la vacunaci\u00f3n masiva<\/strong><\/em><br \/><em>&#8211; La Generalitat anunciar\u00e1 <strong>esta tarde nuevas medidas<\/strong><\/em><\/h3>\n<p>Como cada jueves hoy ha tenido lugar la reuni\u00f3n con los representantes de los diferentes municipios que integran el Departamento de Salud de la Ribera, para conocer la actualidad de casos de *COVID y valorar las cifras aportadas por Sanidad. <strong>En los \u00faltimos 7 d\u00edas, en Alzira hemos pasado de 72 casos por cada 100.000 habitantes a 48 casos<\/strong>. En total tenemos 22 casos activos (33 a fecha 4 de marzo), en los \u00faltimos tres d\u00edas 1 caso nuevo.<\/p>\n<p>A la reuni\u00f3n, han asistido la regidora de Sanidad<strong> Gemma Al\u00f3s<\/strong>, y el alcalde de Alzira, <strong>Diego G\u00f3mez<\/strong>, quien ha explicado que <em>\u00abCelebramos estas cifras, que marcan una clara tendencia a la mejoria, por primera vez este a\u00f1o bajamos de los 50 casos por cada 100.000 habitantes. Nos encontramos en una situaci\u00f3n optimista, es el momento de cortar el contagio y minimizar al m\u00e1ximo las cifras hasta acercarse al nivel de contagio cero. Esperemos poder mantenernos en esta baja incidencia una vez asumidas las nuevas medidas. Recordamos que hay que seguir las recomendaciones del Departamento de Salud de la Ribera que insiste en la importancia de ser responsables de cara en los d\u00edas festivos de los pr\u00f3ximos d\u00edas festivos de fallas y Semana Santa\u00bb<\/em><\/p>\n<p><strong>Vacunaciones<\/strong><\/p>\n<p>Desde el Departamento de Salud de la Ribera, se ha informado que el <strong>pr\u00f3ximo d\u00eda 16 de marzo<\/strong> en horario de 15 a 21 horas y los d\u00edas 17 y 18 durante todo el d\u00eda de 8 a 21 horas,<strong> se llevar\u00e1 a cabo la vacunaci\u00f3n de los docentes y personal de servicios de los centros educativos menores de 55 a\u00f1os de todos los municipios del Departamento de Salud<\/strong>.<\/p>\n<p>El Casal Fester, situado junto a el hospital de la Ribera, es el espacio destinado a llevar a cabo las vacunaciones de cerca 6000 personas. Se trata de un espacio amplio y ventilado que contar\u00e1 con varios circuitos de vacunaci\u00f3n y entradas y salidas separadas. <em>\u00abDesde el Ayuntamiento ofrecimos este espacio a la Conseller\u00eda, y a lo largo de los \u00faltimos d\u00edas se est\u00e1 trabajando en su acondicionamiento y se\u00f1alizaci\u00f3n. Se instalar\u00e1n 10 tablas de vacunaci\u00f3n, debidamente separadas, y se citar\u00e1 55 personas cada 15 minutos\u00bb<\/em>, ha explicado la regidora de Sanidad <strong>Gemma Al\u00f3s<\/strong>.<\/p>\n<p>A partir de <strong>s\u00e1bado 13<\/strong> la conseller\u00eda de Educaci\u00f3n publicar\u00e1 en su web <span style=\"color: #b22222;\"><strong><a href=\"http:\/\/www.ceice.gva.es\/va\/\" target=\"_blank\" rel=\"noopener\"><span style=\"color: #b22222;\">www.ceice.gva.es<\/span><\/a><\/strong><\/span>, al menos 48 horas antes. Cada persona tiene que llevar el formulario facilitado por la conseller\u00eda, as\u00ed como el SIP y el DNI. Desde la conseller\u00eda se ruega ser muy riguroso en los horarios que son adjudicados para evitar aglomeraciones.<\/p>\n<p>Por protocolo una unidad de Cruz Roja dar\u00e1 asistencia para primeros auxilios y una ambulancia para traslado en el hospital en caso de que fuera necesario. Por su parte Protecci\u00f3n Civil Alzira tambi\u00e9n llevar\u00e1 a cabo el control de accesos para coordinar la entrada y salida y el cumplimiento de las medidas de seguridad.<\/p>\n<p>Por otro lado, <strong>el<\/strong> <strong>pr\u00f3ximo mes de abril<\/strong>, y probablemente hasta el mes de septiembre, <strong>empezar\u00e1 la vacunaci\u00f3n masiva para mayores de 18 a\u00f1os<\/strong>, un colectivo que supone alrededor de cerca 39.000 personas de Alzira, Corbera y Llaur\u00ed.<em> \u00abEstamos trabajando conjuntamente con el Centro de Salud, adecu\u00e1ndonos a sus necesidades para poner a disposici\u00f3n de la conseller\u00eda espacios \u00f3ptimos para llevar a cabo estas vacunaciones, muy ventilados, accesibles con entradas y salidas adecuadas y que cumplan con los protocolos de seguridad. Como siempre estamos a su disposici\u00f3n trabajando de forma muy coordinada para vacunar de la manera m\u00e1s eficiente y r\u00e1pida posible en toda la poblaci\u00f3n\u00bb<\/em>, ha explicado la regidora.<\/p>\n<p>A estas alturas contin\u00faa la vacunaci\u00f3n de personas de 89 a 80 a\u00f1os, que est\u00e1n siendo citados para acudir a la Parrilla, donde se los administra. As\u00ed mismo hay que recordar que en nuestra ciudad ya est\u00e1n vacunados los mayores de 90, grandes dependientes y usuarios de residencias. As\u00ed mismo, los sanitarios y los cuerpos de seguridad tambi\u00e9n han recibido ya la vacuna.<\/p>\n<p><strong>Nuevas medidas de la Generalitat<\/strong><\/p>\n<p>Por su parte, el presidente de la Generalitat,<strong> Ximo Puig<\/strong>, se re\u00fane hoy a las 13.30 con la Mesa Interdepartamental para la Prevenci\u00f3n y Actuaci\u00f3n ante la COVID-19.<br \/>Al acabar comparecer\u00e1 ante los medios de comunicaci\u00f3n para anunciar nuevas medidas. La comparecencia podr\u00e1 ser seguida por &#8216;streaming&#8217; a trav\u00e9s del canal de YouTube de la Generalitat y de sus cuentas de Twitter y Facebook<\/p>\n<p style=\"text-align: center;\">&nbsp;<img fetchpriority=\"high\" decoding=\"async\" class=\" size-full wp-image-53918\" src=\"https:\/\/alzira.es\/wp-content\/uploads\/2021\/03\/04032021_dades_covid_alzira.jpg\" alt=\"04032021 dades covid alzira\" width=\"1312\" height=\"984\" \/><\/p>\n","protected":false},"excerpt":{"rendered":"<p>Alzira por bajo de los 50 casos por cada 100.000 habitantes &#8211; Martes empieza en Alzira la vacunaci\u00f3n en la comunidad educativa en la comarca&#8211; El Ayuntamiento prepara junto al Departamento de Salud de la Ribera, la vacunaci\u00f3n masiva&#8211; La Generalitat anunciar\u00e1 esta tarde nuevas medidas Como cada jueves hoy ha tenido lugar la reuni\u00f3n &hellip; <\/p>\n<p class=\"link-more\"><a href=\"https:\/\/alzira.es\/es\/dades-covid\/\" class=\"more-link\">Continuar leyendo<span class=\"screen-reader-text\"> \u00abActualizaci\u00f3n de datos COVID\u00bb<\/span><\/a><\/p>\n","protected":false},"author":29,"featured_media":53918,"comment_status":"","ping_status":"","sticky":false,"template":"","format":"standard","meta":{"_acf_changed":false,"footnotes":""},"categories":[4936],"tags":[],"class_list":["post-53920","post","type-post","status-publish","format-standard","has-post-thumbnail","hentry","category-hemeroteca-es"],"acf":[],"_links":{"self":[{"href":"https:\/\/alzira.es\/es\/wp-json\/wp\/v2\/posts\/53920","targetHints":{"allow":["GET"]}}],"collection":[{"href":"https:\/\/alzira.es\/es\/wp-json\/wp\/v2\/posts"}],"about":[{"href":"https:\/\/alzira.es\/es\/wp-json\/wp\/v2\/types\/post"}],"author":[{"embeddable":true,"href":"https:\/\/alzira.es\/es\/wp-json\/wp\/v2\/users\/29"}],"replies":[{"embeddable":true,"href":"https:\/\/alzira.es\/es\/wp-json\/wp\/v2\/comments?post=53920"}],"version-history":[{"count":0,"href":"https:\/\/alzira.es\/es\/wp-json\/wp\/v2\/posts\/53920\/revisions"}],"wp:featuredmedia":[{"embeddable":true,"href":"https:\/\/alzira.es\/es\/wp-json\/wp\/v2\/media\/53918"}],"wp:attachment":[{"href":"https:\/\/alzira.es\/es\/wp-json\/wp\/v2\/media?parent=53920"}],"wp:term":[{"taxonomy":"category","embeddable":true,"href":"https:\/\/alzira.es\/es\/wp-json\/wp\/v2\/categories?post=53920"},{"taxonomy":"post_tag","embeddable":true,"href":"https:\/\/alzira.es\/es\/wp-json\/wp\/v2\/tags?post=53920"}],"curies":[{"name":"wp","href":"https:\/\/api.w.org\/{rel}","templated":true}]}}