{"id":53904,"date":"2021-03-10T15:35:52","date_gmt":"2021-03-10T14:35:52","guid":{"rendered":"https:\/\/alzira.es\/alzira-prepara-la-exposicio-per-amor-a-l-art-a-la-casa-de-la-cultura-2\/"},"modified":"2021-03-10T15:35:52","modified_gmt":"2021-03-10T14:35:52","slug":"alzira-prepara-la-exposicio-per-amor-a-l-art-a-la-casa-de-la-cultura-2","status":"publish","type":"post","link":"https:\/\/alzira.es\/es\/alzira-prepara-la-exposicio-per-amor-a-l-art-a-la-casa-de-la-cultura-2\/","title":{"rendered":"Alzira prepara la exposici\u00f3 Per Amor a L\u2019art a la casa de la Cultura"},"content":{"rendered":"<p><strong>La Casa de la Cultura d&#8217;Alzira<\/strong> ultima els preparatius de l&#8217;<strong>exposici\u00f3 Per Amor a l&#8217;Art<\/strong>, una <strong>campanya<\/strong> que va n\u00e0ixer l&#8217;any passat <strong>amb l&#8217;esperit d&#8217;ajudar als artistes fallers locals<\/strong>.<\/p>\n<p><strong>El pr\u00f2xim dilluns 15 de mar\u00e7 a les 19 hores s&#8217;inaugura<\/strong> esta mostra que es podr\u00e0 visitar<strong> fins el pr\u00f2xim 20 d&#8217;abril<\/strong>, en la qual l&#8217;Ajuntament d&#8217;Alzira ha encarregat escultures als artistes fallers locals. La Regidoria de Festes va llan\u00e7ar esta iniciativa el passat mes de gener amb l&#8217;objectiu de donar suport a estos professionals que van haver de suspendre la seua activitat despr\u00e9s de la cancel\u00b7laci\u00f3 de les Falles de 2020.<\/p>\n<p>Es tracta de recrear 6 figures art\u00edstiques que volen representar les diferents arts, cinema, teatre, dansa, literatura, arts pl\u00e0stiques i m\u00fasica, cadascuna realitzada per una empresa local dedicada a la elaboraci\u00f3 de monuments fallers.<\/p>\n<p>Segons ha explicat el regidor de Festes,<strong> Xavi P\u00e9rez<\/strong>,<em> l&#8217;assignaci\u00f3 de les obres es va fer per sorteig entre els artistes, que s\u00f3n: <strong>Bernat Estela<\/strong>,<strong> Roberto e Iv\u00e1n Parra<\/strong>, <strong>Toni P\u00e9rez<\/strong>, <strong>l&#8217;equip Planta Deu<\/strong>,<strong> Falles \u00abFerni\u00bb<\/strong> i <strong>Borja Lorente<\/strong>.<\/em> <em>Les seues obres podran vore&#8217;s a partir del 15 de mar\u00e7<\/em> i, segons ha explicat el regidor,<em> m\u00e9s endavant s&#8217;ubicaran en diferents edificis municipals<\/em>.<\/p>\n<p>El consistori ha designat <strong>1.800 euros per a cada treball<\/strong> i la intenci\u00f3, segons assegura el regidor, \u00e9s que les escultures perduren en el temps.<\/p>\n<p style=\"margin-left: 30px;\"><span style=\"text-decoration: underline;\">L&#8217;assignaci\u00f3 dels temes per a cada artista ha estat<\/span>:<br \/>&#8211; <strong>Bernat Estela<\/strong> \u2013 Dansa&nbsp; &nbsp; &nbsp; &nbsp; &nbsp; &nbsp; &#8211; <strong>Borja Lorente<\/strong> &#8211; M\u00fasica<br \/>&#8211; <strong>Germans Parra<\/strong> \u2013 Teatre&nbsp; &nbsp; &nbsp; &nbsp; &nbsp;&#8211; <strong>Toni P\u00e9rez<\/strong> &#8211; Literatura<br \/>&#8211; <strong>Planta Deu<\/strong> &#8211; Arts Pl\u00e0stiques&nbsp; &nbsp; &#8211; <strong>Falles Ferni<\/strong> \u2013 Cinema<\/p>\n<p style=\"text-align: center;\"><img fetchpriority=\"high\" decoding=\"async\" class=\" size-full wp-image-53901\" src=\"https:\/\/alzira.es\/wp-content\/uploads\/2021\/03\/per-amor-art-cartell-traz.jpg\" alt=\"per-amor-art-cartell-traz\" width=\"500\" height=\"703\" \/><\/p>\n<p>&nbsp;<\/p>\n<p>&nbsp;<\/p>\n","protected":false},"excerpt":{"rendered":"<p>La Casa de la Cultura d&#8217;Alzira ultima els preparatius de l&#8217;exposici\u00f3 Per Amor a l&#8217;Art, una campanya que va n\u00e0ixer l&#8217;any passat amb l&#8217;esperit d&#8217;ajudar als artistes fallers locals. El pr\u00f2xim dilluns 15 de mar\u00e7 a les 19 hores s&#8217;inaugura esta mostra que es podr\u00e0 visitar fins el pr\u00f2xim 20 d&#8217;abril, en la qual l&#8217;Ajuntament &hellip; <\/p>\n<p class=\"link-more\"><a href=\"https:\/\/alzira.es\/es\/alzira-prepara-la-exposicio-per-amor-a-l-art-a-la-casa-de-la-cultura-2\/\" class=\"more-link\">Continuar leyendo<span class=\"screen-reader-text\"> \u00abAlzira prepara la exposici\u00f3 Per Amor a L\u2019art a la casa de la Cultura\u00bb<\/span><\/a><\/p>\n","protected":false},"author":36,"featured_media":53901,"comment_status":"","ping_status":"","sticky":false,"template":"","format":"standard","meta":{"_acf_changed":false,"footnotes":""},"categories":[],"tags":[],"class_list":["post-53904","post","type-post","status-publish","format-standard","has-post-thumbnail","hentry"],"acf":[],"_links":{"self":[{"href":"https:\/\/alzira.es\/es\/wp-json\/wp\/v2\/posts\/53904","targetHints":{"allow":["GET"]}}],"collection":[{"href":"https:\/\/alzira.es\/es\/wp-json\/wp\/v2\/posts"}],"about":[{"href":"https:\/\/alzira.es\/es\/wp-json\/wp\/v2\/types\/post"}],"author":[{"embeddable":true,"href":"https:\/\/alzira.es\/es\/wp-json\/wp\/v2\/users\/36"}],"replies":[{"embeddable":true,"href":"https:\/\/alzira.es\/es\/wp-json\/wp\/v2\/comments?post=53904"}],"version-history":[{"count":0,"href":"https:\/\/alzira.es\/es\/wp-json\/wp\/v2\/posts\/53904\/revisions"}],"wp:featuredmedia":[{"embeddable":true,"href":"https:\/\/alzira.es\/es\/wp-json\/wp\/v2\/media\/53901"}],"wp:attachment":[{"href":"https:\/\/alzira.es\/es\/wp-json\/wp\/v2\/media?parent=53904"}],"wp:term":[{"taxonomy":"category","embeddable":true,"href":"https:\/\/alzira.es\/es\/wp-json\/wp\/v2\/categories?post=53904"},{"taxonomy":"post_tag","embeddable":true,"href":"https:\/\/alzira.es\/es\/wp-json\/wp\/v2\/tags?post=53904"}],"curies":[{"name":"wp","href":"https:\/\/api.w.org\/{rel}","templated":true}]}}