{"id":53903,"date":"2021-03-10T15:35:52","date_gmt":"2021-03-10T14:35:52","guid":{"rendered":"https:\/\/alzira.es\/alzira-prepara-la-exposicio-per-amor-a-l-art-a-la-casa-de-la-cultura\/"},"modified":"2021-03-10T15:35:52","modified_gmt":"2021-03-10T14:35:52","slug":"alzira-prepara-la-exposicio-per-amor-a-l-art-a-la-casa-de-la-cultura","status":"publish","type":"post","link":"https:\/\/alzira.es\/es\/alzira-prepara-la-exposicio-per-amor-a-l-art-a-la-casa-de-la-cultura\/","title":{"rendered":"Alzira prepara la exposici\u00f3n Por Amor al arte en la casa de la Cultura"},"content":{"rendered":"<p><strong>La Casa de la Cultura de Alzira<\/strong> ultima los preparativos de la <strong>exposici\u00f3n Por Amor al Arte<\/strong>, una <strong>campa\u00f1a<\/strong> que naci\u00f3 el a\u00f1o pasado <strong>con el esp\u00edritu de ayudar a los artistas falleros locales<\/strong>.<\/p>\n<p><strong>El pr\u00f3ximo lunes 15 de marzo a las 19 horas se inaugura<\/strong> esta muestra que se podr\u00e1 visitar<strong> hasta el pr\u00f3ximo 20 de abril<\/strong>, en la cual el Ayuntamiento de Alzira ha encargado esculturas a los artistas falleros locales. La Concejal\u00eda de Fiestas lanz\u00f3 esta iniciativa el pasado mes de enero con el objetivo de apoyar a estos profesionales que tuvieron que suspender su actividad despu\u00e9s de la cancelaci\u00f3n de las Fallas de 2020.<\/p>\n<p>Se trata de recrear 6 figuras art\u00edsticas que quieren representar las diferentes artes, cine, teatro, danza, literatura, artes pl\u00e1sticas y m\u00fasica, cada una realizada por una empresa local dedicada a la elaboraci\u00f3n de monumentos falleros.<\/p>\n<p><strong>Seg\u00fan ha explicado el regidor de Fiestas, Xavi P\u00e9rez, <\/strong><em><strong>la asignaci\u00f3n de las obras se hizo por sorteo entre los artistas, que son: Bernat Estela, Roberto e Iv\u00e1n Parra, Toni P\u00e9rez, el equipo Planta Diez, Fallas \u00abFerni\u00bb y Borja Lorente<\/strong>. Sus obras podr\u00e1n verse a partir del 15 de marzo y<\/em>, seg\u00fan ha explicado el regidor, <em>m\u00e1s adelante se ubicar\u00e1n en diferentes edificios municipales<\/em>.<\/p>\n<p>El consistorio ha designado <strong>1.800 euros para cada trabajo<\/strong> y la intenci\u00f3n, seg\u00fan asegura el regidor, es que las esculturas perduren en el tiempo.<\/p>\n<p style=\"margin-left: 30px;\"><span style=\"text-decoration: underline;\">La asignaci\u00f3n de los temas para cada artista ha estado:<\/span><br \/>&#8211; <strong>Bernat Estela<\/strong> \u2013 Danza&nbsp; &nbsp; &nbsp; &nbsp; &nbsp; &nbsp; &nbsp; &nbsp; &#8211; <strong>Borja Lorente<\/strong> &#8211; M\u00fasica<br \/>&#8211; <strong>Germans Parra<\/strong> \u2013 Teatro&nbsp; &nbsp; &nbsp; &nbsp; &nbsp; &nbsp; &nbsp; &#8211; <strong>Toni P\u00e9rez<\/strong> &#8211; Literatura<br \/>&#8211; <strong>Planta Deu<\/strong> &#8211; Artes Pl\u00e1sticas&nbsp; &nbsp; &nbsp; &nbsp; &nbsp;&#8211; <strong>Falles Ferni<\/strong> \u2013 Cinema<\/p>\n<p style=\"text-align: center;\"><img fetchpriority=\"high\" decoding=\"async\" class=\" size-full wp-image-53901\" src=\"https:\/\/alzira.es\/wp-content\/uploads\/2021\/03\/per-amor-art-cartell-traz.jpg\" alt=\"per-amor-art-cartell-traz\" width=\"500\" height=\"703\" \/><\/p>\n<p>&nbsp;<\/p>\n<p>&nbsp;<\/p>\n","protected":false},"excerpt":{"rendered":"<p>La Casa de la Cultura de Alzira ultima los preparativos de la exposici\u00f3n Por Amor al Arte, una campa\u00f1a que naci\u00f3 el a\u00f1o pasado con el esp\u00edritu de ayudar a los artistas falleros locales. El pr\u00f3ximo lunes 15 de marzo a las 19 horas se inaugura esta muestra que se podr\u00e1 visitar hasta el pr\u00f3ximo &hellip; <\/p>\n<p class=\"link-more\"><a href=\"https:\/\/alzira.es\/es\/alzira-prepara-la-exposicio-per-amor-a-l-art-a-la-casa-de-la-cultura\/\" class=\"more-link\">Continuar leyendo<span class=\"screen-reader-text\"> \u00abAlzira prepara la exposici\u00f3n Por Amor al arte en la casa de la Cultura\u00bb<\/span><\/a><\/p>\n","protected":false},"author":36,"featured_media":53901,"comment_status":"","ping_status":"","sticky":false,"template":"","format":"standard","meta":{"_acf_changed":false,"footnotes":""},"categories":[4936],"tags":[],"class_list":["post-53903","post","type-post","status-publish","format-standard","has-post-thumbnail","hentry","category-hemeroteca-es"],"acf":[],"_links":{"self":[{"href":"https:\/\/alzira.es\/es\/wp-json\/wp\/v2\/posts\/53903","targetHints":{"allow":["GET"]}}],"collection":[{"href":"https:\/\/alzira.es\/es\/wp-json\/wp\/v2\/posts"}],"about":[{"href":"https:\/\/alzira.es\/es\/wp-json\/wp\/v2\/types\/post"}],"author":[{"embeddable":true,"href":"https:\/\/alzira.es\/es\/wp-json\/wp\/v2\/users\/36"}],"replies":[{"embeddable":true,"href":"https:\/\/alzira.es\/es\/wp-json\/wp\/v2\/comments?post=53903"}],"version-history":[{"count":0,"href":"https:\/\/alzira.es\/es\/wp-json\/wp\/v2\/posts\/53903\/revisions"}],"wp:featuredmedia":[{"embeddable":true,"href":"https:\/\/alzira.es\/es\/wp-json\/wp\/v2\/media\/53901"}],"wp:attachment":[{"href":"https:\/\/alzira.es\/es\/wp-json\/wp\/v2\/media?parent=53903"}],"wp:term":[{"taxonomy":"category","embeddable":true,"href":"https:\/\/alzira.es\/es\/wp-json\/wp\/v2\/categories?post=53903"},{"taxonomy":"post_tag","embeddable":true,"href":"https:\/\/alzira.es\/es\/wp-json\/wp\/v2\/tags?post=53903"}],"curies":[{"name":"wp","href":"https:\/\/api.w.org\/{rel}","templated":true}]}}