{"id":53900,"date":"2021-03-10T15:33:43","date_gmt":"2021-03-10T14:33:43","guid":{"rendered":"https:\/\/alzira.es\/la-nova-pista-municipal-per-a-aterratge-d-emergencia-millora-els-treball-en-cas-de-rescat-2\/"},"modified":"2021-03-10T15:33:43","modified_gmt":"2021-03-10T14:33:43","slug":"la-nova-pista-municipal-per-a-aterratge-d-emergencia-millora-els-treball-en-cas-de-rescat-2","status":"publish","type":"post","link":"https:\/\/alzira.es\/es\/la-nova-pista-municipal-per-a-aterratge-d-emergencia-millora-els-treball-en-cas-de-rescat-2\/","title":{"rendered":"La nova pista municipal per a aterratge d\u2019emerg\u00e8ncia millora els treball en cas de rescat"},"content":{"rendered":"<p style=\"margin: 0cm 0cm 0pt; text-align: justify; line-height: 150%;\">Este migdia ha tingut lloc la visita a la<strong> pista d&#8217;aterratge municipal habilitada per l&#8217;Ajuntament d&#8217;Alzira<\/strong> per a aterratges <strong>d&#8217;emerg\u00e8ncia<\/strong>.<\/p>\n<p>Es tracta d&#8217;una infraestructura ubicada en Tulell, en la que els helic\u00f2pters del consorci de bombers podran portar a terme aterratges en cas d&#8217;emerg\u00e8ncia. La vicepresidenta de la Diputaci\u00f3 i presidenta del Consorci de Bombers de Val\u00e8ncia, acompanyada per l&#8217;alcalde d&#8217;Alzira, <strong>Diego G\u00f3mez<\/strong>, la regidora de seguretat, <strong>Sara Gar\u00e9s<\/strong> i l&#8217;inspector en cap del Consorci, <strong>Jos\u00e9 Miguel Basset<\/strong>, ha visitat la nova pista.<\/p>\n<p><em>\u00ab\u00c9s d&#8217;agrair la sensibilitat de l&#8217;Ajuntament d&#8217;Alzira i del seu alcalde <\/em><strong>Diego G\u00f3mez<\/strong><em> per l&#8217;adequaci\u00f3 del terreny com una pista d&#8217;aterratge per als vehicles d&#8217;emerg\u00e8n<\/em>ci<em>a\u00bb<\/em>, ha explicat la vicepresidenta de la Diputaci\u00f3,<strong> Maria Josep Amig\u00f3<\/strong>.<\/p>\n<p>Per la seua banda l&#8217;alcalde de la ciutat, <strong>Diego G\u00f3mez<\/strong>, ha insistit en la preocupaci\u00f3 de l&#8217;ajuntament per tal de facilitar la tasca als bombers i poder oferir un espai millor comunicat per tal de millorar els temps en els casos de rescat.<\/p>\n<p><em>\u00abEs tracta d&#8217;un espai ampli, que hem asfaltat i pintat per a facilitar les maniobres, on els cossos d&#8217;emerg\u00e8ncia tenen un acc\u00e9s m\u00e9s \u00e0gil. <strong>El passat 15 de febrer es va portar a terme el primer rescat en el qual es va fer \u00fas d&#8217;esta pista<\/strong>, per a traslladar una dona que havia patit una indisposici\u00f3 en l&#8217;Ouet, i ja es va comprovar que d&#8217;esta manera es reduix notablement el temps d&#8217;arribada\u00bb<\/em>, ha comentat la regidora de Seguretat <strong>Sara Gar\u00e9s<\/strong>.<\/p>\n<p>Cal destacar que <strong>l&#8217;any 2020 el Consorci de Bombers va realitzar 4.727 salvaments de tota classe<\/strong>. D&#8217;ells cal remarcar que els salvaments a l&#8217;\u00e0mbit rural durant activitats executades<strong> a l&#8217;entorn natural suposen 272 rescats<\/strong>. Com explica <strong>Maria Josep Amig\u00f3<\/strong>,<em> \u00abmolts d&#8217;aquests rescats rurals s\u00f3n realitzats pel GERA (Grup Especial de Rescats d&#8217;Altura) amb la intervenci\u00f3 de l&#8217;helic\u00f2pter de la Generalitat en llocs com per exemple la Murta, i les persones ferides necessiten atenci\u00f3 m\u00e8dica urgent, i per aix\u00f2 l&#8217;elecci\u00f3 del Tulell com a pista d&#8217;aterratge millorar\u00e0 encara m\u00e9s l&#8217;efectivitat dels rescats.\u00bb<\/em><\/p>\n<p>Per altra part, vicepresidenta de la Diputaci\u00f3 i presidenta del Consorci de Bombers de Val\u00e8ncia, <strong>Maria Josep Amig\u00f3<\/strong> ha aprofitat la visita per a comentar amb l&#8217;alcalde la inclusi\u00f3 del projecte de construcci\u00f3 del <strong>nou parc de bombers d&#8217;Alzira amb 6 milions d&#8217;euros en el pressupost de 2021 del Consorci de Bombers<\/strong>.<\/p>\n<p>&nbsp;<\/p>\n<p style=\"margin: 0cm 0cm 0pt; line-height: 150%;\"><span style=\"line-height: 150%; font-family: 'Arial',sans-serif; font-size: 11pt;\"><span style=\"color: #000000;\"><img fetchpriority=\"high\" decoding=\"async\" class=\" size-full wp-image-53897\" style=\"margin-right: auto; margin-left: auto; display: block;\" src=\"https:\/\/alzira.es\/wp-content\/uploads\/2021\/03\/image00012.jpeg\" alt=\"image00012\" width=\"500\" height=\"335\" \/><br \/><\/span><\/span><\/p>\n<p>&nbsp;<\/p>\n","protected":false},"excerpt":{"rendered":"<p>Este migdia ha tingut lloc la visita a la pista d&#8217;aterratge municipal habilitada per l&#8217;Ajuntament d&#8217;Alzira per a aterratges d&#8217;emerg\u00e8ncia. Es tracta d&#8217;una infraestructura ubicada en Tulell, en la que els helic\u00f2pters del consorci de bombers podran portar a terme aterratges en cas d&#8217;emerg\u00e8ncia. La vicepresidenta de la Diputaci\u00f3 i presidenta del Consorci de Bombers &hellip; <\/p>\n<p class=\"link-more\"><a href=\"https:\/\/alzira.es\/es\/la-nova-pista-municipal-per-a-aterratge-d-emergencia-millora-els-treball-en-cas-de-rescat-2\/\" class=\"more-link\">Continuar leyendo<span class=\"screen-reader-text\"> \u00abLa nova pista municipal per a aterratge d\u2019emerg\u00e8ncia millora els treball en cas de rescat\u00bb<\/span><\/a><\/p>\n","protected":false},"author":36,"featured_media":53897,"comment_status":"","ping_status":"","sticky":false,"template":"","format":"standard","meta":{"_acf_changed":false,"footnotes":""},"categories":[],"tags":[],"class_list":["post-53900","post","type-post","status-publish","format-standard","has-post-thumbnail","hentry"],"acf":[],"_links":{"self":[{"href":"https:\/\/alzira.es\/es\/wp-json\/wp\/v2\/posts\/53900","targetHints":{"allow":["GET"]}}],"collection":[{"href":"https:\/\/alzira.es\/es\/wp-json\/wp\/v2\/posts"}],"about":[{"href":"https:\/\/alzira.es\/es\/wp-json\/wp\/v2\/types\/post"}],"author":[{"embeddable":true,"href":"https:\/\/alzira.es\/es\/wp-json\/wp\/v2\/users\/36"}],"replies":[{"embeddable":true,"href":"https:\/\/alzira.es\/es\/wp-json\/wp\/v2\/comments?post=53900"}],"version-history":[{"count":0,"href":"https:\/\/alzira.es\/es\/wp-json\/wp\/v2\/posts\/53900\/revisions"}],"wp:featuredmedia":[{"embeddable":true,"href":"https:\/\/alzira.es\/es\/wp-json\/wp\/v2\/media\/53897"}],"wp:attachment":[{"href":"https:\/\/alzira.es\/es\/wp-json\/wp\/v2\/media?parent=53900"}],"wp:term":[{"taxonomy":"category","embeddable":true,"href":"https:\/\/alzira.es\/es\/wp-json\/wp\/v2\/categories?post=53900"},{"taxonomy":"post_tag","embeddable":true,"href":"https:\/\/alzira.es\/es\/wp-json\/wp\/v2\/tags?post=53900"}],"curies":[{"name":"wp","href":"https:\/\/api.w.org\/{rel}","templated":true}]}}