{"id":53899,"date":"2021-03-10T15:33:43","date_gmt":"2021-03-10T14:33:43","guid":{"rendered":"https:\/\/alzira.es\/la-nova-pista-municipal-per-a-aterratge-d-emergencia-millora-els-treball-en-cas-de-rescat\/"},"modified":"2021-03-10T15:33:43","modified_gmt":"2021-03-10T14:33:43","slug":"la-nova-pista-municipal-per-a-aterratge-d-emergencia-millora-els-treball-en-cas-de-rescat","status":"publish","type":"post","link":"https:\/\/alzira.es\/es\/la-nova-pista-municipal-per-a-aterratge-d-emergencia-millora-els-treball-en-cas-de-rescat\/","title":{"rendered":"La nueva pista municipal para aterrizaje de emergencia mejora los trabajo en caso de rescate"},"content":{"rendered":"<p style=\"margin: 0cm 0cm 0pt; text-align: justify; line-height: 150%;\">Este mediod\u00eda ha tenido lugar la visita a la <strong>pista de aterrizaje municipal habilitada por el Ayuntamiento de Alzira<\/strong> para aterrizajes <strong>de emergencia<\/strong>.<\/p>\n<p>Se trata de una infraestructura ubicada en Tulell, en la que los helic\u00f3pteros del consorcio de bomberos podr\u00e1n llevar a cabo aterrizajes en caso de emergencia. La vicepresidenta de la Diputaci\u00f3n y presidenta del Consorcio de Bomberos de Val\u00e8ncia, acompa\u00f1ada por el alcalde de Alzira,<strong> Diego G\u00f3mez<\/strong>, la regidora de seguridad, <strong>Sara Gar\u00e9s<\/strong> y el inspector en ninguno del Consorcio, <strong>Jos\u00e9 Miguel Basset<\/strong>, ha visitado la nueva pista.<\/p>\n<p><em>\u00abEs de agradecer la sensibilidad del Ayuntamiento de Alzira y de su alcalde<\/em><strong> Diego G\u00f3mez<\/strong><em> por la adecuaci\u00f3n del terreno como una pista de aterrizaje para los veh\u00edculos de emergencia\u00bb<\/em>, ha explicado la vicepresidenta de la Diputaci\u00f3n, <strong>Maria Josep Amig\u00f3<\/strong>.<\/p>\n<p>Por su parte el alcalde de la ciudad, <strong>Diego G\u00f3mez<\/strong>, ha insistido en la preocupaci\u00f3n del ayuntamiento para facilitar la tarea a los bomberos y poder ofrecer un espacio mejor comunicado para mejorar los tiempos en los casos de rescate.<\/p>\n<p><em>\u00abSe trata de un espacio amplio, que hemos asfaltado y pintado para facilitar las maniobras, donde los cuerpos de emergencia tienen un acceso m\u00e1s \u00e1gil. <strong>El pasado 15 de febrero se llev\u00f3 a cabo el primer rescate en el cual se hizo uso de esta pista<\/strong>, para trasladar una mujer que hab\u00eda sufrido una indisposici\u00f3n en la Ouet, y ya se comprob\u00f3 que de esta manera se reduce notablemente el tiempo de llegada\u00bb<\/em>, ha comentado la regidora de Seguridad <strong>Sara Gar\u00e9s<\/strong>.<\/p>\n<p>Hay que destacar que <strong>en 2020 el Consorcio de Bomberos realiz\u00f3 4.727 salvamentos de toda clase<\/strong>. De ellos hay que remarcar que los salvamentos al \u00e1mbito rural durante actividades ejecutadas <strong>al entorno natural suponen 272 rescates<\/strong>. C\u00f3mo explica <strong>Maria Josep Amig\u00f3<\/strong>, <em>\u00abmuchos de estos rescates rurales son realizados por el <strong>GERA<\/strong> (Grupo Especial de Rescates de Altura) con la intervenci\u00f3n del helic\u00f3ptero de la Generalitat en lugares como por ejemplo la Murta, y las personas heridas necesitan atenci\u00f3n m\u00e9dica urgente, y por eso la elecci\u00f3n del Tulell como pista de aterrizaje mejorar\u00e1 todav\u00eda m\u00e1s la efectividad de los rescates.\u00bb<\/em><\/p>\n<p>Por otra parte, vicepresidenta de la Diputaci\u00f3n y presidenta del Consorcio de Bomberos de Val\u00e8ncia,<strong> Maria Josep Amig\u00f3<\/strong> ha aprovechado la visita para comentar con el alcalde la inclusi\u00f3n del proyecto de construcci\u00f3n del <strong>nuevo parque de bomberos de Alzira con 6 millones de euros en el presupuesto de 2021 del Consorcio de Bomberos<\/strong>.<\/p>\n<p>&nbsp;<\/p>\n<p style=\"margin: 0cm 0cm 0pt; line-height: 150%;\"><span style=\"line-height: 150%; font-family: 'Arial',sans-serif; font-size: 11pt;\"><span style=\"color: #000000;\"><img fetchpriority=\"high\" decoding=\"async\" class=\" size-full wp-image-53897\" style=\"margin-right: auto; margin-left: auto; display: block;\" src=\"https:\/\/alzira.es\/wp-content\/uploads\/2021\/03\/image00012.jpeg\" alt=\"image00012\" width=\"500\" height=\"335\" \/><br \/><\/span><\/span><\/p>\n<p>&nbsp;<\/p>\n","protected":false},"excerpt":{"rendered":"<p>Este mediod\u00eda ha tenido lugar la visita a la pista de aterrizaje municipal habilitada por el Ayuntamiento de Alzira para aterrizajes de emergencia. Se trata de una infraestructura ubicada en Tulell, en la que los helic\u00f3pteros del consorcio de bomberos podr\u00e1n llevar a cabo aterrizajes en caso de emergencia. La vicepresidenta de la Diputaci\u00f3n y &hellip; <\/p>\n<p class=\"link-more\"><a href=\"https:\/\/alzira.es\/es\/la-nova-pista-municipal-per-a-aterratge-d-emergencia-millora-els-treball-en-cas-de-rescat\/\" class=\"more-link\">Continuar leyendo<span class=\"screen-reader-text\"> \u00abLa nueva pista municipal para aterrizaje de emergencia mejora los trabajo en caso de rescate\u00bb<\/span><\/a><\/p>\n","protected":false},"author":36,"featured_media":53897,"comment_status":"","ping_status":"","sticky":false,"template":"","format":"standard","meta":{"_acf_changed":false,"footnotes":""},"categories":[4936],"tags":[],"class_list":["post-53899","post","type-post","status-publish","format-standard","has-post-thumbnail","hentry","category-hemeroteca-es"],"acf":[],"_links":{"self":[{"href":"https:\/\/alzira.es\/es\/wp-json\/wp\/v2\/posts\/53899","targetHints":{"allow":["GET"]}}],"collection":[{"href":"https:\/\/alzira.es\/es\/wp-json\/wp\/v2\/posts"}],"about":[{"href":"https:\/\/alzira.es\/es\/wp-json\/wp\/v2\/types\/post"}],"author":[{"embeddable":true,"href":"https:\/\/alzira.es\/es\/wp-json\/wp\/v2\/users\/36"}],"replies":[{"embeddable":true,"href":"https:\/\/alzira.es\/es\/wp-json\/wp\/v2\/comments?post=53899"}],"version-history":[{"count":0,"href":"https:\/\/alzira.es\/es\/wp-json\/wp\/v2\/posts\/53899\/revisions"}],"wp:featuredmedia":[{"embeddable":true,"href":"https:\/\/alzira.es\/es\/wp-json\/wp\/v2\/media\/53897"}],"wp:attachment":[{"href":"https:\/\/alzira.es\/es\/wp-json\/wp\/v2\/media?parent=53899"}],"wp:term":[{"taxonomy":"category","embeddable":true,"href":"https:\/\/alzira.es\/es\/wp-json\/wp\/v2\/categories?post=53899"},{"taxonomy":"post_tag","embeddable":true,"href":"https:\/\/alzira.es\/es\/wp-json\/wp\/v2\/tags?post=53899"}],"curies":[{"name":"wp","href":"https:\/\/api.w.org\/{rel}","templated":true}]}}