{"id":53896,"date":"2021-03-10T15:31:03","date_gmt":"2021-03-10T14:31:03","guid":{"rendered":"https:\/\/alzira.es\/el-16-de-marc-comenca-la-vacunacio-a-la-comunitat-educativa-de-la-comarca-a-alzira-2\/"},"modified":"2021-03-10T15:31:03","modified_gmt":"2021-03-10T14:31:03","slug":"el-16-de-marc-comenca-la-vacunacio-a-la-comunitat-educativa-de-la-comarca-a-alzira-2","status":"publish","type":"post","link":"https:\/\/alzira.es\/es\/el-16-de-marc-comenca-la-vacunacio-a-la-comunitat-educativa-de-la-comarca-a-alzira-2\/","title":{"rendered":"El 16 de mar\u00e7 comen\u00e7a la vacunaci\u00f3 a la comunitat educativa de la comarca a Alzira"},"content":{"rendered":"<p>Des del Departament de Salut de la Ribera, s&#8217;ha informat que el proper<strong> dia 16 de mar\u00e7 per la vesprada i<\/strong> <strong>17 i 18 durant tot el dia<\/strong>, es portar\u00e0 a terme<strong> la vacunaci\u00f3 dels docents i personal de serveis dels centres educatius menors de 55 anys<\/strong> de tots els municipis del Departament de Salut.<\/p>\n<p>El <strong>Casal Fester<\/strong>, situat junt a l&#8217;hospital de la Ribera,<strong> \u00e9s l&#8217;espai destinat a portar a terme les vacunacions<\/strong>. Es tracta d&#8217;un espai ampli i ventilat que comptar\u00e0 amb diversos circuits de vacunaci\u00f3 i entrades i eixides separades.<em> \u00abDes de l&#8217;Ajuntament vam oferir este espai a la Conselleria, i al llarg dels \u00faltims dies s&#8217;ha comprovat la conveni\u00e8ncia de les instal\u00b7lacions. Actualment, el personal municipal ja est\u00e0 treballant en l&#8217;adaptaci\u00f3, neteja, col\u00b7locaci\u00f3 de tanques i cadires\u00bb<\/em> ha explicat la regidora de Sanitat <strong>Gemma Al\u00f3s<\/strong><\/p>\n<p>A m\u00e9s estar\u00e0 disponible una unitat de Creu Roja per a primers auxilis i una ambul\u00e0ncia per a trasllat a l&#8217;hospital en cas que fora necessari. Per la seua banda Protecci\u00f3 Civil Alzira tamb\u00e9 portar\u00e0 a terme el control d&#8217;accessos per a controlar que es complixen les mesures de seguretat.<\/p>\n<p>Des de la Generalitat ja s&#8217;ha anunciat que les vacunacions estan planificades per departaments de Salut i que es citaran amb antelaci\u00f3 suficient als docents i personal de serveis dels centres per a administrar la vacuna Astrazeneca.<\/p>\n<p><strong>La citaci\u00f3 es far\u00e0 per centres educatius i es publicar\u00e0 a la web de la conselleria d&#8217;Educaci\u00f3<\/strong> <span style=\"color: #b22222;\"><strong><a href=\"http:\/\/www.ceice.gva.es\/va\/\" target=\"_blank\" rel=\"noopener\"><span style=\"color: #b22222;\">www.ceice.gva.es<\/span><\/a><\/strong><\/span>, <strong>almenys 48 hores abans<\/strong>. Cada persona ha de<strong> portar el formulari facilitat per la conselleria<\/strong>, aix\u00ed com el <strong>SIP i<\/strong> el<strong> DNI<\/strong>. Des de la conselleria es prega ser molt rigor\u00f3s en els horaris que s\u00f3n adjudicats per tal d&#8217;evitar aglomeracions.<\/p>\n<p>Cal recordar que, a falta de l&#8217;actualitzaci\u00f3 setmanal de dem\u00e0 dijous, les dades relatives al passat dilluns 8 de mar\u00e7 que envia salut p\u00fablica a la regidoria de Sanitat suposaven que tenim una incid\u00e8ncia de 55 casos per cada 100.000 habitants. <strong>En total tenim 25 casos actius<\/strong>.<\/p>\n<p>D&#8217;altra banda, de cara al proper mes d&#8217;abril s&#8217;estudien espais a la nostra ciutat per a fer la vacunaci\u00f3 massiva per a menors de 65 anys. Un col\u00b7lectiu que suposa al voltant de 40.000 persones d&#8217;Alzira, Corbera i Llaur\u00ed. <em>\u00abEstem treballant per a poder posar a disposici\u00f3 de la conselleria un espai \u00f2ptim per a portar a terme estes vacunacions, ben ventilat, accessible amb entrades i eixides adequades i que complisca amb els protocols de seguretat\u00bb<\/em>, ha explicat la regidora.<\/p>\n<p><strong>A hores d&#8217;ara continua la vacunaci\u00f3 de persones de 89 a 80 anys<\/strong>, que estan sent <strong>citats per a acudir a la Parrilla<\/strong>, on se&#8217;ls administra. Aix\u00ed mateix cal recordar que a la nostra ciutat ja estan vacunats els majors de 90, grans dependents i usuaris de resid\u00e8ncies. Aix\u00ed mateix, els sanitaris tamb\u00e9 han rebut ja la vacuna i els cossos de seguretat estan sent vacunats a l&#8217;Hospital de campanya de la Fe durant esta setmana.<\/p>\n<p style=\"text-align: center;\"><img fetchpriority=\"high\" decoding=\"async\" class=\" size-full wp-image-53893\" src=\"https:\/\/alzira.es\/wp-content\/uploads\/2021\/03\/casal_fester_alzira_2.jpeg\" alt=\"casal fester alzira 2\" width=\"500\" height=\"375\" srcset=\"https:\/\/alzira.es\/wp-content\/uploads\/2021\/03\/casal_fester_alzira_2.jpeg 1600w, https:\/\/alzira.es\/wp-content\/uploads\/2021\/03\/casal_fester_alzira_2-680x510.jpeg 680w, https:\/\/alzira.es\/wp-content\/uploads\/2021\/03\/casal_fester_alzira_2-1430x1072.jpeg 1430w, https:\/\/alzira.es\/wp-content\/uploads\/2021\/03\/casal_fester_alzira_2-768x576.jpeg 768w, https:\/\/alzira.es\/wp-content\/uploads\/2021\/03\/casal_fester_alzira_2-1536x1152.jpeg 1536w\" sizes=\"(max-width: 500px) 100vw, 500px\" \/><\/p>\n","protected":false},"excerpt":{"rendered":"<p>Des del Departament de Salut de la Ribera, s&#8217;ha informat que el proper dia 16 de mar\u00e7 per la vesprada i 17 i 18 durant tot el dia, es portar\u00e0 a terme la vacunaci\u00f3 dels docents i personal de serveis dels centres educatius menors de 55 anys de tots els municipis del Departament de Salut. &hellip; <\/p>\n<p class=\"link-more\"><a href=\"https:\/\/alzira.es\/es\/el-16-de-marc-comenca-la-vacunacio-a-la-comunitat-educativa-de-la-comarca-a-alzira-2\/\" class=\"more-link\">Continuar leyendo<span class=\"screen-reader-text\"> \u00abEl 16 de mar\u00e7 comen\u00e7a la vacunaci\u00f3 a la comunitat educativa de la comarca a Alzira\u00bb<\/span><\/a><\/p>\n","protected":false},"author":36,"featured_media":53893,"comment_status":"","ping_status":"","sticky":false,"template":"","format":"standard","meta":{"_acf_changed":false,"footnotes":""},"categories":[],"tags":[],"class_list":["post-53896","post","type-post","status-publish","format-standard","has-post-thumbnail","hentry"],"acf":[],"_links":{"self":[{"href":"https:\/\/alzira.es\/es\/wp-json\/wp\/v2\/posts\/53896","targetHints":{"allow":["GET"]}}],"collection":[{"href":"https:\/\/alzira.es\/es\/wp-json\/wp\/v2\/posts"}],"about":[{"href":"https:\/\/alzira.es\/es\/wp-json\/wp\/v2\/types\/post"}],"author":[{"embeddable":true,"href":"https:\/\/alzira.es\/es\/wp-json\/wp\/v2\/users\/36"}],"replies":[{"embeddable":true,"href":"https:\/\/alzira.es\/es\/wp-json\/wp\/v2\/comments?post=53896"}],"version-history":[{"count":0,"href":"https:\/\/alzira.es\/es\/wp-json\/wp\/v2\/posts\/53896\/revisions"}],"wp:featuredmedia":[{"embeddable":true,"href":"https:\/\/alzira.es\/es\/wp-json\/wp\/v2\/media\/53893"}],"wp:attachment":[{"href":"https:\/\/alzira.es\/es\/wp-json\/wp\/v2\/media?parent=53896"}],"wp:term":[{"taxonomy":"category","embeddable":true,"href":"https:\/\/alzira.es\/es\/wp-json\/wp\/v2\/categories?post=53896"},{"taxonomy":"post_tag","embeddable":true,"href":"https:\/\/alzira.es\/es\/wp-json\/wp\/v2\/tags?post=53896"}],"curies":[{"name":"wp","href":"https:\/\/api.w.org\/{rel}","templated":true}]}}