{"id":53895,"date":"2021-03-10T15:31:03","date_gmt":"2021-03-10T14:31:03","guid":{"rendered":"https:\/\/alzira.es\/el-16-de-marc-comenca-la-vacunacio-a-la-comunitat-educativa-de-la-comarca-a-alzira\/"},"modified":"2021-03-10T15:31:03","modified_gmt":"2021-03-10T14:31:03","slug":"el-16-de-marc-comenca-la-vacunacio-a-la-comunitat-educativa-de-la-comarca-a-alzira","status":"publish","type":"post","link":"https:\/\/alzira.es\/es\/el-16-de-marc-comenca-la-vacunacio-a-la-comunitat-educativa-de-la-comarca-a-alzira\/","title":{"rendered":"El 16 de marzo empieza la vacunaci\u00f3n en la comunidad educativa de la comarca en Alzira"},"content":{"rendered":"<p>Desde el Departamento de Salud de la Ribera, se ha informado que el pr\u00f3ximo <strong>d\u00eda 16 de marzo por la tarde y 17 y 18 durante todo el d\u00eda<\/strong>, se llevar\u00e1 a cabo <strong>la vacunaci\u00f3n de los docentes y personal de servicios de los centros educativos menores de 55 a\u00f1os<\/strong> de todos los municipios del Departamento de Salud.<\/p>\n<p>El <strong>Casal Fester<\/strong>, situado junto en el hospital de la Ribera, <strong>es el espacio destinado a llevar a cabo las vacunaciones<\/strong>. Se trata de un espacio amplio y ventilado que contar\u00e1 con varios circuitos de vacunaci\u00f3n y entradas y salidas separadas. <em>\u00abDesde el Ayuntamiento ofrecimos este espacio a la Conseller\u00eda, y a lo largo de los \u00faltimos d\u00edas se ha comprobado la conveniencia de las instalaciones. Actualmente, el personal municipal ya est\u00e1 trabajando en la adaptaci\u00f3n, limpieza, colocaci\u00f3n de vallas y sillas\u00bb<\/em> ha explicado la regidora de Sanidad <strong>Gemma Al\u00f3s<\/strong><\/p>\n<p>Adem\u00e1s estar\u00e1 disponible una unidad de Cruz Roja para primeros auxilios y una ambulancia para traslado a el hospital en caso de que fuera necesario. Por su parte Protecci\u00f3n Civil Alzira tambi\u00e9n llevar\u00e1 a cabo el control de accesos para controlar que se cumplen las medidas de seguridad.<\/p>\n<p>Desde la Generalitat ya se ha anunciado que las vacunaciones est\u00e1n planificadas por departamentos de Salud y que se citar\u00e1n con antelaci\u00f3n suficiente a los docentes y personal de servicios de los centros para administrar la vacuna Astrazeneca.<\/p>\n<p><strong>La citaci\u00f3n se har\u00e1 por centros educativos y se publicar\u00e1 en la web de la conseller\u00eda de Educaci\u00f3n<span style=\"color: #b22222;\"><a href=\"http:\/\/www.ceice.gva.es\/va\/\" target=\"_blank\" rel=\"noopener\"><span style=\"color: #b22222;\"> www.ceice.gva.es<\/span><\/a><\/span><\/strong>, <strong>al menos 48 horas antes<\/strong>. Cada persona tiene que <strong>llevar el formulario facilitado por la conseller\u00eda<\/strong>, as\u00ed como el <strong>SIP y<\/strong> el <strong>DNI<\/strong>. Desde la conseller\u00eda se ruega ser muy riguroso en los horarios que son adjudicados para evitar aglomeraciones.<\/p>\n<p>Hay que recordar que, a falta de la actualizaci\u00f3n semanal de ma\u00f1ana jueves, los datos relativos al pasado lunes 8 de marzo que env\u00eda salud p\u00fablica a la concejal\u00eda de Sanidad supon\u00edan que tenemos una incidencia de 55 casos por cada 100.000 habitantes.<strong> En total tenemos 25 casos activos<\/strong>.<\/p>\n<p>Por otro lado, de cara al pr\u00f3ximo mes de abril se estudian espacios en nuestra ciudad para hacer la vacunaci\u00f3n masiva para menores de 65 a\u00f1os. Un colectivo que supone alrededor de 40.000 personas de Alzira, Corbera y Llaur\u00ed.<em> \u00abEstamos trabajando para poder poner a disposici\u00f3n de la conseller\u00eda un espacio \u00f3ptimo para llevar a cabo estas vacunaciones, muy ventilado, accesible con entradas y salidas adecuadas y que cumpla con los protocolos de seguridad\u00bb<\/em>, ha explicado la regidora.<\/p>\n<p><strong>A estas alturas contin\u00faa la vacunaci\u00f3n de personas de 89 a 80 a\u00f1os<\/strong>, que est\u00e1n siendo <strong>citados para acudir a la Parrilla<\/strong>, donde se los administra. As\u00ed mismo hay que recordar que en nuestra ciudad ya est\u00e1n vacunados los mayores de 90, grandes dependientes y usuarios de residencias. As\u00ed mismo, los sanitarios tambi\u00e9n han recibido ya la vacuna y los cuerpos de seguridad est\u00e1n siendo vacunados en el Hospital de campa\u00f1a de la Fe durante esta semana.<\/p>\n<p style=\"text-align: center;\"><img fetchpriority=\"high\" decoding=\"async\" class=\" size-full wp-image-53893\" src=\"https:\/\/alzira.es\/wp-content\/uploads\/2021\/03\/casal_fester_alzira_2.jpeg\" alt=\"casal fester alzira 2\" width=\"500\" height=\"375\" srcset=\"https:\/\/alzira.es\/wp-content\/uploads\/2021\/03\/casal_fester_alzira_2.jpeg 1600w, https:\/\/alzira.es\/wp-content\/uploads\/2021\/03\/casal_fester_alzira_2-680x510.jpeg 680w, https:\/\/alzira.es\/wp-content\/uploads\/2021\/03\/casal_fester_alzira_2-1430x1072.jpeg 1430w, https:\/\/alzira.es\/wp-content\/uploads\/2021\/03\/casal_fester_alzira_2-768x576.jpeg 768w, https:\/\/alzira.es\/wp-content\/uploads\/2021\/03\/casal_fester_alzira_2-1536x1152.jpeg 1536w\" sizes=\"(max-width: 500px) 100vw, 500px\" \/><\/p>\n","protected":false},"excerpt":{"rendered":"<p>Desde el Departamento de Salud de la Ribera, se ha informado que el pr\u00f3ximo d\u00eda 16 de marzo por la tarde y 17 y 18 durante todo el d\u00eda, se llevar\u00e1 a cabo la vacunaci\u00f3n de los docentes y personal de servicios de los centros educativos menores de 55 a\u00f1os de todos los municipios del &hellip; <\/p>\n<p class=\"link-more\"><a href=\"https:\/\/alzira.es\/es\/el-16-de-marc-comenca-la-vacunacio-a-la-comunitat-educativa-de-la-comarca-a-alzira\/\" class=\"more-link\">Continuar leyendo<span class=\"screen-reader-text\"> \u00abEl 16 de marzo empieza la vacunaci\u00f3n en la comunidad educativa de la comarca en Alzira\u00bb<\/span><\/a><\/p>\n","protected":false},"author":36,"featured_media":53893,"comment_status":"","ping_status":"","sticky":false,"template":"","format":"standard","meta":{"_acf_changed":false,"footnotes":""},"categories":[4936],"tags":[],"class_list":["post-53895","post","type-post","status-publish","format-standard","has-post-thumbnail","hentry","category-hemeroteca-es"],"acf":[],"_links":{"self":[{"href":"https:\/\/alzira.es\/es\/wp-json\/wp\/v2\/posts\/53895","targetHints":{"allow":["GET"]}}],"collection":[{"href":"https:\/\/alzira.es\/es\/wp-json\/wp\/v2\/posts"}],"about":[{"href":"https:\/\/alzira.es\/es\/wp-json\/wp\/v2\/types\/post"}],"author":[{"embeddable":true,"href":"https:\/\/alzira.es\/es\/wp-json\/wp\/v2\/users\/36"}],"replies":[{"embeddable":true,"href":"https:\/\/alzira.es\/es\/wp-json\/wp\/v2\/comments?post=53895"}],"version-history":[{"count":0,"href":"https:\/\/alzira.es\/es\/wp-json\/wp\/v2\/posts\/53895\/revisions"}],"wp:featuredmedia":[{"embeddable":true,"href":"https:\/\/alzira.es\/es\/wp-json\/wp\/v2\/media\/53893"}],"wp:attachment":[{"href":"https:\/\/alzira.es\/es\/wp-json\/wp\/v2\/media?parent=53895"}],"wp:term":[{"taxonomy":"category","embeddable":true,"href":"https:\/\/alzira.es\/es\/wp-json\/wp\/v2\/categories?post=53895"},{"taxonomy":"post_tag","embeddable":true,"href":"https:\/\/alzira.es\/es\/wp-json\/wp\/v2\/tags?post=53895"}],"curies":[{"name":"wp","href":"https:\/\/api.w.org\/{rel}","templated":true}]}}