{"id":53873,"date":"2021-03-09T13:41:38","date_gmt":"2021-03-09T12:41:38","guid":{"rendered":"https:\/\/alzira.es\/l-ajuntament-repartix-6000-mascaretes-a-residencies-centres-educatius-i-associacions-2\/"},"modified":"2021-03-09T13:41:38","modified_gmt":"2021-03-09T12:41:38","slug":"l-ajuntament-repartix-6000-mascaretes-a-residencies-centres-educatius-i-associacions-2","status":"publish","type":"post","link":"https:\/\/alzira.es\/es\/l-ajuntament-repartix-6000-mascaretes-a-residencies-centres-educatius-i-associacions-2\/","title":{"rendered":"L\u2019Ajuntament repartix 6000 mascaretes a resid\u00e8ncies, centres educatius i associacions"},"content":{"rendered":"<p><strong>L&#8217;Ajuntament d&#8217;Alzira ha iniciat este mat\u00ed el repartiment de 6000 mascaretes quir\u00fargiques<\/strong> entre el personal de serveis essencials com els de centres educatius, resid\u00e8ncies de la ciutat i associacions que treballen per a salvaguardar la vulnerabilitat de la ciutadania.<\/p>\n<p>Es tracta de mascaretes que han estat <strong>donades per part de la Delegaci\u00f3 de Govern a la Comunitat Valenciana i la Federaci\u00f3 Valenciana de Municipis i Prov\u00edncies (FVMP)<\/strong> amb l&#8217;objectiu de garantir la seguretat ciutadana.<\/p>\n<p>Per la seua banda, l&#8217;alcalde de la ciutat, <strong>Diego G\u00f3mez<\/strong>, ha destacat que <em>\u00abamb esta actuaci\u00f3, coordinada entre diferents institucions, es tracta de millorar la situaci\u00f3 tan complicada que estem vivint. A m\u00e9s, ha assegurat, des de l&#8217;equip de govern continuarem treballant i realitzant estes tasques de col\u00b7laboraci\u00f3 i repartiment de material que ajuden, entre altres, a acceptar esta nova normalitat i a garantir les necessitats ciutadanes de la poblaci\u00f3.\u00bb<\/em><\/p>\n<p>Aix\u00ed mateix, des de l&#8217;ajuntament es trasllada a la Subdelegaci\u00f3 del Govern l&#8217;agra\u00efment per la donaci\u00f3 d&#8217;este material sanitari que immediatament s&#8217;ha procedit a repartir junt a una carta explicativa.<\/p>\n<p><em>\u00abCom ja vam fer en ocasions anteriors, en qu\u00e8 vam repartir material entre les associacions i clubs esportius, en este moment hem organitzat els recursos municipals per a fer este repartiment als sectors indicats per la Delegaci\u00f3\u00bb<\/em>, ha afegit l&#8217;alcalde.<\/p>\n<p style=\"text-align: center;\"><img fetchpriority=\"high\" decoding=\"async\" class=\" size-full wp-image-53868\" src=\"https:\/\/alzira.es\/wp-content\/uploads\/2021\/03\/repartiment_mascaretes_3.jpeg\" alt=\"repartiment mascaretes 3\" width=\"456\" height=\"608\" srcset=\"https:\/\/alzira.es\/wp-content\/uploads\/2021\/03\/repartiment_mascaretes_3.jpeg 1199w, https:\/\/alzira.es\/wp-content\/uploads\/2021\/03\/repartiment_mascaretes_3-680x907.jpeg 680w, https:\/\/alzira.es\/wp-content\/uploads\/2021\/03\/repartiment_mascaretes_3-803x1072.jpeg 803w, https:\/\/alzira.es\/wp-content\/uploads\/2021\/03\/repartiment_mascaretes_3-768x1025.jpeg 768w, https:\/\/alzira.es\/wp-content\/uploads\/2021\/03\/repartiment_mascaretes_3-300x400.jpeg 300w, https:\/\/alzira.es\/wp-content\/uploads\/2021\/03\/repartiment_mascaretes_3-1151x1536.jpeg 1151w\" sizes=\"(max-width: 456px) 100vw, 456px\" \/>&nbsp;&nbsp;<img decoding=\"async\" class=\"size-full wp-image-53870 lazyload\" data-src=\"https:\/\/alzira.es\/wp-content\/uploads\/2021\/03\/repartiment_mascaretes_1.jpeg\" alt=\"repartiment mascaretes 1\" width=\"597\" height=\"451\" data-srcset=\"https:\/\/alzira.es\/wp-content\/uploads\/2021\/03\/repartiment_mascaretes_1.jpeg 1600w, https:\/\/alzira.es\/wp-content\/uploads\/2021\/03\/repartiment_mascaretes_1-680x513.jpeg 680w, https:\/\/alzira.es\/wp-content\/uploads\/2021\/03\/repartiment_mascaretes_1-1420x1072.jpeg 1420w, https:\/\/alzira.es\/wp-content\/uploads\/2021\/03\/repartiment_mascaretes_1-768x580.jpeg 768w, https:\/\/alzira.es\/wp-content\/uploads\/2021\/03\/repartiment_mascaretes_1-1536x1160.jpeg 1536w\" data-sizes=\"(max-width: 597px) 100vw, 597px\" src=\"data:image\/svg+xml;base64,PHN2ZyB3aWR0aD0iMSIgaGVpZ2h0PSIxIiB4bWxucz0iaHR0cDovL3d3dy53My5vcmcvMjAwMC9zdmciPjwvc3ZnPg==\" style=\"--smush-placeholder-width: 597px; --smush-placeholder-aspect-ratio: 597\/451;\" \/><\/p>\n<p>&nbsp;<\/p>\n","protected":false},"excerpt":{"rendered":"<p>L&#8217;Ajuntament d&#8217;Alzira ha iniciat este mat\u00ed el repartiment de 6000 mascaretes quir\u00fargiques entre el personal de serveis essencials com els de centres educatius, resid\u00e8ncies de la ciutat i associacions que treballen per a salvaguardar la vulnerabilitat de la ciutadania. Es tracta de mascaretes que han estat donades per part de la Delegaci\u00f3 de Govern a &hellip; <\/p>\n<p class=\"link-more\"><a href=\"https:\/\/alzira.es\/es\/l-ajuntament-repartix-6000-mascaretes-a-residencies-centres-educatius-i-associacions-2\/\" class=\"more-link\">Continuar leyendo<span class=\"screen-reader-text\"> \u00abL\u2019Ajuntament repartix 6000 mascaretes a resid\u00e8ncies, centres educatius i associacions\u00bb<\/span><\/a><\/p>\n","protected":false},"author":29,"featured_media":53868,"comment_status":"","ping_status":"","sticky":false,"template":"","format":"standard","meta":{"_acf_changed":false,"footnotes":""},"categories":[],"tags":[],"class_list":["post-53873","post","type-post","status-publish","format-standard","has-post-thumbnail","hentry"],"acf":[],"_links":{"self":[{"href":"https:\/\/alzira.es\/es\/wp-json\/wp\/v2\/posts\/53873","targetHints":{"allow":["GET"]}}],"collection":[{"href":"https:\/\/alzira.es\/es\/wp-json\/wp\/v2\/posts"}],"about":[{"href":"https:\/\/alzira.es\/es\/wp-json\/wp\/v2\/types\/post"}],"author":[{"embeddable":true,"href":"https:\/\/alzira.es\/es\/wp-json\/wp\/v2\/users\/29"}],"replies":[{"embeddable":true,"href":"https:\/\/alzira.es\/es\/wp-json\/wp\/v2\/comments?post=53873"}],"version-history":[{"count":0,"href":"https:\/\/alzira.es\/es\/wp-json\/wp\/v2\/posts\/53873\/revisions"}],"wp:featuredmedia":[{"embeddable":true,"href":"https:\/\/alzira.es\/es\/wp-json\/wp\/v2\/media\/53868"}],"wp:attachment":[{"href":"https:\/\/alzira.es\/es\/wp-json\/wp\/v2\/media?parent=53873"}],"wp:term":[{"taxonomy":"category","embeddable":true,"href":"https:\/\/alzira.es\/es\/wp-json\/wp\/v2\/categories?post=53873"},{"taxonomy":"post_tag","embeddable":true,"href":"https:\/\/alzira.es\/es\/wp-json\/wp\/v2\/tags?post=53873"}],"curies":[{"name":"wp","href":"https:\/\/api.w.org\/{rel}","templated":true}]}}