{"id":53872,"date":"2021-03-09T13:41:38","date_gmt":"2021-03-09T12:41:38","guid":{"rendered":"https:\/\/alzira.es\/l-ajuntament-repartix-6000-mascaretes-a-residencies-centres-educatius-i-associacions\/"},"modified":"2021-03-09T13:41:38","modified_gmt":"2021-03-09T12:41:38","slug":"l-ajuntament-repartix-6000-mascaretes-a-residencies-centres-educatius-i-associacions","status":"publish","type":"post","link":"https:\/\/alzira.es\/es\/l-ajuntament-repartix-6000-mascaretes-a-residencies-centres-educatius-i-associacions\/","title":{"rendered":"El Ayuntamiento reparte 6000 mascarillas a residencias, centros educativos y asociaciones"},"content":{"rendered":"<p style=\"text-align: justify;\"><strong>El Ayuntamiento de Alzira ha iniciado esta ma\u00f1ana el reparto de 6000 mascarillas quir\u00fargicas<\/strong> entre el personal de servicios esenciales como los de centros educativos, residencias de la ciudad y asociaciones que trabajan para salvaguardar la vulnerabilidad de la ciudadan\u00eda.<\/p>\n<p>Se trata de mascarillas que han sido <strong>dadas por parte de la Delegaci\u00f3n de Gobierno en la Comunidad Valenciana y la Federaci\u00f3n Valenciana de Municipios y Provincias (FVMP)<\/strong> con el objetivo de garantizar la seguridad ciudadana.<\/p>\n<p>Por su parte, el alcalde de la ciudad, <strong>Diego G\u00f3mez<\/strong>, ha destacado que <em>\u00abcon esta actuaci\u00f3n, coordinada entre diferentes instituciones, se trata de mejorar la situaci\u00f3n tan complicada que estamos viviendo. Adem\u00e1s, ha asegurado, desde el equipo de gobierno continuaremos trabajando y realizando estas tareas de colaboraci\u00f3n y reparto de material que ayudan, entre otros, a aceptar esta nueva normalidad y a garantizar las necesidades ciudadanas de la poblaci\u00f3n.\u00bb<\/em><\/p>\n<p>As\u00ed mismo, desde el ayuntamiento se traslada a la Subdelegaci\u00f3n del Gobierno el agradecimiento por la donaci\u00f3n de este material sanitario que inmediatamente se ha procedido a repartir junto a una carta explicativa.<\/p>\n<p><em>\u00abComo ya hicimos en ocasiones anteriores, en qu\u00e9 repartimos material entre las asociaciones y clubes deportivos, en este momento hemos organizado los recursos municipales para hacer este reparto a los sectores indicados por la Delegaci\u00f3n\u00bb<\/em>, ha a\u00f1adido el alcalde.<\/p>\n<p style=\"text-align: center;\"><img fetchpriority=\"high\" decoding=\"async\" class=\" size-full wp-image-53868\" src=\"https:\/\/alzira.es\/wp-content\/uploads\/2021\/03\/repartiment_mascaretes_3.jpeg\" alt=\"repartiment mascaretes 3\" width=\"456\" height=\"608\" srcset=\"https:\/\/alzira.es\/wp-content\/uploads\/2021\/03\/repartiment_mascaretes_3.jpeg 1199w, https:\/\/alzira.es\/wp-content\/uploads\/2021\/03\/repartiment_mascaretes_3-680x907.jpeg 680w, https:\/\/alzira.es\/wp-content\/uploads\/2021\/03\/repartiment_mascaretes_3-803x1072.jpeg 803w, https:\/\/alzira.es\/wp-content\/uploads\/2021\/03\/repartiment_mascaretes_3-768x1025.jpeg 768w, https:\/\/alzira.es\/wp-content\/uploads\/2021\/03\/repartiment_mascaretes_3-300x400.jpeg 300w, https:\/\/alzira.es\/wp-content\/uploads\/2021\/03\/repartiment_mascaretes_3-1151x1536.jpeg 1151w\" sizes=\"(max-width: 456px) 100vw, 456px\" \/>&nbsp;&nbsp;<img decoding=\"async\" class=\"size-full wp-image-53870 lazyload\" data-src=\"https:\/\/alzira.es\/wp-content\/uploads\/2021\/03\/repartiment_mascaretes_1.jpeg\" alt=\"repartiment mascaretes 1\" width=\"597\" height=\"451\" data-srcset=\"https:\/\/alzira.es\/wp-content\/uploads\/2021\/03\/repartiment_mascaretes_1.jpeg 1600w, https:\/\/alzira.es\/wp-content\/uploads\/2021\/03\/repartiment_mascaretes_1-680x513.jpeg 680w, https:\/\/alzira.es\/wp-content\/uploads\/2021\/03\/repartiment_mascaretes_1-1420x1072.jpeg 1420w, https:\/\/alzira.es\/wp-content\/uploads\/2021\/03\/repartiment_mascaretes_1-768x580.jpeg 768w, https:\/\/alzira.es\/wp-content\/uploads\/2021\/03\/repartiment_mascaretes_1-1536x1160.jpeg 1536w\" data-sizes=\"(max-width: 597px) 100vw, 597px\" src=\"data:image\/svg+xml;base64,PHN2ZyB3aWR0aD0iMSIgaGVpZ2h0PSIxIiB4bWxucz0iaHR0cDovL3d3dy53My5vcmcvMjAwMC9zdmciPjwvc3ZnPg==\" style=\"--smush-placeholder-width: 597px; --smush-placeholder-aspect-ratio: 597\/451;\" \/><\/p>\n<p>&nbsp;<\/p>\n","protected":false},"excerpt":{"rendered":"<p>El Ayuntamiento de Alzira ha iniciado esta ma\u00f1ana el reparto de 6000 mascarillas quir\u00fargicas entre el personal de servicios esenciales como los de centros educativos, residencias de la ciudad y asociaciones que trabajan para salvaguardar la vulnerabilidad de la ciudadan\u00eda. Se trata de mascarillas que han sido dadas por parte de la Delegaci\u00f3n de Gobierno &hellip; <\/p>\n<p class=\"link-more\"><a href=\"https:\/\/alzira.es\/es\/l-ajuntament-repartix-6000-mascaretes-a-residencies-centres-educatius-i-associacions\/\" class=\"more-link\">Continuar leyendo<span class=\"screen-reader-text\"> \u00abEl Ayuntamiento reparte 6000 mascarillas a residencias, centros educativos y asociaciones\u00bb<\/span><\/a><\/p>\n","protected":false},"author":29,"featured_media":53868,"comment_status":"","ping_status":"","sticky":false,"template":"","format":"standard","meta":{"_acf_changed":false,"footnotes":""},"categories":[4936],"tags":[],"class_list":["post-53872","post","type-post","status-publish","format-standard","has-post-thumbnail","hentry","category-hemeroteca-es"],"acf":[],"_links":{"self":[{"href":"https:\/\/alzira.es\/es\/wp-json\/wp\/v2\/posts\/53872","targetHints":{"allow":["GET"]}}],"collection":[{"href":"https:\/\/alzira.es\/es\/wp-json\/wp\/v2\/posts"}],"about":[{"href":"https:\/\/alzira.es\/es\/wp-json\/wp\/v2\/types\/post"}],"author":[{"embeddable":true,"href":"https:\/\/alzira.es\/es\/wp-json\/wp\/v2\/users\/29"}],"replies":[{"embeddable":true,"href":"https:\/\/alzira.es\/es\/wp-json\/wp\/v2\/comments?post=53872"}],"version-history":[{"count":0,"href":"https:\/\/alzira.es\/es\/wp-json\/wp\/v2\/posts\/53872\/revisions"}],"wp:featuredmedia":[{"embeddable":true,"href":"https:\/\/alzira.es\/es\/wp-json\/wp\/v2\/media\/53868"}],"wp:attachment":[{"href":"https:\/\/alzira.es\/es\/wp-json\/wp\/v2\/media?parent=53872"}],"wp:term":[{"taxonomy":"category","embeddable":true,"href":"https:\/\/alzira.es\/es\/wp-json\/wp\/v2\/categories?post=53872"},{"taxonomy":"post_tag","embeddable":true,"href":"https:\/\/alzira.es\/es\/wp-json\/wp\/v2\/tags?post=53872"}],"curies":[{"name":"wp","href":"https:\/\/api.w.org\/{rel}","templated":true}]}}