{"id":53867,"date":"2021-03-09T13:32:23","date_gmt":"2021-03-09T12:32:23","guid":{"rendered":"https:\/\/alzira.es\/la-policia-local-d-alzira-actua-de-nou-en-un-cas-de-violencia-de-genere-2\/"},"modified":"2021-03-09T13:32:23","modified_gmt":"2021-03-09T12:32:23","slug":"la-policia-local-d-alzira-actua-de-nou-en-un-cas-de-violencia-de-genere-2","status":"publish","type":"post","link":"https:\/\/alzira.es\/es\/la-policia-local-d-alzira-actua-de-nou-en-un-cas-de-violencia-de-genere-2\/","title":{"rendered":"La Policia Local d\u2019Alzira actua de nou en un cas de Viol\u00e8ncia de G\u00e8nere"},"content":{"rendered":"<h3><em>\u2022 L&#8217;Ajuntament est\u00e0 adherit al pacte d&#8217;estat VIOGEN per a col\u00b7laborar en este tipus de casos<\/em><\/h3>\n<p>El passat cap de setmana <strong>la<\/strong> <strong>Policia Local d&#8217;Alzira va detindre un home per un presumpte delicte de viol\u00e8ncia de g\u00e8nere<\/strong> amb resultat de lesions greus sobre la seua parella.<\/p>\n<p>La central de la Policia Local va ser alertada per un ve\u00ed que escoltava una dona que demanava auxili en un domicili del carrer Dr. Ferran. Immediatament una patrulla municipal va acudir i despr\u00e9s d&#8217;accedir d&#8217;emerg\u00e8ncia al lloc dels fets, els agents van observar a la v\u00edctima amb lesions. Pel que sembla l&#8217;agressi\u00f3 es va produir en pres\u00e8ncia de dos fills menors d&#8217;edat. Els agents van detindre el presumpte agressor i altra patrulla va traslladar a la v\u00edctima al centre de salut, en primera inst\u00e0ncia, i posteriorment a l&#8217;Hospital de la Ribera.<\/p>\n<p><em>\u00abUna vegada m\u00e9s cal agrair d&#8217;una banda la r\u00e0pida actuaci\u00f3 del cos de seguretat municipal i especialment la col\u00b7laboraci\u00f3 ciutadana que ha estat essencial per a con\u00e8ixer l&#8217;agressi\u00f3\u00bb<\/em> ha explicat la regidora de Seguretat,<strong> Sara Gar\u00e9s<\/strong>.<\/p>\n<p>El detingut va ser traslladat a la Comissaria i ingressat en calabossos, a l&#8217;espera de ser posat a disposici\u00f3 judicial, mentre que els agents actuants van posar en coneixement dels serveis socials municipals la situaci\u00f3 de la dona.<\/p>\n<p>Per la seua banda el departament de <strong>Serveis Socials va actuar immediatament per tal d&#8217;assegurar de la situaci\u00f3 de la v\u00edctima i els seus fills<\/strong> i a hores d&#8217;ara ja han iniciat un seguiment del cas.<\/p>\n<p>Des de l&#8217;any passat i malgrat la pand\u00e8mia, la Policia local d&#8217;Alzira ha detingut a <strong>27 individus per presumptes delictes relacionats amb la viol\u00e8ncia de g\u00e8nere<\/strong>.<\/p>\n<p>A m\u00e9s, l&#8217;Ajuntament ha refor\u00e7at el seu comprom\u00eds amb les v\u00edctimes de maltractament signant un conveni amb la Secretaria d&#8217;Estat de Seguretat perqu\u00e8 la Policia Local puga col\u00b7laborar, en qualitat de policia judicial, en les mesures de protecci\u00f3 i seguiment dels casos viogen. <em>\u00abAmb esta adhesi\u00f3, la Policia Local d&#8217;Alzira augmenta la seua capacitat de resposta en estos casos i es permet una major implicaci\u00f3 i coordinaci\u00f3 amb altres administracions en agressions de viol\u00e8ncia de g\u00e8nere\u00bb<\/em> afig la regidora.<\/p>\n<p style=\"text-align: center;\"><img fetchpriority=\"high\" decoding=\"async\" class=\" size-full wp-image-53864\" src=\"https:\/\/alzira.es\/wp-content\/uploads\/2021\/03\/policia_local_alzira.jpeg\" alt=\"policia local alzira\" width=\"817\" height=\"613\" srcset=\"https:\/\/alzira.es\/wp-content\/uploads\/2021\/03\/policia_local_alzira.jpeg 1600w, https:\/\/alzira.es\/wp-content\/uploads\/2021\/03\/policia_local_alzira-680x510.jpeg 680w, https:\/\/alzira.es\/wp-content\/uploads\/2021\/03\/policia_local_alzira-1430x1072.jpeg 1430w, https:\/\/alzira.es\/wp-content\/uploads\/2021\/03\/policia_local_alzira-768x576.jpeg 768w, https:\/\/alzira.es\/wp-content\/uploads\/2021\/03\/policia_local_alzira-1536x1152.jpeg 1536w\" sizes=\"(max-width: 706px) 89vw, (max-width: 767px) 82vw, 740px\" \/><\/p>\n","protected":false},"excerpt":{"rendered":"<p>\u2022 L&#8217;Ajuntament est\u00e0 adherit al pacte d&#8217;estat VIOGEN per a col\u00b7laborar en este tipus de casos El passat cap de setmana la Policia Local d&#8217;Alzira va detindre un home per un presumpte delicte de viol\u00e8ncia de g\u00e8nere amb resultat de lesions greus sobre la seua parella. La central de la Policia Local va ser alertada &hellip; <\/p>\n<p class=\"link-more\"><a href=\"https:\/\/alzira.es\/es\/la-policia-local-d-alzira-actua-de-nou-en-un-cas-de-violencia-de-genere-2\/\" class=\"more-link\">Continuar leyendo<span class=\"screen-reader-text\"> \u00abLa Policia Local d\u2019Alzira actua de nou en un cas de Viol\u00e8ncia de G\u00e8nere\u00bb<\/span><\/a><\/p>\n","protected":false},"author":29,"featured_media":53864,"comment_status":"","ping_status":"","sticky":false,"template":"","format":"standard","meta":{"_acf_changed":false,"footnotes":""},"categories":[],"tags":[],"class_list":["post-53867","post","type-post","status-publish","format-standard","has-post-thumbnail","hentry"],"acf":[],"_links":{"self":[{"href":"https:\/\/alzira.es\/es\/wp-json\/wp\/v2\/posts\/53867","targetHints":{"allow":["GET"]}}],"collection":[{"href":"https:\/\/alzira.es\/es\/wp-json\/wp\/v2\/posts"}],"about":[{"href":"https:\/\/alzira.es\/es\/wp-json\/wp\/v2\/types\/post"}],"author":[{"embeddable":true,"href":"https:\/\/alzira.es\/es\/wp-json\/wp\/v2\/users\/29"}],"replies":[{"embeddable":true,"href":"https:\/\/alzira.es\/es\/wp-json\/wp\/v2\/comments?post=53867"}],"version-history":[{"count":0,"href":"https:\/\/alzira.es\/es\/wp-json\/wp\/v2\/posts\/53867\/revisions"}],"wp:featuredmedia":[{"embeddable":true,"href":"https:\/\/alzira.es\/es\/wp-json\/wp\/v2\/media\/53864"}],"wp:attachment":[{"href":"https:\/\/alzira.es\/es\/wp-json\/wp\/v2\/media?parent=53867"}],"wp:term":[{"taxonomy":"category","embeddable":true,"href":"https:\/\/alzira.es\/es\/wp-json\/wp\/v2\/categories?post=53867"},{"taxonomy":"post_tag","embeddable":true,"href":"https:\/\/alzira.es\/es\/wp-json\/wp\/v2\/tags?post=53867"}],"curies":[{"name":"wp","href":"https:\/\/api.w.org\/{rel}","templated":true}]}}