{"id":53866,"date":"2021-03-09T13:32:23","date_gmt":"2021-03-09T12:32:23","guid":{"rendered":"https:\/\/alzira.es\/la-policia-local-d-alzira-actua-de-nou-en-un-cas-de-violencia-de-genere\/"},"modified":"2021-03-09T13:32:23","modified_gmt":"2021-03-09T12:32:23","slug":"la-policia-local-d-alzira-actua-de-nou-en-un-cas-de-violencia-de-genere","status":"publish","type":"post","link":"https:\/\/alzira.es\/es\/la-policia-local-d-alzira-actua-de-nou-en-un-cas-de-violencia-de-genere\/","title":{"rendered":"La Polic\u00eda Local de Alzira act\u00faa de nuevo en un caso de Violencia de G\u00e9nero"},"content":{"rendered":"<h3><em>\u2022 El Ayuntamiento est\u00e1 adherido al pacto de sido VIOGEN para colaborar en este tipo de casos<\/em><\/h3>\n<p>El pasado fin de semana <strong>la Polic\u00eda Local de Alzira detuvo un hombre por un presunto delito de violencia de g\u00e9nero<\/strong> con resultado de lesiones graves sobre su pareja.<\/p>\n<p>La central de la Polic\u00eda Local fue alertada por un vecino que escuchaba una mujer que ped\u00eda auxilio en un domicilio de la calle Dr. Ferran. Inmediatamente una patrulla municipal acudi\u00f3 y despu\u00e9s de acceder de emergencia al lugar de los hechos, los agentes observaron a la v\u00edctima con lesiones. Al parecer la agresi\u00f3n se produjo en presencia de dos hijos menores de edad. Los agentes detuvieron el presunto agresor y otra patrulla traslad\u00f3 a la v\u00edctima en el centro de salud, en primera instancia, y posteriormente en el Hospital de la Ribera.<\/p>\n<p><em>\u00abUna vez m\u00e1s hay que agradecer por un lado la r\u00e1pida actuaci\u00f3n del cuerpo de seguridad municipal y especialmente la colaboraci\u00f3n ciudadana que ha sido esencial para conocer la agresi\u00f3n\u00bb<\/em> ha explicado la regidora de Seguridad, <strong>Sara Gar\u00e9s<\/strong>.<\/p>\n<p>El detenido fue trasladado a la Comisar\u00eda e ingresado en calabozos, a la espera de ser puesto a disposici\u00f3n judicial, mientras que los agentes actuantes pusieron en conocimiento de los servicios sociales municipales la situaci\u00f3n de la mujer.<\/p>\n<p>Por su parte el departamento de <strong>Servicios Sociales actu\u00f3 inmediatamente para asegurar de la situaci\u00f3n de la v\u00edctima y sus hijos<\/strong> y a estas alturas ya han iniciado un seguimiento del caso.<\/p>\n<p>Desde el a\u00f1o pasado y a pesar de la pandemia,<strong> la Polic\u00eda local de Alzira ha detenido a 27 individuos por presuntos delitos relacionados con la violencia de g\u00e9nero<\/strong>.<\/p>\n<p>Adem\u00e1s, el Ayuntamiento ha reforzado su compromiso con las v\u00edctimas de maltrato firmando un convenio con la Secretar\u00eda de Estado de Seguridad porque la Polic\u00eda Local pueda colaborar, en calidad de polic\u00eda judicial, en las medidas de protecci\u00f3n y seguimiento de los casos viogen.<em> \u00abCon esta adhesi\u00f3n, la Polic\u00eda Local de Alzira aumenta su capacidad de respuesta en estos casos y se permite una mayor implicaci\u00f3n y coordinaci\u00f3n con otras administraciones en agresiones de violencia de g\u00e9nero\u00bb<\/em> a\u00f1ade la regidora.<\/p>\n<p style=\"text-align: center;\"><img fetchpriority=\"high\" decoding=\"async\" class=\" size-full wp-image-53864\" src=\"https:\/\/alzira.es\/wp-content\/uploads\/2021\/03\/policia_local_alzira.jpeg\" alt=\"policia local alzira\" width=\"817\" height=\"613\" srcset=\"https:\/\/alzira.es\/wp-content\/uploads\/2021\/03\/policia_local_alzira.jpeg 1600w, https:\/\/alzira.es\/wp-content\/uploads\/2021\/03\/policia_local_alzira-680x510.jpeg 680w, https:\/\/alzira.es\/wp-content\/uploads\/2021\/03\/policia_local_alzira-1430x1072.jpeg 1430w, https:\/\/alzira.es\/wp-content\/uploads\/2021\/03\/policia_local_alzira-768x576.jpeg 768w, https:\/\/alzira.es\/wp-content\/uploads\/2021\/03\/policia_local_alzira-1536x1152.jpeg 1536w\" sizes=\"(max-width: 706px) 89vw, (max-width: 767px) 82vw, 740px\" \/><\/p>\n","protected":false},"excerpt":{"rendered":"<p>\u2022 El Ayuntamiento est\u00e1 adherido al pacto de sido VIOGEN para colaborar en este tipo de casos El pasado fin de semana la Polic\u00eda Local de Alzira detuvo un hombre por un presunto delito de violencia de g\u00e9nero con resultado de lesiones graves sobre su pareja. La central de la Polic\u00eda Local fue alertada por &hellip; <\/p>\n<p class=\"link-more\"><a href=\"https:\/\/alzira.es\/es\/la-policia-local-d-alzira-actua-de-nou-en-un-cas-de-violencia-de-genere\/\" class=\"more-link\">Continuar leyendo<span class=\"screen-reader-text\"> \u00abLa Polic\u00eda Local de Alzira act\u00faa de nuevo en un caso de Violencia de G\u00e9nero\u00bb<\/span><\/a><\/p>\n","protected":false},"author":29,"featured_media":53864,"comment_status":"","ping_status":"","sticky":false,"template":"","format":"standard","meta":{"_acf_changed":false,"footnotes":""},"categories":[4936],"tags":[],"class_list":["post-53866","post","type-post","status-publish","format-standard","has-post-thumbnail","hentry","category-hemeroteca-es"],"acf":[],"_links":{"self":[{"href":"https:\/\/alzira.es\/es\/wp-json\/wp\/v2\/posts\/53866","targetHints":{"allow":["GET"]}}],"collection":[{"href":"https:\/\/alzira.es\/es\/wp-json\/wp\/v2\/posts"}],"about":[{"href":"https:\/\/alzira.es\/es\/wp-json\/wp\/v2\/types\/post"}],"author":[{"embeddable":true,"href":"https:\/\/alzira.es\/es\/wp-json\/wp\/v2\/users\/29"}],"replies":[{"embeddable":true,"href":"https:\/\/alzira.es\/es\/wp-json\/wp\/v2\/comments?post=53866"}],"version-history":[{"count":0,"href":"https:\/\/alzira.es\/es\/wp-json\/wp\/v2\/posts\/53866\/revisions"}],"wp:featuredmedia":[{"embeddable":true,"href":"https:\/\/alzira.es\/es\/wp-json\/wp\/v2\/media\/53864"}],"wp:attachment":[{"href":"https:\/\/alzira.es\/es\/wp-json\/wp\/v2\/media?parent=53866"}],"wp:term":[{"taxonomy":"category","embeddable":true,"href":"https:\/\/alzira.es\/es\/wp-json\/wp\/v2\/categories?post=53866"},{"taxonomy":"post_tag","embeddable":true,"href":"https:\/\/alzira.es\/es\/wp-json\/wp\/v2\/tags?post=53866"}],"curies":[{"name":"wp","href":"https:\/\/api.w.org\/{rel}","templated":true}]}}