{"id":53863,"date":"2021-03-09T11:48:36","date_gmt":"2021-03-09T10:48:36","guid":{"rendered":"https:\/\/alzira.es\/cent-vint-i-huit-fanals-de-la-barriada-de-sant-judes-ja-compten-amb-el-sistema-d-il-luminacio-led\/"},"modified":"2021-03-09T11:48:36","modified_gmt":"2021-03-09T10:48:36","slug":"cent-vint-i-huit-fanals-de-la-barriada-de-sant-judes-ja-compten-amb-el-sistema-d-il-luminacio-led","status":"publish","type":"post","link":"https:\/\/alzira.es\/es\/cent-vint-i-huit-fanals-de-la-barriada-de-sant-judes-ja-compten-amb-el-sistema-d-il-luminacio-led\/","title":{"rendered":"Ciento veintiocho farolas de la barriada de San Judas ya cuentan con el sistema de iluminaci\u00f3n Led"},"content":{"rendered":"<p>La Concejal\u00eda de Servicios Urbanos contin\u00faa con la tarea de <strong>mejorar el alumbrado p\u00fablico<\/strong>, con la utilizaci\u00f3n del <strong>sistema Led<\/strong>, lo cual permite mejor la iluminaci\u00f3n, adem\u00e1s, de comportar un importante ahorro de energ\u00eda.<\/p>\n<p>En la <strong>barriada de San Judas<\/strong> se ha procedido al cambio de las luces de vapor de sodio de alta presi\u00f3n por luminarias de tecnolog\u00eda led que, con un menor consumo energ\u00e9tico y econ\u00f3mico, proporciona una mejor iluminaci\u00f3n de la zona.<\/p>\n<p>Un total de <strong>128 farolas cuentan desde ahora con el sistema Led de iluminaci\u00f3n<\/strong>, permitiendo un ahorro energ\u00e9tico de unos 63.000kW (kilovatios) anuales, con una disminuci\u00f3n de las emisiones de CO\u2082 a la atm\u00f3sfera y un ahorro econ\u00f3mico de aproximadamente <strong>5.700 \u20ac anuales<\/strong> a las arcas municipales.<\/p>\n<p><em>\u00abLa concejal\u00eda de servicios p\u00fablicos persigue hacer una ciudad m\u00e1s sostenible donde su impacto energ\u00e9tico vaya disminuyendo con cada intervenci\u00f3n de mejora, adem\u00e1s de conseguir un importante ahorro en el consumo de la iluminaci\u00f3n, por eso uno de los objetivos de la Regidora es continuar actuando en aquellas zonas de la ciudad donde todav\u00eda se cuenta con un sistema de alumbrando obsoleto para sustituirlo por la tecnolog\u00eda Led\u00bb<\/em>, seg\u00fan el regidor encargado del \u00e1rea;<strong> Fernando Pascual<\/strong>.<\/p>\n<p style=\"text-align: center;\"><img fetchpriority=\"high\" decoding=\"async\" class=\" size-full wp-image-53855\" src=\"https:\/\/alzira.es\/wp-content\/uploads\/2021\/03\/sj_2.jpg\" alt=\"sj 2\" width=\"675\" height=\"506\" srcset=\"https:\/\/alzira.es\/wp-content\/uploads\/2021\/03\/sj_2.jpg 2016w, https:\/\/alzira.es\/wp-content\/uploads\/2021\/03\/sj_2-680x510.jpg 680w, https:\/\/alzira.es\/wp-content\/uploads\/2021\/03\/sj_2-1430x1072.jpg 1430w, https:\/\/alzira.es\/wp-content\/uploads\/2021\/03\/sj_2-768x576.jpg 768w, https:\/\/alzira.es\/wp-content\/uploads\/2021\/03\/sj_2-1536x1152.jpg 1536w\" sizes=\"(max-width: 675px) 100vw, 675px\" \/>&nbsp;<img decoding=\"async\" class=\"size-full wp-image-53857 lazyload\" data-src=\"https:\/\/alzira.es\/wp-content\/uploads\/2021\/03\/sj_3.jpg\" alt=\"sj 3\" width=\"379\" height=\"505\" data-srcset=\"https:\/\/alzira.es\/wp-content\/uploads\/2021\/03\/sj_3.jpg 1512w, https:\/\/alzira.es\/wp-content\/uploads\/2021\/03\/sj_3-680x907.jpg 680w, https:\/\/alzira.es\/wp-content\/uploads\/2021\/03\/sj_3-804x1072.jpg 804w, https:\/\/alzira.es\/wp-content\/uploads\/2021\/03\/sj_3-768x1024.jpg 768w, https:\/\/alzira.es\/wp-content\/uploads\/2021\/03\/sj_3-300x400.jpg 300w, https:\/\/alzira.es\/wp-content\/uploads\/2021\/03\/sj_3-1152x1536.jpg 1152w\" data-sizes=\"(max-width: 379px) 100vw, 379px\" src=\"data:image\/svg+xml;base64,PHN2ZyB3aWR0aD0iMSIgaGVpZ2h0PSIxIiB4bWxucz0iaHR0cDovL3d3dy53My5vcmcvMjAwMC9zdmciPjwvc3ZnPg==\" style=\"--smush-placeholder-width: 379px; --smush-placeholder-aspect-ratio: 379\/505;\" \/><\/p>\n<p style=\"text-align: center;\"><img decoding=\"async\" class=\"size-full wp-image-53859 lazyload\" data-src=\"https:\/\/alzira.es\/wp-content\/uploads\/2021\/03\/sj_1.jpg\" alt=\"sj 1\" width=\"378\" height=\"504\" data-srcset=\"https:\/\/alzira.es\/wp-content\/uploads\/2021\/03\/sj_1.jpg 1512w, https:\/\/alzira.es\/wp-content\/uploads\/2021\/03\/sj_1-680x907.jpg 680w, https:\/\/alzira.es\/wp-content\/uploads\/2021\/03\/sj_1-804x1072.jpg 804w, https:\/\/alzira.es\/wp-content\/uploads\/2021\/03\/sj_1-768x1024.jpg 768w, https:\/\/alzira.es\/wp-content\/uploads\/2021\/03\/sj_1-300x400.jpg 300w, https:\/\/alzira.es\/wp-content\/uploads\/2021\/03\/sj_1-1152x1536.jpg 1152w\" data-sizes=\"(max-width: 378px) 100vw, 378px\" src=\"data:image\/svg+xml;base64,PHN2ZyB3aWR0aD0iMSIgaGVpZ2h0PSIxIiB4bWxucz0iaHR0cDovL3d3dy53My5vcmcvMjAwMC9zdmciPjwvc3ZnPg==\" style=\"--smush-placeholder-width: 378px; --smush-placeholder-aspect-ratio: 378\/504;\" \/>&nbsp;<img decoding=\"async\" class=\"size-full wp-image-53861 lazyload\" data-src=\"https:\/\/alzira.es\/wp-content\/uploads\/2021\/03\/sj_4.jpg\" alt=\"sj 4\" width=\"675\" height=\"506\" data-srcset=\"https:\/\/alzira.es\/wp-content\/uploads\/2021\/03\/sj_4.jpg 2016w, https:\/\/alzira.es\/wp-content\/uploads\/2021\/03\/sj_4-680x510.jpg 680w, https:\/\/alzira.es\/wp-content\/uploads\/2021\/03\/sj_4-1430x1072.jpg 1430w, https:\/\/alzira.es\/wp-content\/uploads\/2021\/03\/sj_4-768x576.jpg 768w, https:\/\/alzira.es\/wp-content\/uploads\/2021\/03\/sj_4-1536x1152.jpg 1536w\" data-sizes=\"(max-width: 675px) 100vw, 675px\" src=\"data:image\/svg+xml;base64,PHN2ZyB3aWR0aD0iMSIgaGVpZ2h0PSIxIiB4bWxucz0iaHR0cDovL3d3dy53My5vcmcvMjAwMC9zdmciPjwvc3ZnPg==\" style=\"--smush-placeholder-width: 675px; --smush-placeholder-aspect-ratio: 675\/506;\" \/><\/p>\n","protected":false},"excerpt":{"rendered":"<p>La Concejal\u00eda de Servicios Urbanos contin\u00faa con la tarea de mejorar el alumbrado p\u00fablico, con la utilizaci\u00f3n del sistema Led, lo cual permite mejor la iluminaci\u00f3n, adem\u00e1s, de comportar un importante ahorro de energ\u00eda. En la barriada de San Judas se ha procedido al cambio de las luces de vapor de sodio de alta presi\u00f3n &hellip; <\/p>\n<p class=\"link-more\"><a href=\"https:\/\/alzira.es\/es\/cent-vint-i-huit-fanals-de-la-barriada-de-sant-judes-ja-compten-amb-el-sistema-d-il-luminacio-led\/\" class=\"more-link\">Continuar leyendo<span class=\"screen-reader-text\"> \u00abCiento veintiocho farolas de la barriada de San Judas ya cuentan con el sistema de iluminaci\u00f3n Led\u00bb<\/span><\/a><\/p>\n","protected":false},"author":29,"featured_media":53855,"comment_status":"","ping_status":"","sticky":false,"template":"","format":"standard","meta":{"_acf_changed":false,"footnotes":""},"categories":[4936],"tags":[],"class_list":["post-53863","post","type-post","status-publish","format-standard","has-post-thumbnail","hentry","category-hemeroteca-es"],"acf":[],"_links":{"self":[{"href":"https:\/\/alzira.es\/es\/wp-json\/wp\/v2\/posts\/53863","targetHints":{"allow":["GET"]}}],"collection":[{"href":"https:\/\/alzira.es\/es\/wp-json\/wp\/v2\/posts"}],"about":[{"href":"https:\/\/alzira.es\/es\/wp-json\/wp\/v2\/types\/post"}],"author":[{"embeddable":true,"href":"https:\/\/alzira.es\/es\/wp-json\/wp\/v2\/users\/29"}],"replies":[{"embeddable":true,"href":"https:\/\/alzira.es\/es\/wp-json\/wp\/v2\/comments?post=53863"}],"version-history":[{"count":0,"href":"https:\/\/alzira.es\/es\/wp-json\/wp\/v2\/posts\/53863\/revisions"}],"wp:featuredmedia":[{"embeddable":true,"href":"https:\/\/alzira.es\/es\/wp-json\/wp\/v2\/media\/53855"}],"wp:attachment":[{"href":"https:\/\/alzira.es\/es\/wp-json\/wp\/v2\/media?parent=53863"}],"wp:term":[{"taxonomy":"category","embeddable":true,"href":"https:\/\/alzira.es\/es\/wp-json\/wp\/v2\/categories?post=53863"},{"taxonomy":"post_tag","embeddable":true,"href":"https:\/\/alzira.es\/es\/wp-json\/wp\/v2\/tags?post=53863"}],"curies":[{"name":"wp","href":"https:\/\/api.w.org\/{rel}","templated":true}]}}