{"id":53854,"date":"2021-03-09T10:46:39","date_gmt":"2021-03-09T09:46:39","guid":{"rendered":"https:\/\/alzira.es\/publicades-les-obres-guanyadores-dels-premis-literaris-ciutat-d-alzira-2020-2\/"},"modified":"2021-03-09T10:46:39","modified_gmt":"2021-03-09T09:46:39","slug":"publicades-les-obres-guanyadores-dels-premis-literaris-ciutat-d-alzira-2020-2","status":"publish","type":"post","link":"https:\/\/alzira.es\/es\/publicades-les-obres-guanyadores-dels-premis-literaris-ciutat-d-alzira-2020-2\/","title":{"rendered":"Publicades les obres guanyadores dels Premis Literaris Ciutat d\u2019Alzira 2020"},"content":{"rendered":"<p>L&#8217;Ajuntament d&#8217;Alzira ha rebut ja la totalitat de <strong>obres guanyadores<\/strong> en la <strong>32 edici\u00f3 dels Premis Literaris Ciutat d&#8217;Alzira 2020<\/strong>, publicades per Edicions Bromera.<\/p>\n<p><span style=\"text-decoration: underline;\">Els llibres publicats s\u00f3n<\/span>:<strong> Els fantasmes i madame L\u00e9vy de Jordi Torrent<\/strong>, XXXII Premi de Novel\u00b7la Ciutat d&#8217;Alzira. <strong>Anar a Saturn i tornar de Marta Barcel\u00f3<\/strong>, XV Premi de Teatre Ciutat d&#8217;Alzira Palanca i Roca. <strong>La gerra d&#8217;H\u00e8cabe de Carme Rufino<\/strong>, XV Premi de Poesia Ibn Hafaja.<strong> Els adeus del Jaguar de Joanjo Garcia<\/strong>, XXV Premi Fundaci\u00f3 Bancaixa de Narrativa Juvenil. <strong>La banda dels llun\u00e0tics de Francesc Puigpelat<\/strong>, XXV Premi Vicent Silvestre de Narrativa Infantil. <strong>El bosc i la casa de Joaquim Espin\u00f3s<\/strong>, XXII Premi d&#8217;Assaig Mancomunitat de la Ribera Alta.<br \/><span style=\"text-decoration: underline;\">Es troben pendent de publicaci\u00f3<\/span>:<strong> L&#8217;oxigen: hist\u00f2ria \u00edntima d&#8217;una mol\u00e9cula corrent d&#8217;\u00c1lvaro Mart\u00ednez<\/strong>, XXVI Premi Europeu de Divulgaci\u00f3 Cient\u00edfica Estudi General i <strong>La sopa de Tom\u00e0s de Subi<\/strong>, V Premi Internacional d&#8217;\u00c0lbum Il\u00b7lustrat Enric Solbes Consorci Ribera i Valldigna.<\/p>\n<p><em>\u00abJa podem llegir les obres guardonades en la passada edici\u00f3 dels Premis Literaris Ciutat d&#8217;Alzira, enguany les hem rebudes amb antelaci\u00f3 respecte a altres anys i les agafarem amb molt d&#8217;inter\u00e9s. Estos llibres ja els podem trobar a les llibreries i tamb\u00e9 a la Biblioteca Municipal, destinats a tot tipus de lectors. S\u00f3n huit obres liter\u00e0ries i divulgatives de gran qualitat, que donen visibilitat i prestigi tant als seus autors i autores com als nostres premis\u00bb<\/em> ha explicat el regidor de Cultura, <strong>Alfred Aranda<\/strong>.<\/p>\n<p>L&#8217;Ajuntament d&#8217;Alzira i Edicions Bromera estan treballant en la convocat\u00f2ria de la XXXIII edici\u00f3 dels PLCA i confien a mantenir la gran participaci\u00f3 d&#8217;obres presentades en 2020 i poder dur a cap tots els actes que giren al seu voltant. Una vegada m\u00e9s cal traslladar l&#8217;agra\u00efment a les empreses i entitats que un any m\u00e9s patrocinen estos guardons: Fundaci\u00f3n Aguas de Val\u00e8ncia, Fundaci\u00f3 Bancaixa, UNED, Mancomunitat de la Ribera Alta, Universitat de Val\u00e8ncia i el Consorci Ribera i Valldigna.<\/p>\n<p>El regidor de Cultura <strong>Alfred Aranda<\/strong> ha informat que al voltant del dia del llibre, <strong>23 d&#8217;abril<\/strong>, est\u00e0 previst un acte de<strong> presentaci\u00f3 oficial de les obres guardonades en els PLCA 2020<\/strong>, aix\u00ed com un <strong>recital de m\u00fasica en valenci\u00e0 a la Casa de la Cultura<\/strong>. A m\u00e9s, des del Serval, es continua amb la tercera fase de la campanya de dotaci\u00f3 de llibres a tots els centres educatius d&#8217;Alzira.<\/p>\n<p><strong>Premis Literaris Ciutat d&#8217;Alzira<\/strong><br \/>Des dels seus inicis l&#8217;any 1989 amb el Premi de Novel\u00b7la Ciutat d&#8217;Alzira, fins a arribar a les huit modalitats actuals, esta cita liter\u00e0ria s&#8217;ha mant\u00e9s en totes les corporacions municipals i s&#8217;ha consolidat com un dels referents m\u00e9s importants del premis literaris en la nostra llengua.<\/p>\n<p style=\"text-align: center;\"><img fetchpriority=\"high\" decoding=\"async\" class=\" size-full wp-image-53851\" src=\"https:\/\/alzira.es\/wp-content\/uploads\/2021\/03\/PLCA_Obres_publicades_2.jpeg\" alt=\"PLCA Obres publicades 2\" width=\"864\" height=\"648\" srcset=\"https:\/\/alzira.es\/wp-content\/uploads\/2021\/03\/PLCA_Obres_publicades_2.jpeg 1600w, https:\/\/alzira.es\/wp-content\/uploads\/2021\/03\/PLCA_Obres_publicades_2-680x510.jpeg 680w, https:\/\/alzira.es\/wp-content\/uploads\/2021\/03\/PLCA_Obres_publicades_2-1430x1072.jpeg 1430w, https:\/\/alzira.es\/wp-content\/uploads\/2021\/03\/PLCA_Obres_publicades_2-768x576.jpeg 768w, https:\/\/alzira.es\/wp-content\/uploads\/2021\/03\/PLCA_Obres_publicades_2-1536x1152.jpeg 1536w\" sizes=\"(max-width: 706px) 89vw, (max-width: 767px) 82vw, 740px\" \/><\/p>\n","protected":false},"excerpt":{"rendered":"<p>L&#8217;Ajuntament d&#8217;Alzira ha rebut ja la totalitat de obres guanyadores en la 32 edici\u00f3 dels Premis Literaris Ciutat d&#8217;Alzira 2020, publicades per Edicions Bromera. Els llibres publicats s\u00f3n: Els fantasmes i madame L\u00e9vy de Jordi Torrent, XXXII Premi de Novel\u00b7la Ciutat d&#8217;Alzira. Anar a Saturn i tornar de Marta Barcel\u00f3, XV Premi de Teatre Ciutat &hellip; <\/p>\n<p class=\"link-more\"><a href=\"https:\/\/alzira.es\/es\/publicades-les-obres-guanyadores-dels-premis-literaris-ciutat-d-alzira-2020-2\/\" class=\"more-link\">Continuar leyendo<span class=\"screen-reader-text\"> \u00abPublicades les obres guanyadores dels Premis Literaris Ciutat d\u2019Alzira 2020\u00bb<\/span><\/a><\/p>\n","protected":false},"author":29,"featured_media":53851,"comment_status":"","ping_status":"","sticky":false,"template":"","format":"standard","meta":{"_acf_changed":false,"footnotes":""},"categories":[],"tags":[],"class_list":["post-53854","post","type-post","status-publish","format-standard","has-post-thumbnail","hentry"],"acf":[],"_links":{"self":[{"href":"https:\/\/alzira.es\/es\/wp-json\/wp\/v2\/posts\/53854","targetHints":{"allow":["GET"]}}],"collection":[{"href":"https:\/\/alzira.es\/es\/wp-json\/wp\/v2\/posts"}],"about":[{"href":"https:\/\/alzira.es\/es\/wp-json\/wp\/v2\/types\/post"}],"author":[{"embeddable":true,"href":"https:\/\/alzira.es\/es\/wp-json\/wp\/v2\/users\/29"}],"replies":[{"embeddable":true,"href":"https:\/\/alzira.es\/es\/wp-json\/wp\/v2\/comments?post=53854"}],"version-history":[{"count":0,"href":"https:\/\/alzira.es\/es\/wp-json\/wp\/v2\/posts\/53854\/revisions"}],"wp:featuredmedia":[{"embeddable":true,"href":"https:\/\/alzira.es\/es\/wp-json\/wp\/v2\/media\/53851"}],"wp:attachment":[{"href":"https:\/\/alzira.es\/es\/wp-json\/wp\/v2\/media?parent=53854"}],"wp:term":[{"taxonomy":"category","embeddable":true,"href":"https:\/\/alzira.es\/es\/wp-json\/wp\/v2\/categories?post=53854"},{"taxonomy":"post_tag","embeddable":true,"href":"https:\/\/alzira.es\/es\/wp-json\/wp\/v2\/tags?post=53854"}],"curies":[{"name":"wp","href":"https:\/\/api.w.org\/{rel}","templated":true}]}}