{"id":53853,"date":"2021-03-09T10:46:39","date_gmt":"2021-03-09T09:46:39","guid":{"rendered":"https:\/\/alzira.es\/publicades-les-obres-guanyadores-dels-premis-literaris-ciutat-d-alzira-2020\/"},"modified":"2021-03-09T10:46:39","modified_gmt":"2021-03-09T09:46:39","slug":"publicades-les-obres-guanyadores-dels-premis-literaris-ciutat-d-alzira-2020","status":"publish","type":"post","link":"https:\/\/alzira.es\/es\/publicades-les-obres-guanyadores-dels-premis-literaris-ciutat-d-alzira-2020\/","title":{"rendered":"Publicadas las obras ganadoras de los Premios Literarios Ciudad de Alzira 2020"},"content":{"rendered":"<p>El Ayuntamiento de Alzira ha recibido ya la totalidad de <strong>obras ganadoras<\/strong> en la <strong>32 edici\u00f3n de los Premios Literarios Ciudad de Alzira 2020<\/strong>, publicadas por Edicions Bromera.<\/p>\n<p><span style=\"text-decoration: underline;\">Los libros publicados son<\/span>: <strong>Els&nbsp;fantasmes y madame L\u00e9vy de Jordi Torrent<\/strong>, XXXII Premio de Novela Ciudad de Alzira. <strong>Anar Saturn i tornar de Marta Barcel\u00f3<\/strong>, XV Premio de Teatro Ciudad de Alzira Palanca y Roca. <strong>La gerra d&#8217;H\u00e8cabe de Carme Rufino<\/strong>, XV Premio de Poes\u00eda Ibn Hafaja.<strong> Els adeus del Jaguar de Joanjo Garcia<\/strong>, XXV Premio Fundaci\u00f3n Bancaja de Narrativa Juvenil. <strong>La banda dels llun\u00e0tics de Francesc Puigpelat<\/strong>, XXV Premio Vicent Silvestre de Narrativa Infantil. <strong>El bosc i la casa de Joaquim Espin\u00f3s<\/strong>, XXII Premio de Ensayo Mancomunidad de la Ribera Alta.<br \/><span style=\"text-decoration: underline;\">Se encuentran pendiente de publicaci\u00f3n<\/span>: <strong>L&#8217;oxigen: hist\u00f2ria \u00edntima d&#8217;una mol\u00e9cula corrent de \u00c1lvaro Mart\u00ednez<\/strong>, XXVI Premio Europeo de Divulgaci\u00f3n Cient\u00edfica Estudi General y <strong>La sopa de Tom\u00e0s de Subi<\/strong>, V Premio Internacional de \u00c1lbum Ilustrado Enric Solbes Consorci Ribera y Valldigna.<\/p>\n<p><em>\u00abYa podemos leer las obras galardonadas en la pasada edici\u00f3n de los Premios Literarios Ciudad de Alzira, este a\u00f1o las hemos recibido con antelaci\u00f3n respecto a otros a\u00f1os y las cogeremos con mucho inter\u00e9s. Estos libros ya los podemos encontrar en las librer\u00edas y tambi\u00e9n en la Biblioteca Municipal, destinados a todo tipo de lectores. Son ocho obras literarias y divulgativas de gran calidad, que dan visibilidad y prestigio tanto a sus autores y autoras como a nuestros premios\u00bb<\/em> ha explicado el regidor de Cultura, <strong>Alfred Aranda<\/strong>.<\/p>\n<p>El Ayuntamiento de Alzira y Edicions Bromera est\u00e1n trabajando en la convocatoria de la XXXIII edici\u00f3n de los PLCA y conf\u00edan a mantener la gran participaci\u00f3n de obras presentadas en 2020 y poder llevar a cabo todos los actos que giran a su alrededor. Una vez m\u00e1s hay que trasladar el agradecimiento a las empresas y entidades que un a\u00f1o m\u00e1s patrocinan estos galardones: Fundaci\u00f3n Aguas de Valencia, Fundaci\u00f3n Bancaja, UNED, Mancomunidad de la Ribera Alta, Universidad de Valencia y el Consorcio Ribera y Valldigna.<\/p>\n<p>El regidor de Cultura<strong> Alfred Aranda<\/strong> ha informado que alrededor del d\u00eda del libro, <strong>23 de abril<\/strong>, est\u00e1 previsto un acto de <strong>presentaci\u00f3n oficial de las obras galardonadas en los PLCA 2020<\/strong>, as\u00ed como un<strong> recital de m\u00fasica en valenciano en la Casa de la Cultura<\/strong>. Adem\u00e1s, desde el Serval, se contin\u00faa con la tercera fase de la campa\u00f1a de dotaci\u00f3n de libros en todos los centros educativos de Alzira.<\/p>\n<p><strong>Premios Literarios Ciudad de Alzira<\/strong><br \/>Desde sus inicios en 1989 con el premio de Novela Ciudad de Alzira, hasta llegar a las ocho modalidades actuales, esta cita literaria se ha mantenido en todas las corporaciones municipales y se ha consolidado como uno de los referentes m\u00e1s importantes del premios literarios en nuestra lengua.<\/p>\n<p style=\"text-align: center;\"><img fetchpriority=\"high\" decoding=\"async\" class=\" size-full wp-image-53851\" src=\"https:\/\/alzira.es\/wp-content\/uploads\/2021\/03\/PLCA_Obres_publicades_2.jpeg\" alt=\"PLCA Obres publicades 2\" width=\"864\" height=\"648\" srcset=\"https:\/\/alzira.es\/wp-content\/uploads\/2021\/03\/PLCA_Obres_publicades_2.jpeg 1600w, https:\/\/alzira.es\/wp-content\/uploads\/2021\/03\/PLCA_Obres_publicades_2-680x510.jpeg 680w, https:\/\/alzira.es\/wp-content\/uploads\/2021\/03\/PLCA_Obres_publicades_2-1430x1072.jpeg 1430w, https:\/\/alzira.es\/wp-content\/uploads\/2021\/03\/PLCA_Obres_publicades_2-768x576.jpeg 768w, https:\/\/alzira.es\/wp-content\/uploads\/2021\/03\/PLCA_Obres_publicades_2-1536x1152.jpeg 1536w\" sizes=\"(max-width: 706px) 89vw, (max-width: 767px) 82vw, 740px\" \/><\/p>\n","protected":false},"excerpt":{"rendered":"<p>El Ayuntamiento de Alzira ha recibido ya la totalidad de obras ganadoras en la 32 edici\u00f3n de los Premios Literarios Ciudad de Alzira 2020, publicadas por Edicions Bromera. Los libros publicados son: Els&nbsp;fantasmes y madame L\u00e9vy de Jordi Torrent, XXXII Premio de Novela Ciudad de Alzira. Anar Saturn i tornar de Marta Barcel\u00f3, XV Premio &hellip; <\/p>\n<p class=\"link-more\"><a href=\"https:\/\/alzira.es\/es\/publicades-les-obres-guanyadores-dels-premis-literaris-ciutat-d-alzira-2020\/\" class=\"more-link\">Continuar leyendo<span class=\"screen-reader-text\"> \u00abPublicadas las obras ganadoras de los Premios Literarios Ciudad de Alzira 2020\u00bb<\/span><\/a><\/p>\n","protected":false},"author":29,"featured_media":53851,"comment_status":"","ping_status":"","sticky":false,"template":"","format":"standard","meta":{"_acf_changed":false,"footnotes":""},"categories":[4936],"tags":[],"class_list":["post-53853","post","type-post","status-publish","format-standard","has-post-thumbnail","hentry","category-hemeroteca-es"],"acf":[],"_links":{"self":[{"href":"https:\/\/alzira.es\/es\/wp-json\/wp\/v2\/posts\/53853","targetHints":{"allow":["GET"]}}],"collection":[{"href":"https:\/\/alzira.es\/es\/wp-json\/wp\/v2\/posts"}],"about":[{"href":"https:\/\/alzira.es\/es\/wp-json\/wp\/v2\/types\/post"}],"author":[{"embeddable":true,"href":"https:\/\/alzira.es\/es\/wp-json\/wp\/v2\/users\/29"}],"replies":[{"embeddable":true,"href":"https:\/\/alzira.es\/es\/wp-json\/wp\/v2\/comments?post=53853"}],"version-history":[{"count":0,"href":"https:\/\/alzira.es\/es\/wp-json\/wp\/v2\/posts\/53853\/revisions"}],"wp:featuredmedia":[{"embeddable":true,"href":"https:\/\/alzira.es\/es\/wp-json\/wp\/v2\/media\/53851"}],"wp:attachment":[{"href":"https:\/\/alzira.es\/es\/wp-json\/wp\/v2\/media?parent=53853"}],"wp:term":[{"taxonomy":"category","embeddable":true,"href":"https:\/\/alzira.es\/es\/wp-json\/wp\/v2\/categories?post=53853"},{"taxonomy":"post_tag","embeddable":true,"href":"https:\/\/alzira.es\/es\/wp-json\/wp\/v2\/tags?post=53853"}],"curies":[{"name":"wp","href":"https:\/\/api.w.org\/{rel}","templated":true}]}}