{"id":53836,"date":"2021-03-08T10:00:00","date_gmt":"2021-03-08T09:00:00","guid":{"rendered":"https:\/\/alzira.es\/alzira-treballa-programa-emplacament-europan\/"},"modified":"2021-03-08T10:00:00","modified_gmt":"2021-03-08T09:00:00","slug":"alzira-treballa-programa-emplacament-europan","status":"publish","type":"post","link":"https:\/\/alzira.es\/es\/alzira-treballa-programa-emplacament-europan\/","title":{"rendered":"ALZIRA TREBALLA EN EL PROGRAMA DE L&#8217;EMPLA\u00c7AMENT EUROPAN 16"},"content":{"rendered":"<p style=\"text-align: justify;\">&nbsp;<\/p>\n<table>\n<tbody>\n<tr style=\"background-color: #cccccc;\">\n<td>&nbsp; &nbsp; &nbsp; &nbsp; &nbsp; &nbsp; &nbsp; &nbsp; &nbsp;<\/td>\n<td>\n<p style=\"text-align: center;\" align=\"center\"><strong><span style=\"text-decoration: underline;\"><span style=\"font-size: 18pt;\">Alzira&nbsp;treballa en el programa de l&#8217;empla\u00e7ament per al Premi &nbsp;EUROPAN 16&nbsp;<\/span><\/span><\/strong><\/p>\n<\/td>\n<td><span style=\"font-size: 18pt;\">&nbsp; &nbsp; &nbsp; &nbsp; &nbsp; &nbsp;<\/span><\/td>\n<\/tr>\n<tr style=\"background-color: #f5f5f5;\">\n<td style=\"width: 50px;\">&nbsp;<\/td>\n<td style=\"width: 700px;\">\n<p>&nbsp;<\/p>\n<p><a class=\"jcepopup\" href=\"https:\/\/alzira.es\/wp-content\/uploads\/2021\/03\/E16-SSF-ES-Alzira.esp_.pdf\" target=\"_blank\" rel=\"noopener\"><img fetchpriority=\"high\" decoding=\"async\" class=\" size-full wp-image-53831\" style=\"display: block; margin-left: auto; margin-right: auto; vertical-align: middle;\" src=\"https:\/\/alzira.es\/wp-content\/uploads\/2021\/03\/imagen_Alzira_EUROPAN16.jpg\" alt=\"imagen Alzira EUROPAN16\" width=\"538\" height=\"525\" srcset=\"https:\/\/alzira.es\/wp-content\/uploads\/2021\/03\/imagen_Alzira_EUROPAN16.jpg 772w, https:\/\/alzira.es\/wp-content\/uploads\/2021\/03\/imagen_Alzira_EUROPAN16-680x664.jpg 680w, https:\/\/alzira.es\/wp-content\/uploads\/2021\/03\/imagen_Alzira_EUROPAN16-768x750.jpg 768w\" sizes=\"(max-width: 538px) 100vw, 538px\" \/><\/a><\/p>\n<p>&nbsp;<\/p>\n<\/td>\n<td style=\"width: 50px;\">&nbsp;<\/td>\n<\/tr>\n<tr style=\"background-color: #f5f5f5;\">\n<td>&nbsp;<\/td>\n<td>\n<p>&nbsp;&nbsp;<\/p>\n<p>&nbsp; &nbsp;Alzira ha sigut triada com a ciutat representant de la Comunitat Valenciana en la convocat\u00f2ria del concurs europeu d&#8217;arquitectura Europan 16. Es tracta d&#8217;un concurs a nivell europeu amb 17 pa\u00efsos participants, l&#8217;objectiu del qual \u00e9s que joves estudis d&#8217;arquitectura de tot Europa presenten projectes d&#8217;actuacions urban\u00edstiques destinades a millorar els espais d&#8217;habitatge i urbanitzaci\u00f3 de la ciutat triada entre totes les candidates europees. Amb el projecte arquitect\u00f2nic guanyador, es proposa solucionar els reptes que planteja la ciutat triada, amb solucions innovadores que canvien el paradigma urban\u00edstic cap a models de construcci\u00f3 de futur, amb concepcions l\u00edders a Europa i amb l&#8217;aprofitament de recursos energ\u00e8tics com a eix central de les actuacions.<\/p>\n<p>&nbsp;<\/p>\n<p>&nbsp; &nbsp;L&#8217;Ajuntament d&#8217;Alzira, davant nous reptes i din\u00e0miques socials, pret\u00e9n explorar noves vies cap a la sostenibilitat urbana i ambiental, mitjan\u00e7ant respostes innovadores que afavorisquen la seua resili\u00e8ncia, resolent els problemes inherents a les perif\u00e8ries disperses, l&#8217;a\u00efllament i desconnexi\u00f3, de barris existents com El Torretxo i l&#8217;Alquerieta, prioritzant la seua articulaci\u00f3 i contextualitzaci\u00f3 urbana des de la inclusi\u00f3, accessibilitat i equitat han de ser objectiu caracterizador de la intervenci\u00f3 proposada. .<\/p>\n<p>&nbsp;<\/p>\n<p>&nbsp;<\/p>\n<\/td>\n<td>&nbsp;<\/td>\n<\/tr>\n<tr style=\"background-color: #f5f5f5;\">\n<td>&nbsp;<\/td>\n<td>\n<p style=\"margin-left: 30px;\"><a href=\"https:\/\/alzira.es\/wp-content\/uploads\/2021\/03\/E16-SSF-ES-Alzira.esp_.pdf\" target=\"_blank\" rel=\"noopener\"><strong>*&nbsp;<span style=\"color: #800000;\">Fitxa de l&#8217;empla\u00e7ament d&#8217;Alzira.<\/span><\/strong><\/a><\/p>\n<p style=\"margin-left: 30px;\">&nbsp;<\/p>\n<\/td>\n<td>&nbsp;<\/td>\n<\/tr>\n<tr style=\"background-color: #f5f5f5;\">\n<td>&nbsp;<\/td>\n<td>\n<p style=\"margin-left: 30px;\">&nbsp;<\/p>\n<p style=\"margin-left: 30px; color: #000000; font-size: 11px; background-color: #f5f5f5;\"><strong>NOTICIAS RELACIONADAS:<\/strong><\/p>\n<p style=\"margin-left: 30px;\">&nbsp;<\/p>\n<p style=\"margin-left: 30px; color: #000000; font-size: 11px; background-color: #f5f5f5;\"><a href=\"contenidos\/urbanisme\/Noticias\/La%20Generalitat%20seleciona%20la%20propuesta%20de%20Alzira%20como%20representante%20de%20la%20com%20a%20EUROPAN%2016\/escaner_2020_11_06_12_02_44_868.jpg\" target=\"_blank\" rel=\"noopener\"><strong><span style=\"font-family: verdana, geneva; font-size: 10pt;\"><strong style=\"color: #800000; font-size: 13.3333px;\">*<\/strong>&nbsp;<\/span><\/strong><\/a><strong><strong><span style=\"font-family: verdana, geneva; font-size: 10pt;\"><a class=\"jcepopup\" href=\"https:\/\/alzira.es\/wp-content\/uploads\/2020\/10\/LAS-PROVINCIAS-5-11-2020.jpg\" target=\"_blank\" rel=\"noopener\"><span style=\"color: #800000;\">Acceso a Publicacion LAS PROVINCIAS<\/span> <strong style=\"color: #000000; font-size: 11px; background-color: #f5f5f5;\"><strong style=\"color: #e25b32;\"><span style=\"font-family: verdana, geneva; font-size: 10pt;\">&nbsp;<span style=\"color: #800000;\">jueves 5-11-2020<\/span><\/span><\/strong><\/strong><\/a><span style=\"color: #800000;\"><br \/><\/span><\/span><\/strong><\/strong><\/p>\n<p style=\"margin-left: 30px;\"><strong><span style=\"color: #800000;\"><strong style=\"color: #e25b32;\"><span style=\"font-family: verdana, geneva; font-size: 10pt;\"><strong style=\"color: #800000; font-size: 13.3333px;\">*<\/strong>&nbsp;<a class=\"jcepopup\" href=\"https:\/\/alzira.es\/wp-content\/uploads\/2020\/10\/LEVANTE-5-11-2020.jpg\" target=\"_blank\" rel=\"noopener\"><span style=\"color: #800000;\">Acceso a Publicacion EL LEVANTE jueves 5-11-2020<\/span><\/a>&nbsp;&nbsp;<\/span><\/strong><\/span><a href=\"contenidos\/urbanisme\/Noticias\/La%20Generalitat%20seleciona%20la%20propuesta%20de%20Alzira%20como%20representante%20de%20la%20com%20a%20EUROPAN%2016\/escaner_2020_11_06_12_00_15_794.jpg\" target=\"_blank\" rel=\"noopener\"><span style=\"font-family: verdana, geneva; font-size: 10pt;\">&nbsp;<\/span><\/a><\/strong><\/p>\n<p style=\"margin-left: 30px;\">&nbsp;<\/p>\n<\/td>\n<td>&nbsp;<\/td>\n<\/tr>\n<\/tbody>\n<\/table>\n<p style=\"text-align: justify;\">&nbsp;<\/p>\n<p style=\"text-align: justify;\">&nbsp;<\/p>\n<p>&nbsp;<\/p>\n","protected":false},"excerpt":{"rendered":"<p>&nbsp; &nbsp; &nbsp; &nbsp; &nbsp; &nbsp; &nbsp; &nbsp; &nbsp; &nbsp; Alzira&nbsp;treballa en el programa de l&#8217;empla\u00e7ament per al Premi &nbsp;EUROPAN 16&nbsp; &nbsp; &nbsp; &nbsp; &nbsp; &nbsp; &nbsp; &nbsp; &nbsp; &nbsp; &nbsp; &nbsp; &nbsp;&nbsp; &nbsp; &nbsp;Alzira ha sigut triada com a ciutat representant de la Comunitat Valenciana en la convocat\u00f2ria del concurs europeu d&#8217;arquitectura Europan 16. &hellip; <\/p>\n<p class=\"link-more\"><a href=\"https:\/\/alzira.es\/es\/alzira-treballa-programa-emplacament-europan\/\" class=\"more-link\">Continuar leyendo<span class=\"screen-reader-text\"> \u00abALZIRA TREBALLA EN EL PROGRAMA DE L&#8217;EMPLA\u00c7AMENT EUROPAN 16\u00bb<\/span><\/a><\/p>\n","protected":false},"author":16,"featured_media":62210,"comment_status":"closed","ping_status":"closed","sticky":false,"template":"","format":"standard","meta":{"_acf_changed":false,"footnotes":""},"categories":[],"tags":[],"class_list":["post-53836","post","type-post","status-publish","format-standard","has-post-thumbnail","hentry"],"acf":[],"_links":{"self":[{"href":"https:\/\/alzira.es\/es\/wp-json\/wp\/v2\/posts\/53836","targetHints":{"allow":["GET"]}}],"collection":[{"href":"https:\/\/alzira.es\/es\/wp-json\/wp\/v2\/posts"}],"about":[{"href":"https:\/\/alzira.es\/es\/wp-json\/wp\/v2\/types\/post"}],"author":[{"embeddable":true,"href":"https:\/\/alzira.es\/es\/wp-json\/wp\/v2\/users\/16"}],"replies":[{"embeddable":true,"href":"https:\/\/alzira.es\/es\/wp-json\/wp\/v2\/comments?post=53836"}],"version-history":[{"count":0,"href":"https:\/\/alzira.es\/es\/wp-json\/wp\/v2\/posts\/53836\/revisions"}],"wp:featuredmedia":[{"embeddable":true,"href":"https:\/\/alzira.es\/es\/wp-json\/wp\/v2\/media\/62210"}],"wp:attachment":[{"href":"https:\/\/alzira.es\/es\/wp-json\/wp\/v2\/media?parent=53836"}],"wp:term":[{"taxonomy":"category","embeddable":true,"href":"https:\/\/alzira.es\/es\/wp-json\/wp\/v2\/categories?post=53836"},{"taxonomy":"post_tag","embeddable":true,"href":"https:\/\/alzira.es\/es\/wp-json\/wp\/v2\/tags?post=53836"}],"curies":[{"name":"wp","href":"https:\/\/api.w.org\/{rel}","templated":true}]}}