{"id":53835,"date":"2021-03-08T10:00:00","date_gmt":"2021-03-08T09:00:00","guid":{"rendered":"https:\/\/alzira.es\/alzira-trabaja-programa-emplazamiento-europan\/"},"modified":"2021-07-22T12:27:06","modified_gmt":"2021-07-22T10:27:06","slug":"alzira-trabaja-programa-emplazamiento-europan","status":"publish","type":"post","link":"https:\/\/alzira.es\/es\/alzira-trabaja-programa-emplazamiento-europan\/","title":{"rendered":"ALZIRA TRABAJA EN EL PROGRAMA DEL EMPLAZAMIENTO EUROPAN 16"},"content":{"rendered":"<p style=\"text-align: justify;\">&nbsp;<\/p>\n<table>\n<tbody>\n<tr style=\"background-color: #cccccc;\">\n<td>&nbsp; &nbsp; &nbsp; &nbsp; &nbsp; &nbsp; &nbsp; &nbsp; &nbsp;<\/td>\n<td>\n<p style=\"text-align: center;\" align=\"center\"><strong><span style=\"text-decoration: underline;\"><span style=\"font-size: 18pt;\">Alzira trabaja en el programa del emplazamiento para el Premio EUROPAN 16&nbsp;<\/span><\/span><\/strong><\/p>\n<\/td>\n<td><span style=\"font-size: 18pt;\">&nbsp; &nbsp; &nbsp; &nbsp; &nbsp; &nbsp;<\/span><\/td>\n<\/tr>\n<tr style=\"background-color: #f5f5f5;\">\n<td style=\"width: 50px;\">&nbsp;<\/td>\n<td style=\"width: 700px;\">\n<p>&nbsp;<\/p>\n<p><a class=\"jcepopup\" href=\"https:\/\/alzira.es\/wp-content\/uploads\/2021\/03\/E16-SSF-ES-Alzira.esp_.pdf\" target=\"_blank\" rel=\"noopener\"><img fetchpriority=\"high\" decoding=\"async\" class=\" size-full wp-image-53831\" style=\"display: block; margin-left: auto; margin-right: auto; vertical-align: middle;\" src=\"https:\/\/alzira.es\/wp-content\/uploads\/2021\/03\/imagen_Alzira_EUROPAN16.jpg\" alt=\"imagen Alzira EUROPAN16\" width=\"538\" height=\"525\" srcset=\"https:\/\/alzira.es\/wp-content\/uploads\/2021\/03\/imagen_Alzira_EUROPAN16.jpg 772w, https:\/\/alzira.es\/wp-content\/uploads\/2021\/03\/imagen_Alzira_EUROPAN16-680x664.jpg 680w, https:\/\/alzira.es\/wp-content\/uploads\/2021\/03\/imagen_Alzira_EUROPAN16-768x750.jpg 768w\" sizes=\"(max-width: 538px) 100vw, 538px\" \/><\/a><\/p>\n<p>&nbsp;<\/p>\n<\/td>\n<td style=\"width: 50px;\">&nbsp;<\/td>\n<\/tr>\n<tr style=\"background-color: #f5f5f5;\">\n<td>&nbsp;<\/td>\n<td>\n<p>&nbsp;&nbsp;<\/p>\n<p>&nbsp; &nbsp;Alzira ha sido escogida como ciudad representando de la Comunidad Valenciana en la convocatoria del concurso europeo de arquitectura <strong>Europan 16<\/strong>. Se trata de un concurso a nivel europeo con 17 pa\u00edses participantes, el objetivo del cual es que j\u00f3venes estudios de arquitectura de todo Europa presentan proyectos de actuaciones urban\u00edsticas destinadas a mejorar los espacios de vivienda y urbanizaci\u00f3n de la ciudad escogida entre todas las candidatas europeas. Con el proyecto arquitect\u00f3nico ganador, se propone solucionar los retos que plantea la ciudad escogida, con soluciones innovadoras que cambian el paradigma urban\u00edstico hacia modelos de construcci\u00f3n de futuro, con concepciones l\u00edderes a Europa y con el aprovechamiento de recursos energ\u00e9ticos como eje central de las actuaciones.<\/p>\n<p>&nbsp;<\/p>\n<p>&nbsp; &nbsp;El Ayuntamiento de Alzira, ante nuevos retos y din\u00e1micas sociales, pretende ex-plorar nuevas v\u00edas hacia la sostenibilidad urbana y ambiental, mediante respuestas innovadoras que favorezcan su resiliencia, resolviendo los problemas inherentes a las periferias dispersas, el aislamiento y desconexi\u00f3n, de barrios existentes como El Torretxo y l&#8217;Alquerieta, priorizando su articulaci\u00f3n y contextualizaci\u00f3n urbana desde la inclusi\u00f3n, accesibilidad y equidad deben ser objetivo caracterizador de la intervenci\u00f3n propuesta.<\/p>\n<p>&nbsp;<\/p>\n<p>&nbsp;<\/p>\n<\/td>\n<td>&nbsp;<\/td>\n<\/tr>\n<tr style=\"background-color: #f5f5f5;\">\n<td>&nbsp;<\/td>\n<td>\n<p style=\"margin-left: 30px;\"><a href=\"https:\/\/alzira.es\/wp-content\/uploads\/2021\/03\/E16-SSF-ES-Alzira.esp_.pdf\" target=\"_blank\" rel=\"noopener\"><strong>*&nbsp;Ficha&nbsp;del emplazamiento de Alzira.<\/strong><\/a><\/p>\n<p style=\"margin-left: 30px;\">&nbsp;<\/p>\n<\/td>\n<td>&nbsp;<\/td>\n<\/tr>\n<tr style=\"background-color: #f5f5f5;\">\n<td>&nbsp;<\/td>\n<td>\n<p style=\"margin-left: 30px;\">&nbsp;<\/p>\n<p style=\"margin-left: 30px; color: #000000; font-size: 11px; background-color: #f5f5f5;\"><strong>NOTICIAS RELACIONADAS:<\/strong><\/p>\n<p style=\"margin-left: 30px;\">&nbsp;<\/p>\n<p style=\"margin-left: 30px; color: #000000; font-size: 11px; background-color: #f5f5f5;\"><a href=\"contenidos\/urbanisme\/Noticias\/La%20Generalitat%20seleciona%20la%20propuesta%20de%20Alzira%20como%20representante%20de%20la%20com%20a%20EUROPAN%2016\/escaner_2020_11_06_12_02_44_868.jpg\" target=\"_blank\" rel=\"noopener\"><strong><span style=\"font-family: verdana, geneva; font-size: 10pt;\"><strong style=\"color: #800000; font-size: 13.3333px;\">*<\/strong>&nbsp;<\/span><\/strong><\/a><strong><strong><span style=\"font-family: verdana, geneva; font-size: 10pt;\"><a class=\"jcepopup\" href=\"https:\/\/alzira.es\/wp-content\/uploads\/2020\/10\/LAS-PROVINCIAS-5-11-2020.jpg\" target=\"_blank\" rel=\"noopener\"><span style=\"color: #800000;\">Acceso a Publicacion LAS PROVINCIAS<\/span> <strong style=\"color: #000000; font-size: 11px; background-color: #f5f5f5;\"><strong style=\"color: #e25b32;\"><span style=\"font-family: verdana, geneva; font-size: 10pt;\">&nbsp;<span style=\"color: #800000;\">jueves 5-11-2020<\/span><\/span><\/strong><\/strong><\/a><span style=\"color: #800000;\"><br \/><\/span><\/span><\/strong><\/strong><\/p>\n<p style=\"margin-left: 30px;\"><strong><span style=\"color: #800000;\"><strong style=\"color: #e25b32;\"><span style=\"font-family: verdana, geneva; font-size: 10pt;\"><strong style=\"color: #800000; font-size: 13.3333px;\">*<\/strong>&nbsp;<a class=\"jcepopup\" href=\"https:\/\/alzira.es\/wp-content\/uploads\/2020\/10\/LEVANTE-5-11-2020.jpg\" target=\"_blank\" rel=\"noopener\"><span style=\"color: #800000;\">Acceso a Publicacion EL LEVANTE jueves 5-11-2020<\/span><\/a>&nbsp;&nbsp;<\/span><\/strong><\/span><a href=\"contenidos\/urbanisme\/Noticias\/La%20Generalitat%20seleciona%20la%20propuesta%20de%20Alzira%20como%20representante%20de%20la%20com%20a%20EUROPAN%2016\/escaner_2020_11_06_12_00_15_794.jpg\" target=\"_blank\" rel=\"noopener\"><span style=\"font-family: verdana, geneva; font-size: 10pt;\">&nbsp;<\/span><\/a><\/strong><\/p>\n<p style=\"margin-left: 30px;\">&nbsp;<\/p>\n<\/td>\n<td>&nbsp;<\/td>\n<\/tr>\n<\/tbody>\n<\/table>\n<p style=\"text-align: justify;\">&nbsp;<\/p>\n<p style=\"text-align: justify;\">&nbsp;<\/p>\n<p>&nbsp;<\/p>\n","protected":false},"excerpt":{"rendered":"<p>&nbsp; &nbsp; &nbsp; &nbsp; &nbsp; &nbsp; &nbsp; &nbsp; &nbsp; &nbsp; Alzira trabaja en el programa del emplazamiento para el Premio EUROPAN 16&nbsp; &nbsp; &nbsp; &nbsp; &nbsp; &nbsp; &nbsp; &nbsp; &nbsp; &nbsp; &nbsp; &nbsp; &nbsp;&nbsp; &nbsp; &nbsp;Alzira ha sido escogida como ciudad representando de la Comunidad Valenciana en la convocatoria del concurso europeo de arquitectura Europan &hellip; <\/p>\n<p class=\"link-more\"><a href=\"https:\/\/alzira.es\/es\/alzira-trabaja-programa-emplazamiento-europan\/\" class=\"more-link\">Continuar leyendo<span class=\"screen-reader-text\"> \u00abALZIRA TRABAJA EN EL PROGRAMA DEL EMPLAZAMIENTO EUROPAN 16\u00bb<\/span><\/a><\/p>\n","protected":false},"author":16,"featured_media":53831,"comment_status":"closed","ping_status":"","sticky":false,"template":"","format":"standard","meta":{"_acf_changed":false,"footnotes":""},"categories":[4934],"tags":[],"class_list":["post-53835","post","type-post","status-publish","format-standard","has-post-thumbnail","hentry","category-area-de-urbanismo-proyectos-e-infraestructuras"],"acf":[],"_links":{"self":[{"href":"https:\/\/alzira.es\/es\/wp-json\/wp\/v2\/posts\/53835","targetHints":{"allow":["GET"]}}],"collection":[{"href":"https:\/\/alzira.es\/es\/wp-json\/wp\/v2\/posts"}],"about":[{"href":"https:\/\/alzira.es\/es\/wp-json\/wp\/v2\/types\/post"}],"author":[{"embeddable":true,"href":"https:\/\/alzira.es\/es\/wp-json\/wp\/v2\/users\/16"}],"replies":[{"embeddable":true,"href":"https:\/\/alzira.es\/es\/wp-json\/wp\/v2\/comments?post=53835"}],"version-history":[{"count":0,"href":"https:\/\/alzira.es\/es\/wp-json\/wp\/v2\/posts\/53835\/revisions"}],"wp:featuredmedia":[{"embeddable":true,"href":"https:\/\/alzira.es\/es\/wp-json\/wp\/v2\/media\/53831"}],"wp:attachment":[{"href":"https:\/\/alzira.es\/es\/wp-json\/wp\/v2\/media?parent=53835"}],"wp:term":[{"taxonomy":"category","embeddable":true,"href":"https:\/\/alzira.es\/es\/wp-json\/wp\/v2\/categories?post=53835"},{"taxonomy":"post_tag","embeddable":true,"href":"https:\/\/alzira.es\/es\/wp-json\/wp\/v2\/tags?post=53835"}],"curies":[{"name":"wp","href":"https:\/\/api.w.org\/{rel}","templated":true}]}}