{"id":53813,"date":"2021-03-08T10:40:33","date_gmt":"2021-03-08T09:40:33","guid":{"rendered":"https:\/\/alzira.es\/remodelada-la-vorera-esquerra-del-final-del-carrer-pere-esplugues-2\/"},"modified":"2021-03-08T10:40:33","modified_gmt":"2021-03-08T09:40:33","slug":"remodelada-la-vorera-esquerra-del-final-del-carrer-pere-esplugues-2","status":"publish","type":"post","link":"https:\/\/alzira.es\/es\/remodelada-la-vorera-esquerra-del-final-del-carrer-pere-esplugues-2\/","title":{"rendered":"Remodelada la vorera esquerra del final del carrer Pere Esplugues"},"content":{"rendered":"<p>La millora i condicionament de les voreres del nucli urb\u00e0 s&#8217;ha vist intensificada des de la legislatura que arranc\u00e0 en el 2015. Al treball realitzat per anteriors equips de govern cal sumar el que es desenvolupa en la passada legislatura i el que portem de l&#8217;actual, la qual cosa permet que Alzira dispose d&#8217;unes voreres adaptades a les necessitats del segle XXI.<\/p>\n<p><em>\u00abActualment es mira molt el tema de la mobilitat, una q\u00fcesti\u00f3 que fa d\u00e8cades no era un assumpte prioritari, per aix\u00f2 <strong>treballem per aconseguir que totes les voreres de la ciutat estiguen adaptades a la normativa<\/strong>. Som conscients que queda encara tasca que dur endavant, per\u00f2 es van condicionant aquelles voreres que presenten un major deteriorament o per tractar-se de voreres amb gran pas de vianants\u00bb<\/em>, ha declarat<strong> Fernando Pascual<\/strong>, regidor de Serveis Urbans.<\/p>\n<p>En concret,<strong> la vorera esquerra del carrer Pere Esplugues<\/strong>, <strong>entre els encreuaments dels carrers Francesc Bono i Esperan\u00e7a<\/strong>, <strong>s\u00f3n objecte<\/strong> <strong>d&#8217;una<\/strong> <strong>remodelaci\u00f3 integral<\/strong>, ja que es tracta d&#8217;un tram de vorera que data de 1969, per la qual cosa despr\u00e9s de 51 anys era necessari condicionar-la i reparar els desperfectes que presentava pel pas del temps.<\/p>\n<p>El regidor ha explicat que<em> \u00abdes de Serveis Urbans se seguir\u00e0 endavant en l&#8217;adequaci\u00f3 de tots aquells trams de vorera on siga necess\u00e0ria una actuaci\u00f3 per tal de garantir la seguretat dels vianants, atendre les demandes ve\u00efnals i dotar-les de les rampes d&#8217;accessibilitat en aquells punts del nucli urb\u00e0 on encara no es compta amb este element\u00bb.<\/em><\/p>\n<p style=\"text-align: center;\"><img fetchpriority=\"high\" decoding=\"async\" class=\" size-full wp-image-53808\" src=\"https:\/\/alzira.es\/wp-content\/uploads\/2021\/03\/pere_esplugues.jpg\" alt=\"pere esplugues\" width=\"583\" height=\"437\" srcset=\"https:\/\/alzira.es\/wp-content\/uploads\/2021\/03\/pere_esplugues.jpg 1600w, https:\/\/alzira.es\/wp-content\/uploads\/2021\/03\/pere_esplugues-680x510.jpg 680w, https:\/\/alzira.es\/wp-content\/uploads\/2021\/03\/pere_esplugues-1430x1072.jpg 1430w, https:\/\/alzira.es\/wp-content\/uploads\/2021\/03\/pere_esplugues-768x576.jpg 768w, https:\/\/alzira.es\/wp-content\/uploads\/2021\/03\/pere_esplugues-1536x1152.jpg 1536w\" sizes=\"(max-width: 583px) 100vw, 583px\" \/>&nbsp;<img decoding=\"async\" class=\"size-full wp-image-53810 lazyload\" data-src=\"https:\/\/alzira.es\/wp-content\/uploads\/2021\/03\/pere_esplugues_2.jpg\" alt=\"pere esplugues 2\" width=\"328\" height=\"437\" data-srcset=\"https:\/\/alzira.es\/wp-content\/uploads\/2021\/03\/pere_esplugues_2.jpg 1200w, https:\/\/alzira.es\/wp-content\/uploads\/2021\/03\/pere_esplugues_2-680x907.jpg 680w, https:\/\/alzira.es\/wp-content\/uploads\/2021\/03\/pere_esplugues_2-804x1072.jpg 804w, https:\/\/alzira.es\/wp-content\/uploads\/2021\/03\/pere_esplugues_2-768x1024.jpg 768w, https:\/\/alzira.es\/wp-content\/uploads\/2021\/03\/pere_esplugues_2-300x400.jpg 300w, https:\/\/alzira.es\/wp-content\/uploads\/2021\/03\/pere_esplugues_2-1152x1536.jpg 1152w\" data-sizes=\"(max-width: 328px) 100vw, 328px\" src=\"data:image\/svg+xml;base64,PHN2ZyB3aWR0aD0iMSIgaGVpZ2h0PSIxIiB4bWxucz0iaHR0cDovL3d3dy53My5vcmcvMjAwMC9zdmciPjwvc3ZnPg==\" style=\"--smush-placeholder-width: 328px; --smush-placeholder-aspect-ratio: 328\/437;\" \/><\/p>\n","protected":false},"excerpt":{"rendered":"<p>La millora i condicionament de les voreres del nucli urb\u00e0 s&#8217;ha vist intensificada des de la legislatura que arranc\u00e0 en el 2015. Al treball realitzat per anteriors equips de govern cal sumar el que es desenvolupa en la passada legislatura i el que portem de l&#8217;actual, la qual cosa permet que Alzira dispose d&#8217;unes voreres &hellip; <\/p>\n<p class=\"link-more\"><a href=\"https:\/\/alzira.es\/es\/remodelada-la-vorera-esquerra-del-final-del-carrer-pere-esplugues-2\/\" class=\"more-link\">Continuar leyendo<span class=\"screen-reader-text\"> \u00abRemodelada la vorera esquerra del final del carrer Pere Esplugues\u00bb<\/span><\/a><\/p>\n","protected":false},"author":29,"featured_media":53808,"comment_status":"","ping_status":"","sticky":false,"template":"","format":"standard","meta":{"_acf_changed":false,"footnotes":""},"categories":[],"tags":[],"class_list":["post-53813","post","type-post","status-publish","format-standard","has-post-thumbnail","hentry"],"acf":[],"_links":{"self":[{"href":"https:\/\/alzira.es\/es\/wp-json\/wp\/v2\/posts\/53813","targetHints":{"allow":["GET"]}}],"collection":[{"href":"https:\/\/alzira.es\/es\/wp-json\/wp\/v2\/posts"}],"about":[{"href":"https:\/\/alzira.es\/es\/wp-json\/wp\/v2\/types\/post"}],"author":[{"embeddable":true,"href":"https:\/\/alzira.es\/es\/wp-json\/wp\/v2\/users\/29"}],"replies":[{"embeddable":true,"href":"https:\/\/alzira.es\/es\/wp-json\/wp\/v2\/comments?post=53813"}],"version-history":[{"count":0,"href":"https:\/\/alzira.es\/es\/wp-json\/wp\/v2\/posts\/53813\/revisions"}],"wp:featuredmedia":[{"embeddable":true,"href":"https:\/\/alzira.es\/es\/wp-json\/wp\/v2\/media\/53808"}],"wp:attachment":[{"href":"https:\/\/alzira.es\/es\/wp-json\/wp\/v2\/media?parent=53813"}],"wp:term":[{"taxonomy":"category","embeddable":true,"href":"https:\/\/alzira.es\/es\/wp-json\/wp\/v2\/categories?post=53813"},{"taxonomy":"post_tag","embeddable":true,"href":"https:\/\/alzira.es\/es\/wp-json\/wp\/v2\/tags?post=53813"}],"curies":[{"name":"wp","href":"https:\/\/api.w.org\/{rel}","templated":true}]}}