{"id":53812,"date":"2021-03-08T10:40:33","date_gmt":"2021-03-08T09:40:33","guid":{"rendered":"https:\/\/alzira.es\/remodelada-la-vorera-esquerra-del-final-del-carrer-pere-esplugues\/"},"modified":"2021-03-08T10:40:33","modified_gmt":"2021-03-08T09:40:33","slug":"remodelada-la-vorera-esquerra-del-final-del-carrer-pere-esplugues","status":"publish","type":"post","link":"https:\/\/alzira.es\/es\/remodelada-la-vorera-esquerra-del-final-del-carrer-pere-esplugues\/","title":{"rendered":"Remodelada la acera izquierda del final de la calle Pere Esplugues"},"content":{"rendered":"<p>La mejora y acondicionamiento de las aceras del casco urbano se ha visto intensificada desde la legislatura que arranc\u00f3 en el 2015. Al trabajo realizado por anteriores equipos de gobierno hay que sumar el que se desarrolla en la pasada legislatura y el que llevamos del actual, lo cual permite que Alzira disponga de unas aceras adaptadas a las necesidades del siglo XXI.<\/p>\n<p><em>\u00abActualmente se mira mucho el tema de la movilidad, una cuesti\u00f3n que hace d\u00e9cadas no era un asunto prioritario, por eso <strong>trabajamos para conseguir que todas las aceras de la ciudad est\u00e9n adaptadas a la normativa<\/strong>. Somos conscientes que queda todav\u00eda tarea que llevar adelante, pero se van condicionando aquellas aceras que presenten un mayor deterioro o para tratarse de aceras con gran paso de peatones\u00bb<\/em>, ha declarado <strong>Fernando Pascual<\/strong>, regidor de Servicios Urbanos.<\/p>\n<p><strong>En concreto, la acera izquierda de la calle Pere Esplugues<\/strong>,<strong> entre los cruces de las calles Francesc Bono i Esperan\u00e7a<\/strong>,<strong> son objeto de una remodelaci\u00f3n integral<\/strong>, puesto que se trata de un tramo de acera que fecha de 1969, por lo cual despu\u00e9s de 51 a\u00f1os era necesario condicionarla y reparar los desperfectos que presentaba por el paso del tiempo.<\/p>\n<p>El regidor ha explicado que <em>\u00abdesde Servicios Urbanos se seguir\u00e1 adelante en la adecuaci\u00f3n de todos aquellos tramos de acera donde sea necesaria una actuaci\u00f3n para garantizar la seguridad de los peatones, atender las demandas vecinales y dotarlas de las rampas de accesibilidad en aquellos puntos del casco urbano donde todav\u00eda no se cuenta con este elemento\u00bb.<\/em><\/p>\n<p style=\"text-align: center;\"><img fetchpriority=\"high\" decoding=\"async\" class=\" size-full wp-image-53808\" src=\"https:\/\/alzira.es\/wp-content\/uploads\/2021\/03\/pere_esplugues.jpg\" alt=\"pere esplugues\" width=\"583\" height=\"437\" srcset=\"https:\/\/alzira.es\/wp-content\/uploads\/2021\/03\/pere_esplugues.jpg 1600w, https:\/\/alzira.es\/wp-content\/uploads\/2021\/03\/pere_esplugues-680x510.jpg 680w, https:\/\/alzira.es\/wp-content\/uploads\/2021\/03\/pere_esplugues-1430x1072.jpg 1430w, https:\/\/alzira.es\/wp-content\/uploads\/2021\/03\/pere_esplugues-768x576.jpg 768w, https:\/\/alzira.es\/wp-content\/uploads\/2021\/03\/pere_esplugues-1536x1152.jpg 1536w\" sizes=\"(max-width: 583px) 100vw, 583px\" \/>&nbsp;<img decoding=\"async\" class=\"size-full wp-image-53810 lazyload\" data-src=\"https:\/\/alzira.es\/wp-content\/uploads\/2021\/03\/pere_esplugues_2.jpg\" alt=\"pere esplugues 2\" width=\"328\" height=\"437\" data-srcset=\"https:\/\/alzira.es\/wp-content\/uploads\/2021\/03\/pere_esplugues_2.jpg 1200w, https:\/\/alzira.es\/wp-content\/uploads\/2021\/03\/pere_esplugues_2-680x907.jpg 680w, https:\/\/alzira.es\/wp-content\/uploads\/2021\/03\/pere_esplugues_2-804x1072.jpg 804w, https:\/\/alzira.es\/wp-content\/uploads\/2021\/03\/pere_esplugues_2-768x1024.jpg 768w, https:\/\/alzira.es\/wp-content\/uploads\/2021\/03\/pere_esplugues_2-300x400.jpg 300w, https:\/\/alzira.es\/wp-content\/uploads\/2021\/03\/pere_esplugues_2-1152x1536.jpg 1152w\" data-sizes=\"(max-width: 328px) 100vw, 328px\" src=\"data:image\/svg+xml;base64,PHN2ZyB3aWR0aD0iMSIgaGVpZ2h0PSIxIiB4bWxucz0iaHR0cDovL3d3dy53My5vcmcvMjAwMC9zdmciPjwvc3ZnPg==\" style=\"--smush-placeholder-width: 328px; --smush-placeholder-aspect-ratio: 328\/437;\" \/><\/p>\n","protected":false},"excerpt":{"rendered":"<p>La mejora y acondicionamiento de las aceras del casco urbano se ha visto intensificada desde la legislatura que arranc\u00f3 en el 2015. Al trabajo realizado por anteriores equipos de gobierno hay que sumar el que se desarrolla en la pasada legislatura y el que llevamos del actual, lo cual permite que Alzira disponga de unas &hellip; <\/p>\n<p class=\"link-more\"><a href=\"https:\/\/alzira.es\/es\/remodelada-la-vorera-esquerra-del-final-del-carrer-pere-esplugues\/\" class=\"more-link\">Continuar leyendo<span class=\"screen-reader-text\"> \u00abRemodelada la acera izquierda del final de la calle Pere Esplugues\u00bb<\/span><\/a><\/p>\n","protected":false},"author":29,"featured_media":53808,"comment_status":"","ping_status":"","sticky":false,"template":"","format":"standard","meta":{"_acf_changed":false,"footnotes":""},"categories":[4936],"tags":[],"class_list":["post-53812","post","type-post","status-publish","format-standard","has-post-thumbnail","hentry","category-hemeroteca-es"],"acf":[],"_links":{"self":[{"href":"https:\/\/alzira.es\/es\/wp-json\/wp\/v2\/posts\/53812","targetHints":{"allow":["GET"]}}],"collection":[{"href":"https:\/\/alzira.es\/es\/wp-json\/wp\/v2\/posts"}],"about":[{"href":"https:\/\/alzira.es\/es\/wp-json\/wp\/v2\/types\/post"}],"author":[{"embeddable":true,"href":"https:\/\/alzira.es\/es\/wp-json\/wp\/v2\/users\/29"}],"replies":[{"embeddable":true,"href":"https:\/\/alzira.es\/es\/wp-json\/wp\/v2\/comments?post=53812"}],"version-history":[{"count":0,"href":"https:\/\/alzira.es\/es\/wp-json\/wp\/v2\/posts\/53812\/revisions"}],"wp:featuredmedia":[{"embeddable":true,"href":"https:\/\/alzira.es\/es\/wp-json\/wp\/v2\/media\/53808"}],"wp:attachment":[{"href":"https:\/\/alzira.es\/es\/wp-json\/wp\/v2\/media?parent=53812"}],"wp:term":[{"taxonomy":"category","embeddable":true,"href":"https:\/\/alzira.es\/es\/wp-json\/wp\/v2\/categories?post=53812"},{"taxonomy":"post_tag","embeddable":true,"href":"https:\/\/alzira.es\/es\/wp-json\/wp\/v2\/tags?post=53812"}],"curies":[{"name":"wp","href":"https:\/\/api.w.org\/{rel}","templated":true}]}}