{"id":53806,"date":"2021-03-05T14:15:10","date_gmt":"2021-03-05T13:15:10","guid":{"rendered":"https:\/\/alzira.es\/biblioteques-inquietes-el-cataleg-de-lectures-per-a-generar-salut-i-benestar-en-professionals-sanitaris-2\/"},"modified":"2021-03-05T14:15:10","modified_gmt":"2021-03-05T13:15:10","slug":"biblioteques-inquietes-el-cataleg-de-lectures-per-a-generar-salut-i-benestar-en-professionals-sanitaris-2","status":"publish","type":"post","link":"https:\/\/alzira.es\/es\/biblioteques-inquietes-el-cataleg-de-lectures-per-a-generar-salut-i-benestar-en-professionals-sanitaris-2\/","title":{"rendered":"Biblioteques Inquietes, el cat\u00e0leg de lectures per a generar salut i benestar en professionals sanitaris"},"content":{"rendered":"<p>El Departament de la Ribera i diverses biblioteques, com la d&#8217;Alzira elaboren un cat\u00e0leg de lectures per a generar salut i benestar en professionals sanitaris<\/p>\n<p>Inclou llibres de ficci\u00f3 que poden acompanyar als professionals en determinades situacions i la necessitat d&#8217;evasi\u00f3 despr\u00e9s d&#8217;intenses sessions de treball.<\/p>\n<p>El Departament de Salut de la Ribera i les <strong>14 biblioteques de la comarca<\/strong> que integren la xarxa <strong><em>\u00abBiblioteques inquietes de la Ribera\u00bb<\/em><\/strong> L&#8217;Alc\u00fadia, Algemes\u00ed, Alginet, Almussafes, Alzira, Benimodo, Carlet, Corbera, El Perell\u00f3, Guadassuar, Llombai, Manuel, Poliny\u00e0 i Sollana&#8211;, <strong>han elaborat un cat\u00e0leg de lectures per a generar salut i benestar en professionals sanitaris<\/strong>.<\/p>\n<p>Segons ha destacat <strong>Joan Paredes<\/strong>, subdirector m\u00e8dic del Departament de Salut de la Ribera, <em>\u00abl&#8217;objectiu d&#8217;aquest cat\u00e0leg \u00e9s el de posar a la disposici\u00f3 dels professionals de la salut una s\u00e8rie de llibres que els ajuden a superar les situacions de tensi\u00f3 i estr\u00e9s a les quals s&#8217;enfronten en la seua activitat di\u00e0ria, i que s&#8217;han vist agreujades en l&#8217;\u00faltim any a causa de la pand\u00e8mia de coronavirus, per\u00f2 tamb\u00e9 que els acompanyen en diferents moments o situacions vitals\u00bb<\/em>.<\/p>\n<p>Aix\u00ed, els llibres que han seleccionat les biblioteques de la comarca no s\u00f3n llibres d&#8217;autoajuda, sin\u00f3 <strong>llibres de ficci\u00f3<\/strong>, <em>\u00abrecomanats segons les circumst\u00e0ncies en les quals es troben els professionals, marcades per l&#8217;ansietat, les p\u00e8rdues, les emocions negatives, la cerca de calma o la necessitat de desconnectar davant situacions estressants\u00bb<\/em>, ha afirmat <strong>Lucia Shaw<\/strong>, bibliotec\u00e0ria de Manuel<\/p>\n<p>D&#8217;aquesta manera, el<strong> cat\u00e0leg<\/strong>, com han explicat <strong>Teresa Gom\u00eds<\/strong>, bibliotec\u00e0ria de Guadassuar i Eduard Gay, bibliotecari de Poliny\u00e0 de X\u00faquer, est\u00e0 integrat per obres que abasten tots els g\u00e8neres i que provenen de la literatura valenciana, espanyola i universal, com<em> \u00abLa bona sort\u00bb<\/em>, de <strong>Rosa Montero<\/strong>, <em>\u00abrecomanada per a deixar arrere pors i culpes\u00bb<\/em>; <em>\u00abPerqu\u00e8 t&#8217;estime, que si no&#8230;\u00bb<\/em>, de <strong>Carles Alberola<\/strong>, <em>\u00abper a moments en els quals es necessita somriure i desconnectar\u00bb<\/em>, o <em>\u00abLa nit de la usina\u00bb<\/em>, d&#8217;<strong>Eduardo Sacheri<\/strong>, <em>\u00abper a situacions en les quals necessitem un impuls per a perseguir els nostres somnis\u00bb<\/em>; <em>\u00abEl caf\u00e9 de la granota\u00bb<\/em>, de <strong>Jes\u00fas Moncada<\/strong>, <em>\u00abhumor, ironia i molta tendresa\u00bb<\/em> Segons<strong> Paredes<\/strong>, <em>\u00abamb aquest cat\u00e0leg es pret\u00e9n&nbsp;orientar i acompanyar als professionals a l&#8217;hora de triar lectures que poden ser un complement que els ajude a millorar la seua salut i benestar\u00bb<\/em>.<\/p>\n<p><strong>Aquest cat\u00e0leg<\/strong> \u00ab<em>\u00e9s un primer pas per a desenvolupar una segona edici\u00f3, en la qual ja s&#8217;est\u00e0 treballant, i que anir\u00e0 dirigida a la poblaci\u00f3 de la comarca, a fi que tamb\u00e9 puga recomanar-se la lectura des dels propis centres de salut i consultoris, com una ajuda per a superar m\u00e9s f\u00e0cilment els problemes de salut\u00bb<\/em>, ha afirmat Paredes.<\/p>\n<p>Cal destacar que el cat\u00e0leg recull, igualment, en quines biblioteques municipals poden els professionals sanitaris trobar els llibres, aix\u00ed com la seua disponibilitat a trav\u00e9s de&nbsp;<br \/><strong>eBiblio<\/strong> (la plataforma p\u00fablica de pr\u00e9stec en format electr\u00f2nic i audiollibres).&nbsp;<\/p>\n<p>Entra al seg\u00fcent <strong><a href=\"https:\/\/alzira.es\/wp-content\/uploads\/2020\/04\/lectures_per_a_generar_salut_i_benestar_definitiu.pdf\" target=\"_blank\" rel=\"noopener\">enlla\u00e7<\/a><\/strong> per a accedir al cat\u00e0leg.<\/p>\n<p style=\"text-align: center;\"><img fetchpriority=\"high\" decoding=\"async\" class=\" size-full wp-image-53803\" src=\"https:\/\/alzira.es\/wp-content\/uploads\/2021\/03\/lectures_per_a_generar_salut_i_benestar_definitiu_Pagina_01.jpg\" alt=\"lectures per a generar salut i benestar definitiu P\u00e1gina 01\" width=\"771\" height=\"1089\" srcset=\"https:\/\/alzira.es\/wp-content\/uploads\/2021\/03\/lectures_per_a_generar_salut_i_benestar_definitiu_Pagina_01.jpg 1655w, https:\/\/alzira.es\/wp-content\/uploads\/2021\/03\/lectures_per_a_generar_salut_i_benestar_definitiu_Pagina_01-680x961.jpg 680w, https:\/\/alzira.es\/wp-content\/uploads\/2021\/03\/lectures_per_a_generar_salut_i_benestar_definitiu_Pagina_01-758x1072.jpg 758w, https:\/\/alzira.es\/wp-content\/uploads\/2021\/03\/lectures_per_a_generar_salut_i_benestar_definitiu_Pagina_01-768x1086.jpg 768w, https:\/\/alzira.es\/wp-content\/uploads\/2021\/03\/lectures_per_a_generar_salut_i_benestar_definitiu_Pagina_01-1086x1536.jpg 1086w, https:\/\/alzira.es\/wp-content\/uploads\/2021\/03\/lectures_per_a_generar_salut_i_benestar_definitiu_Pagina_01-1448x2048.jpg 1448w\" sizes=\"(max-width: 706px) 89vw, (max-width: 767px) 82vw, 740px\" \/><\/p>\n","protected":false},"excerpt":{"rendered":"<p>El Departament de la Ribera i diverses biblioteques, com la d&#8217;Alzira elaboren un cat\u00e0leg de lectures per a generar salut i benestar en professionals sanitaris Inclou llibres de ficci\u00f3 que poden acompanyar als professionals en determinades situacions i la necessitat d&#8217;evasi\u00f3 despr\u00e9s d&#8217;intenses sessions de treball. El Departament de Salut de la Ribera i les &hellip; <\/p>\n<p class=\"link-more\"><a href=\"https:\/\/alzira.es\/es\/biblioteques-inquietes-el-cataleg-de-lectures-per-a-generar-salut-i-benestar-en-professionals-sanitaris-2\/\" class=\"more-link\">Continuar leyendo<span class=\"screen-reader-text\"> \u00abBiblioteques Inquietes, el cat\u00e0leg de lectures per a generar salut i benestar en professionals sanitaris\u00bb<\/span><\/a><\/p>\n","protected":false},"author":29,"featured_media":0,"comment_status":"","ping_status":"","sticky":false,"template":"","format":"standard","meta":{"_acf_changed":false,"footnotes":""},"categories":[],"tags":[],"class_list":["post-53806","post","type-post","status-publish","format-standard","hentry"],"acf":[],"_links":{"self":[{"href":"https:\/\/alzira.es\/es\/wp-json\/wp\/v2\/posts\/53806","targetHints":{"allow":["GET"]}}],"collection":[{"href":"https:\/\/alzira.es\/es\/wp-json\/wp\/v2\/posts"}],"about":[{"href":"https:\/\/alzira.es\/es\/wp-json\/wp\/v2\/types\/post"}],"author":[{"embeddable":true,"href":"https:\/\/alzira.es\/es\/wp-json\/wp\/v2\/users\/29"}],"replies":[{"embeddable":true,"href":"https:\/\/alzira.es\/es\/wp-json\/wp\/v2\/comments?post=53806"}],"version-history":[{"count":0,"href":"https:\/\/alzira.es\/es\/wp-json\/wp\/v2\/posts\/53806\/revisions"}],"wp:attachment":[{"href":"https:\/\/alzira.es\/es\/wp-json\/wp\/v2\/media?parent=53806"}],"wp:term":[{"taxonomy":"category","embeddable":true,"href":"https:\/\/alzira.es\/es\/wp-json\/wp\/v2\/categories?post=53806"},{"taxonomy":"post_tag","embeddable":true,"href":"https:\/\/alzira.es\/es\/wp-json\/wp\/v2\/tags?post=53806"}],"curies":[{"name":"wp","href":"https:\/\/api.w.org\/{rel}","templated":true}]}}