{"id":53805,"date":"2021-03-05T14:15:10","date_gmt":"2021-03-05T13:15:10","guid":{"rendered":"https:\/\/alzira.es\/biblioteques-inquietes-el-cataleg-de-lectures-per-a-generar-salut-i-benestar-en-professionals-sanitaris\/"},"modified":"2021-03-05T14:15:10","modified_gmt":"2021-03-05T13:15:10","slug":"biblioteques-inquietes-el-cataleg-de-lectures-per-a-generar-salut-i-benestar-en-professionals-sanitaris","status":"publish","type":"post","link":"https:\/\/alzira.es\/es\/biblioteques-inquietes-el-cataleg-de-lectures-per-a-generar-salut-i-benestar-en-professionals-sanitaris\/","title":{"rendered":"Bibliotecas Inquietas, el cat\u00e1logo de lecturas para generar salud y bienestar en profesionales sanitarios"},"content":{"rendered":"<p>El Departamento de la Ribera y varias bibliotecas, como la de Alzira elaboran un cat\u00e1logo de lecturas para generar salud y bienestar en profesionales sanitarios<\/p>\n<p>Incluye libros de ficci\u00f3n que pueden acompa\u00f1ar a los profesionales en determinadas situaciones y la necesidad de evasi\u00f3n despu\u00e9s de intensas sesiones de trabajo.<\/p>\n<p>El Departamento de Salud de la Ribera y las <strong>14 bibliotecas de la comarca<\/strong> que integran la red <strong><em>\u00abBibliotecas inquietas de la Ribera\u00bb<\/em><\/strong> L&#8217;Alc\u00fadia, Algemes\u00ed, Alginet, Almussafes, Alzira, Benimodo, Carlet, Corbera, El Perell\u00f3, Guadassuar, Llombai, Manuel, Poliny\u00e0 y Sollana&#8211;, han elaborado un cat\u00e1logo de lecturas para generar salud y bienestar en profesionales sanitarios.<\/p>\n<p>Seg\u00fan ha destacado <strong>Joan Paredes<\/strong>, subdirector m\u00e9dico del Departamento de Salud de la Ribera,<em> \u00abel objetivo de este cat\u00e1logo es el de poner a disposici\u00f3n de los profesionales de la salud una serie de libros que los ayudan a superar las situaciones de tensi\u00f3n y estr\u00e9s a las cuales se enfrentan en su actividad diaria, y que se han visto agraviadas en el \u00faltimo a\u00f1o a causa de la pandemia de coronavirus, pero tambi\u00e9n que los acompa\u00f1an en diferentes momentos o situaciones vitales\u00bb.<\/em><\/p>\n<p>As\u00ed, los libros que han seleccionado las bibliotecas de la comarca no son libros de autoayuda, sino<strong> libros de ficci\u00f3n<\/strong>, <em>\u00abrecomendados seg\u00fan las circunstancias en las cuales se encuentran los profesionales, marcadas por la ansiedad, las p\u00e9rdidas, las emociones negativas, la busca de calma o la necesidad de desconectar ante situaciones estresantes\u00bb<\/em>, ha afirmado <strong>Lucia Shaw<\/strong>, bibliotecaria de Manuel<\/p>\n<p>De este modo, el<strong> cat\u00e1logo<\/strong>, como han explicado <strong>Teresa Gom\u00eds<\/strong>, bibliotecaria de Guadassuar y <strong>Eduard Gay<\/strong>, bibliotecario de Poliny\u00e0 de X\u00faquer, est\u00e1 integrado por obras que alcanzan todos los g\u00e9neros y que provienen de la literatura valenciana, espa\u00f1ola y universal, como <em>\u00abLa buena suerte\u00bb<\/em>, de<strong> Rosa Montero<\/strong>,<em> \u00abrecomendada para dejar atr\u00e1s miedos y culpas\u00bb<\/em>; <em>\u00abPerqu\u00e8 t&#8217;estimo, que si no&#8230;\u00bb<\/em>, de <strong>Carles Alberola<\/strong>, <em>\u00abpara momentos en los cuales se necesita sonre\u00edr y desconectar\u00bb<\/em>, o<em> \u00abLa noche de la usina\u00bb<\/em>, de <strong>Eduardo Sacheri<\/strong>,<em> \u00abpara situaciones en las cuales necesitamos un impulso para perseguir nuestros sue\u00f1os\u00bb<\/em>;<em> \u00abEl caf\u00e9 de la rana\u00bb<\/em>, de <strong>Jes\u00fas Moncada<\/strong>, <em>\u00abhumor, iron\u00eda y mucha ternura\u00bb<\/em> Seg\u00fan<strong> Paredes<\/strong>, <em>\u00abcon este cat\u00e1logo se pretende orientar y acompa\u00f1ar a los profesionales a la hora de elegir lecturas que pueden ser un complemento que les ayudo a mejorar su salud y bienestar\u00bb<\/em>.<\/p>\n<p><strong>Este cat\u00e1logo<\/strong> <em>\u00abes un primer paso para desarrollar una segunda edici\u00f3n, en la cual ya se est\u00e1 trabajando, y que ir\u00e1 dirigida a la poblaci\u00f3n de la comarca, a fin de que tambi\u00e9n pueda recomendarse la lectura desde los propios centros de salud y consultorios, como una ayuda para superar m\u00e1s f\u00e1cilmente los problemas de salud\u00bb<\/em>, ha afirmado <strong>Tabicas<\/strong>.<\/p>\n<p>Hay que destacar que el cat\u00e1logo recoge, igualmente, en qu\u00e9 bibliotecas municipales puedan los profesionales sanitarios encontrar los libros, as\u00ed como su disponibilidad a trav\u00e9s de <strong>eBiblio<\/strong><br \/>(la plataforma p\u00fablica de pr\u00e9stamo en formato electr\u00f3nico y audiolibros).<\/p>\n<p>Entra al siguiente <strong><a href=\"https:\/\/alzira.es\/wp-content\/uploads\/2020\/04\/lectures_per_a_generar_salut_i_benestar_definitiu.pdf\" target=\"_blank\" rel=\"noopener\">enlace<\/a><\/strong> para acceder en el cat\u00e1logo.<\/p>\n<p style=\"text-align: center;\"><img fetchpriority=\"high\" decoding=\"async\" class=\" size-full wp-image-53803\" src=\"https:\/\/alzira.es\/wp-content\/uploads\/2021\/03\/lectures_per_a_generar_salut_i_benestar_definitiu_Pagina_01.jpg\" alt=\"lectures per a generar salut i benestar definitiu P\u00e1gina 01\" width=\"771\" height=\"1089\" srcset=\"https:\/\/alzira.es\/wp-content\/uploads\/2021\/03\/lectures_per_a_generar_salut_i_benestar_definitiu_Pagina_01.jpg 1655w, https:\/\/alzira.es\/wp-content\/uploads\/2021\/03\/lectures_per_a_generar_salut_i_benestar_definitiu_Pagina_01-680x961.jpg 680w, https:\/\/alzira.es\/wp-content\/uploads\/2021\/03\/lectures_per_a_generar_salut_i_benestar_definitiu_Pagina_01-758x1072.jpg 758w, https:\/\/alzira.es\/wp-content\/uploads\/2021\/03\/lectures_per_a_generar_salut_i_benestar_definitiu_Pagina_01-768x1086.jpg 768w, https:\/\/alzira.es\/wp-content\/uploads\/2021\/03\/lectures_per_a_generar_salut_i_benestar_definitiu_Pagina_01-1086x1536.jpg 1086w, https:\/\/alzira.es\/wp-content\/uploads\/2021\/03\/lectures_per_a_generar_salut_i_benestar_definitiu_Pagina_01-1448x2048.jpg 1448w\" sizes=\"(max-width: 706px) 89vw, (max-width: 767px) 82vw, 740px\" \/><\/p>\n","protected":false},"excerpt":{"rendered":"<p>El Departamento de la Ribera y varias bibliotecas, como la de Alzira elaboran un cat\u00e1logo de lecturas para generar salud y bienestar en profesionales sanitarios Incluye libros de ficci\u00f3n que pueden acompa\u00f1ar a los profesionales en determinadas situaciones y la necesidad de evasi\u00f3n despu\u00e9s de intensas sesiones de trabajo. El Departamento de Salud de la &hellip; <\/p>\n<p class=\"link-more\"><a href=\"https:\/\/alzira.es\/es\/biblioteques-inquietes-el-cataleg-de-lectures-per-a-generar-salut-i-benestar-en-professionals-sanitaris\/\" class=\"more-link\">Continuar leyendo<span class=\"screen-reader-text\"> \u00abBibliotecas Inquietas, el cat\u00e1logo de lecturas para generar salud y bienestar en profesionales sanitarios\u00bb<\/span><\/a><\/p>\n","protected":false},"author":29,"featured_media":53803,"comment_status":"","ping_status":"","sticky":false,"template":"","format":"standard","meta":{"_acf_changed":false,"footnotes":""},"categories":[4936],"tags":[],"class_list":["post-53805","post","type-post","status-publish","format-standard","has-post-thumbnail","hentry","category-hemeroteca-es"],"acf":[],"_links":{"self":[{"href":"https:\/\/alzira.es\/es\/wp-json\/wp\/v2\/posts\/53805","targetHints":{"allow":["GET"]}}],"collection":[{"href":"https:\/\/alzira.es\/es\/wp-json\/wp\/v2\/posts"}],"about":[{"href":"https:\/\/alzira.es\/es\/wp-json\/wp\/v2\/types\/post"}],"author":[{"embeddable":true,"href":"https:\/\/alzira.es\/es\/wp-json\/wp\/v2\/users\/29"}],"replies":[{"embeddable":true,"href":"https:\/\/alzira.es\/es\/wp-json\/wp\/v2\/comments?post=53805"}],"version-history":[{"count":0,"href":"https:\/\/alzira.es\/es\/wp-json\/wp\/v2\/posts\/53805\/revisions"}],"wp:featuredmedia":[{"embeddable":true,"href":"https:\/\/alzira.es\/es\/wp-json\/wp\/v2\/media\/53803"}],"wp:attachment":[{"href":"https:\/\/alzira.es\/es\/wp-json\/wp\/v2\/media?parent=53805"}],"wp:term":[{"taxonomy":"category","embeddable":true,"href":"https:\/\/alzira.es\/es\/wp-json\/wp\/v2\/categories?post=53805"},{"taxonomy":"post_tag","embeddable":true,"href":"https:\/\/alzira.es\/es\/wp-json\/wp\/v2\/tags?post=53805"}],"curies":[{"name":"wp","href":"https:\/\/api.w.org\/{rel}","templated":true}]}}