{"id":53799,"date":"2021-03-05T13:52:57","date_gmt":"2021-03-05T12:52:57","guid":{"rendered":"https:\/\/alzira.es\/alzira-guardonada-amb-el-premi-gob-2021-en-transformacio-i-govern-digital-2\/"},"modified":"2021-03-05T13:52:57","modified_gmt":"2021-03-05T12:52:57","slug":"alzira-guardonada-amb-el-premi-gob-2021-en-transformacio-i-govern-digital-2","status":"publish","type":"post","link":"https:\/\/alzira.es\/es\/alzira-guardonada-amb-el-premi-gob-2021-en-transformacio-i-govern-digital-2\/","title":{"rendered":"Alzira guardonada amb el premi GOB-2021 en transformaci\u00f3 i Govern Digital"},"content":{"rendered":"<p><strong>L&#8217;ajuntament d&#8217;Alzira<\/strong> <strong>ha rebut la comunicaci\u00f3 de l&#8217;entitat U-GOB de l&#8217;obtenci\u00f3 del guard\u00f3 GOB-2021 de<\/strong> <strong>Transformaci\u00f3 i Govern Digital<\/strong> pel projecte denominat<em> \u00abAlzira Resilient &#8211; La transformaci\u00f3 digital com a base de l&#8217;adaptabilitat organitzativa i la millora del servei p\u00fablic en la \u00abnova normalitat\u00bb<\/em>.<\/p>\n<p>L&#8217;actualitat a causa de la situaci\u00f3 sanit\u00e0ria l&#8217;any passat i en el que portem de l&#8217;any 2021 ha sigut particularment complicada i la participaci\u00f3 entusiasta dels treballadors i funcionaris innovadors, ha estat vital per tal d&#8217;adaptar-se i continuar el treball quotidi\u00e0 de les administracions i per a tindre millors governs per a millors ciutadans. <em>\u00abEstem molt satisfets del cam\u00ed que hem recorregut al llarg dels \u00faltims anys en mat\u00e8ria de transformaci\u00f3 Digital de la nostra administraci\u00f3. <strong>Hui rebem un nou premi que reconeix este treball en l&#8217;\u00e0mbit internacional<\/strong>\u00ab<\/em><\/p>\n<p>L&#8217;organitzaci\u00f3 ha comunicat l&#8217;avaluaci\u00f3 positiva de la comissi\u00f3 d&#8217;experts i ha informat de l&#8217;atorgament per correu electr\u00f2nic i del <strong>protocol de lliurament de premis<\/strong>. S&#8217;ha preparat un esdeveniment que tindr\u00e0 lloc el <strong>pr\u00f2xim 24 de mar\u00e7 de manera telem\u00e0tica<\/strong> i comptar\u00e0 amb la participaci\u00f3 del guardonats de manera remota, per tal de fer un discurs i participar en una conversa final sobre transformaci\u00f3 i digitalitzaci\u00f3 de govern.<\/p>\n<p>Per la seua banda el director General de l&#8217;entitat, <strong>Carlos Casta\u00f1eda<\/strong>, ha fet arribar la seua felicitaci\u00f3 a l&#8217;Ajuntament d&#8217;Alzira <em>\u00abEstenc les meues m\u00e9s sinceres felicitacions i agra\u00efment per participar en aquest proc\u00e9s que t\u00e9 com a finalitat impulsar i recon\u00e9ixer la innovaci\u00f3 en les institucions p\u00fabliques. La participaci\u00f3 de tots els guanyadors \u00e9s molt important per a mantindre l&#8217;\u00e0nim festiu que sempre ha tingut este esdeveniment\u00bb.<\/em><\/p>\n<p style=\"text-align: center;\"><em><img fetchpriority=\"high\" decoding=\"async\" class=\" size-full wp-image-53794\" src=\"https:\/\/alzira.es\/wp-content\/uploads\/2021\/03\/IMG_3079_rec.ok_.jpg\" alt=\"IMG 3079 rec.ok\" width=\"635\" height=\"423\" srcset=\"https:\/\/alzira.es\/wp-content\/uploads\/2021\/03\/IMG_3079_rec.ok_.jpg 1950w, https:\/\/alzira.es\/wp-content\/uploads\/2021\/03\/IMG_3079_rec.ok_-680x453.jpg 680w, https:\/\/alzira.es\/wp-content\/uploads\/2021\/03\/IMG_3079_rec.ok_-1430x953.jpg 1430w, https:\/\/alzira.es\/wp-content\/uploads\/2021\/03\/IMG_3079_rec.ok_-768x512.jpg 768w, https:\/\/alzira.es\/wp-content\/uploads\/2021\/03\/IMG_3079_rec.ok_-391x260.jpg 391w, https:\/\/alzira.es\/wp-content\/uploads\/2021\/03\/IMG_3079_rec.ok_-1536x1024.jpg 1536w\" sizes=\"(max-width: 635px) 100vw, 635px\" \/>&nbsp;<img decoding=\"async\" class=\"size-full wp-image-53796 lazyload\" data-src=\"https:\/\/alzira.es\/wp-content\/uploads\/2021\/03\/visita_s.a._jordi_juan.jpeg\" alt=\"visita s.a. jordi juan\" width=\"563\" height=\"422\" data-srcset=\"https:\/\/alzira.es\/wp-content\/uploads\/2021\/03\/visita_s.a._jordi_juan.jpeg 960w, https:\/\/alzira.es\/wp-content\/uploads\/2021\/03\/visita_s.a._jordi_juan-680x510.jpeg 680w, https:\/\/alzira.es\/wp-content\/uploads\/2021\/03\/visita_s.a._jordi_juan-768x576.jpeg 768w\" data-sizes=\"(max-width: 563px) 100vw, 563px\" src=\"data:image\/svg+xml;base64,PHN2ZyB3aWR0aD0iMSIgaGVpZ2h0PSIxIiB4bWxucz0iaHR0cDovL3d3dy53My5vcmcvMjAwMC9zdmciPjwvc3ZnPg==\" style=\"--smush-placeholder-width: 563px; --smush-placeholder-aspect-ratio: 563\/422;\" \/><\/em><\/p>\n<p style=\"text-align: center;\">Imatge d&#8217;Arxiu, reuni\u00f3 amb el Secretari Auton\u00f2mic d&#8217;Innovaci\u00f3 i Transformaci\u00f3 Digital any 2019<\/p>\n","protected":false},"excerpt":{"rendered":"<p>L&#8217;ajuntament d&#8217;Alzira ha rebut la comunicaci\u00f3 de l&#8217;entitat U-GOB de l&#8217;obtenci\u00f3 del guard\u00f3 GOB-2021 de Transformaci\u00f3 i Govern Digital pel projecte denominat \u00abAlzira Resilient &#8211; La transformaci\u00f3 digital com a base de l&#8217;adaptabilitat organitzativa i la millora del servei p\u00fablic en la \u00abnova normalitat\u00bb. L&#8217;actualitat a causa de la situaci\u00f3 sanit\u00e0ria l&#8217;any passat i en &hellip; <\/p>\n<p class=\"link-more\"><a href=\"https:\/\/alzira.es\/es\/alzira-guardonada-amb-el-premi-gob-2021-en-transformacio-i-govern-digital-2\/\" class=\"more-link\">Continuar leyendo<span class=\"screen-reader-text\"> \u00abAlzira guardonada amb el premi GOB-2021 en transformaci\u00f3 i Govern Digital\u00bb<\/span><\/a><\/p>\n","protected":false},"author":29,"featured_media":53794,"comment_status":"","ping_status":"","sticky":false,"template":"","format":"standard","meta":{"_acf_changed":false,"footnotes":""},"categories":[],"tags":[],"class_list":["post-53799","post","type-post","status-publish","format-standard","has-post-thumbnail","hentry"],"acf":[],"_links":{"self":[{"href":"https:\/\/alzira.es\/es\/wp-json\/wp\/v2\/posts\/53799","targetHints":{"allow":["GET"]}}],"collection":[{"href":"https:\/\/alzira.es\/es\/wp-json\/wp\/v2\/posts"}],"about":[{"href":"https:\/\/alzira.es\/es\/wp-json\/wp\/v2\/types\/post"}],"author":[{"embeddable":true,"href":"https:\/\/alzira.es\/es\/wp-json\/wp\/v2\/users\/29"}],"replies":[{"embeddable":true,"href":"https:\/\/alzira.es\/es\/wp-json\/wp\/v2\/comments?post=53799"}],"version-history":[{"count":0,"href":"https:\/\/alzira.es\/es\/wp-json\/wp\/v2\/posts\/53799\/revisions"}],"wp:featuredmedia":[{"embeddable":true,"href":"https:\/\/alzira.es\/es\/wp-json\/wp\/v2\/media\/53794"}],"wp:attachment":[{"href":"https:\/\/alzira.es\/es\/wp-json\/wp\/v2\/media?parent=53799"}],"wp:term":[{"taxonomy":"category","embeddable":true,"href":"https:\/\/alzira.es\/es\/wp-json\/wp\/v2\/categories?post=53799"},{"taxonomy":"post_tag","embeddable":true,"href":"https:\/\/alzira.es\/es\/wp-json\/wp\/v2\/tags?post=53799"}],"curies":[{"name":"wp","href":"https:\/\/api.w.org\/{rel}","templated":true}]}}