{"id":53798,"date":"2021-03-05T13:52:57","date_gmt":"2021-03-05T12:52:57","guid":{"rendered":"https:\/\/alzira.es\/alzira-guardonada-amb-el-premi-gob-2021-en-transformacio-i-govern-digital\/"},"modified":"2021-03-05T13:52:57","modified_gmt":"2021-03-05T12:52:57","slug":"alzira-guardonada-amb-el-premi-gob-2021-en-transformacio-i-govern-digital","status":"publish","type":"post","link":"https:\/\/alzira.es\/es\/alzira-guardonada-amb-el-premi-gob-2021-en-transformacio-i-govern-digital\/","title":{"rendered":"Alzira galardonada con el premio GOB-2021 en transformaci\u00f3n y Gobierno Digital"},"content":{"rendered":"<p><strong>El ayuntamiento de Alzira ha recibido la comunicaci\u00f3n de la entidad U-GOB de la obtenci\u00f3n del galard\u00f3n GOB-2021 de Transformaci\u00f3n y Gobierno Digital<\/strong> por el proyecto denominado <em>\u00abAlzira Resiliente &#8211; La transformaci\u00f3n digital como base de la adaptabilidad organizativa y la mejora del servicio p\u00fablico en la \u00abnueva normalidad\u00bb.<\/em><\/p>\n<p>La actualidad a causa de la situaci\u00f3n sanitaria el a\u00f1o pasado y en el que llevamos del a\u00f1o 2021 ha sido particularmente complicada y la participaci\u00f3n entusiasta de los trabajadores y funcionarios innovadores, ha sido vital para adaptarse y continuar el trabajo cotidiano de las administraciones y para tener mejores gobiernos para mejores ciudadanos. <em>\u00abEstamos muy satisfechos del camino que hemos recorrido a lo largo de los \u00faltimos a\u00f1os en materia de transformaci\u00f3n Digital de nuestra administraci\u00f3n.<strong> Hoy recibimos un nuevo premio que reconoce este trabajo en el \u00e1mbito internacional<\/strong>\u00ab<\/em><\/p>\n<p>La organizaci\u00f3n ha comunicado la evaluaci\u00f3n positiva de la comisi\u00f3n de expertos y ha informado del otorgamiento por correo electr\u00f3nico y del protocolo de entrega de premios. Se ha preparado un acontecimiento que tendr\u00e1 lugar el <strong>pr\u00f3ximo 24 de marzo de manera telem\u00e1tica<\/strong> y contar\u00e1 con la participaci\u00f3n de los galardonados de manera remota, para hacer un discurso y participar en una conversaci\u00f3n final sobre transformaci\u00f3n y digitalizaci\u00f3n de gobierno.<\/p>\n<p>Por su parte el director General de la entidad, <strong>Carlos Casta\u00f1eda<\/strong>, ha hecho llegar su felicitaci\u00f3n al Ayuntamiento de Alzira <em>\u00abExtiendo mis m\u00e1s sinceras felicitaciones y agradecimiento para participar en este proceso que tiene como finalidad impulsar y reconocer la innovaci\u00f3n en las instituciones p\u00fablicas. La participaci\u00f3n de todos los ganadores es muy importante para mantener el \u00e1nimo festivo que siempre ha tenido este acontecimiento\u00bb.<\/em><\/p>\n<p style=\"text-align: center;\"><em><img fetchpriority=\"high\" decoding=\"async\" class=\" size-full wp-image-53794\" src=\"https:\/\/alzira.es\/wp-content\/uploads\/2021\/03\/IMG_3079_rec.ok_.jpg\" alt=\"IMG 3079 rec.ok\" width=\"635\" height=\"423\" srcset=\"https:\/\/alzira.es\/wp-content\/uploads\/2021\/03\/IMG_3079_rec.ok_.jpg 1950w, https:\/\/alzira.es\/wp-content\/uploads\/2021\/03\/IMG_3079_rec.ok_-680x453.jpg 680w, https:\/\/alzira.es\/wp-content\/uploads\/2021\/03\/IMG_3079_rec.ok_-1430x953.jpg 1430w, https:\/\/alzira.es\/wp-content\/uploads\/2021\/03\/IMG_3079_rec.ok_-768x512.jpg 768w, https:\/\/alzira.es\/wp-content\/uploads\/2021\/03\/IMG_3079_rec.ok_-391x260.jpg 391w, https:\/\/alzira.es\/wp-content\/uploads\/2021\/03\/IMG_3079_rec.ok_-1536x1024.jpg 1536w\" sizes=\"(max-width: 635px) 100vw, 635px\" \/>&nbsp;<img decoding=\"async\" class=\"size-full wp-image-53796 lazyload\" data-src=\"https:\/\/alzira.es\/wp-content\/uploads\/2021\/03\/visita_s.a._jordi_juan.jpeg\" alt=\"visita s.a. jordi juan\" width=\"563\" height=\"422\" data-srcset=\"https:\/\/alzira.es\/wp-content\/uploads\/2021\/03\/visita_s.a._jordi_juan.jpeg 960w, https:\/\/alzira.es\/wp-content\/uploads\/2021\/03\/visita_s.a._jordi_juan-680x510.jpeg 680w, https:\/\/alzira.es\/wp-content\/uploads\/2021\/03\/visita_s.a._jordi_juan-768x576.jpeg 768w\" data-sizes=\"(max-width: 563px) 100vw, 563px\" src=\"data:image\/svg+xml;base64,PHN2ZyB3aWR0aD0iMSIgaGVpZ2h0PSIxIiB4bWxucz0iaHR0cDovL3d3dy53My5vcmcvMjAwMC9zdmciPjwvc3ZnPg==\" style=\"--smush-placeholder-width: 563px; --smush-placeholder-aspect-ratio: 563\/422;\" \/><\/em><\/p>\n<p style=\"text-align: center;\">Imatge d&#8217;Arxiu, reuni\u00f3 amb el Secretari Auton\u00f2mic d&#8217;Innovaci\u00f3 i Transformaci\u00f3 Digital any 2019<\/p>\n","protected":false},"excerpt":{"rendered":"<p>El ayuntamiento de Alzira ha recibido la comunicaci\u00f3n de la entidad U-GOB de la obtenci\u00f3n del galard\u00f3n GOB-2021 de Transformaci\u00f3n y Gobierno Digital por el proyecto denominado \u00abAlzira Resiliente &#8211; La transformaci\u00f3n digital como base de la adaptabilidad organizativa y la mejora del servicio p\u00fablico en la \u00abnueva normalidad\u00bb. La actualidad a causa de la &hellip; <\/p>\n<p class=\"link-more\"><a href=\"https:\/\/alzira.es\/es\/alzira-guardonada-amb-el-premi-gob-2021-en-transformacio-i-govern-digital\/\" class=\"more-link\">Continuar leyendo<span class=\"screen-reader-text\"> \u00abAlzira galardonada con el premio GOB-2021 en transformaci\u00f3n y Gobierno Digital\u00bb<\/span><\/a><\/p>\n","protected":false},"author":29,"featured_media":53794,"comment_status":"","ping_status":"","sticky":false,"template":"","format":"standard","meta":{"_acf_changed":false,"footnotes":""},"categories":[4936],"tags":[],"class_list":["post-53798","post","type-post","status-publish","format-standard","has-post-thumbnail","hentry","category-hemeroteca-es"],"acf":[],"_links":{"self":[{"href":"https:\/\/alzira.es\/es\/wp-json\/wp\/v2\/posts\/53798","targetHints":{"allow":["GET"]}}],"collection":[{"href":"https:\/\/alzira.es\/es\/wp-json\/wp\/v2\/posts"}],"about":[{"href":"https:\/\/alzira.es\/es\/wp-json\/wp\/v2\/types\/post"}],"author":[{"embeddable":true,"href":"https:\/\/alzira.es\/es\/wp-json\/wp\/v2\/users\/29"}],"replies":[{"embeddable":true,"href":"https:\/\/alzira.es\/es\/wp-json\/wp\/v2\/comments?post=53798"}],"version-history":[{"count":0,"href":"https:\/\/alzira.es\/es\/wp-json\/wp\/v2\/posts\/53798\/revisions"}],"wp:featuredmedia":[{"embeddable":true,"href":"https:\/\/alzira.es\/es\/wp-json\/wp\/v2\/media\/53794"}],"wp:attachment":[{"href":"https:\/\/alzira.es\/es\/wp-json\/wp\/v2\/media?parent=53798"}],"wp:term":[{"taxonomy":"category","embeddable":true,"href":"https:\/\/alzira.es\/es\/wp-json\/wp\/v2\/categories?post=53798"},{"taxonomy":"post_tag","embeddable":true,"href":"https:\/\/alzira.es\/es\/wp-json\/wp\/v2\/tags?post=53798"}],"curies":[{"name":"wp","href":"https:\/\/api.w.org\/{rel}","templated":true}]}}