{"id":53790,"date":"2021-03-05T13:43:00","date_gmt":"2021-03-05T12:43:00","guid":{"rendered":"https:\/\/alzira.es\/ayudas-compra-primera-vivienda-jovenes-2021\/"},"modified":"2021-07-22T12:27:08","modified_gmt":"2021-07-22T10:27:08","slug":"ayudas-compra-primera-vivienda-jovenes-2021","status":"publish","type":"post","link":"https:\/\/alzira.es\/es\/ayudas-compra-primera-vivienda-jovenes-2021\/","title":{"rendered":"AYUDAS A LA COMPRA DE PRIMERA VIVIENDA PARA JOVENES 2021"},"content":{"rendered":"<p style=\"text-align: justify;\">&nbsp;<\/p>\n<table>\n<tbody>\n<tr style=\"background-color: #cccccc;\">\n<td>&nbsp; &nbsp; &nbsp; &nbsp; &nbsp; &nbsp; &nbsp; &nbsp; &nbsp;<\/td>\n<td>\n<p style=\"text-align: center;\" align=\"center\"><strong><span style=\"text-decoration: underline;\"><span style=\"font-size: 18pt;\">Ayudas a la compra de la Primera Vivienda para J\u00f3venes<\/span><\/span><\/strong><\/p>\n<\/td>\n<td><span style=\"font-size: 18pt;\">&nbsp; &nbsp; &nbsp; &nbsp; &nbsp; &nbsp;<\/span><\/td>\n<\/tr>\n<tr style=\"background-color: #f5f5f5;\">\n<td style=\"width: 50px;\">&nbsp;<\/td>\n<td style=\"width: 700px;\">&nbsp;<a href=\"contenidos\/urbanisme\/Noticias\/Inicio_Ayudas_Primera_vivienda\/Cartel-ayudas.jpg\" target=\"_blank\" rel=\"noopener\"><img fetchpriority=\"high\" decoding=\"async\" class=\" size-full wp-image-53784\" style=\"display: block; margin-left: auto; margin-right: auto; vertical-align: middle;\" src=\"https:\/\/alzira.es\/wp-content\/uploads\/2021\/03\/Cartel-ayudas_2021.jpg\" alt=\"Cartel-ayudas\" width=\"488\" height=\"350\" \/><\/a><\/td>\n<td style=\"width: 50px;\">&nbsp;<\/td>\n<\/tr>\n<tr style=\"background-color: #f5f5f5;\">\n<td>&nbsp;<\/td>\n<td>&nbsp;Desde hace ya tiempo, el Ayuntamiento de Alzira viene ofreciendo a los j\u00f3venes de nuestra ciudad, una l\u00ednea de ayudas destinadas a subvencionar parte del precio inicial de compra de su primera vivienda. <\/p>\n<p>La concesi\u00f3n de estas ayudas, que tiene car\u00e1cter de subvenci\u00f3n, est\u00e1 limitada anualmente por el importe del presupuesto aprobado por el Ayuntamiento de Alzira.<\/p>\n<p style=\"margin-left: 30px;\"><strong><span style=\"text-decoration: underline;\">DESTINATARIOS<\/span><\/strong><\/p>\n<p style=\"margin-left: 30px;\">Las ayudas se dirigen a los j\u00f3venes de hasta 35 a\u00f1os de edad, inclusive, para la adquisici\u00f3n de su primera vivienda, con la finalidad de destinarla a su domicilio habitual y permanente.<\/p>\n<p style=\"margin-left: 30px;\">&nbsp;<\/p>\n<p style=\"margin-left: 30px;\"><strong><span style=\"text-decoration: underline;\">PLAZO DE SOLICITUD DE LAS AYUDAS<\/span><\/strong><\/p>\n<p style=\"margin-left: 30px;\">Las ayudas ser\u00e1n anuales y podr\u00e1n solicitarse como m\u00e1ximo, hasta un a\u00f1o despu\u00e9s de la inscripci\u00f3n registral de la vivienda adquirida y quedar\u00e1n supeditadas a que haya consignaci\u00f3n presupuestaria.<\/p>\n<p style=\"margin-left: 30px;\">El plazo de presentaci\u00f3n de solicitudes se iniciar\u00e1 a partir del d\u00eda siguiente de la publicaci\u00f3n del extracto de la convocatoria en el Bolet\u00edn Oficial de la Provincia, y finalizar\u00e1 el 15 de septiembre del a\u00f1o en curso.<\/p>\n<p style=\"margin-left: 30px;\">\u2022 Publicaci\u00f3n anuncio BOP 43, 4 de marzo de 2021.<br \/>\u2022 Inicio del plazo de presentaci\u00f3n de solicitudes el 5 de marzo de 2021.<br \/>\u2022 Fin del plazo de presentaci\u00f3n de solicitudes 15 de septiembre de 2021.<\/p>\n<p>Las solicitudes se tramitaran preferentemente por v\u00eda telem\u00e1tica, si bien aquellos beneficiarios que no dispongan de medios t\u00e9cnicos podr\u00e1n acudir durante el plazo de presentaci\u00f3n de solicitudes a las dependencias de La Clau (C\/ Rambla, 23) previa petici\u00f3n de cita, bien a trav\u00e9s de la web municipal, o llamando al tel\u00e9fono 960704348<\/p>\n<\/td>\n<td>&nbsp;<\/td>\n<\/tr>\n<tr style=\"background-color: #f5f5f5;\">\n<td>&nbsp;<\/td>\n<td>\n<p style=\"margin-left: 30px;\"><span style=\"text-decoration: underline;\"><strong>DOCUMENTACI\u00d3N RELATIVA A LA AYUDA:<\/strong><\/span><\/p>\n<p style=\"margin-left: 30px;\"><a href=\"https:\/\/alzira.es\/wp-content\/uploads\/2021\/03\/ACUERDO-JGL-160221-convocatoria-primera-vivienda_castellano.pdf\" target=\"_blank\" rel=\"noopener\"><span style=\"color: #800000;\">* Acuerdo Junta de Gobierno Local<\/span><\/a><\/p>\n<p style=\"margin-left: 30px;\"><a href=\"https:\/\/alzira.es\/wp-content\/uploads\/2021\/03\/anuncio-BOP_convocatoria-primera-vivienda.pdf\" target=\"_blank\" rel=\"noopener\"><span style=\"color: #800000;\">* Anuncio BOP Extracto Convocatoria<\/span><\/a><\/p>\n<\/td>\n<td>&nbsp;<\/td>\n<\/tr>\n<\/tbody>\n<\/table>\n<p style=\"text-align: justify;\">&nbsp;<\/p>\n<p style=\"text-align: justify;\">&nbsp;<\/p>\n","protected":false},"excerpt":{"rendered":"<p>&nbsp; &nbsp; &nbsp; &nbsp; &nbsp; &nbsp; &nbsp; &nbsp; &nbsp; &nbsp; Ayudas a la compra de la Primera Vivienda para J\u00f3venes &nbsp; &nbsp; &nbsp; &nbsp; &nbsp; &nbsp; &nbsp; &nbsp; &nbsp; &nbsp; &nbsp;Desde hace ya tiempo, el Ayuntamiento de Alzira viene ofreciendo a los j\u00f3venes de nuestra ciudad, una l\u00ednea de ayudas destinadas a subvencionar parte del &hellip; <\/p>\n<p class=\"link-more\"><a href=\"https:\/\/alzira.es\/es\/ayudas-compra-primera-vivienda-jovenes-2021\/\" class=\"more-link\">Continuar leyendo<span class=\"screen-reader-text\"> \u00abAYUDAS A LA COMPRA DE PRIMERA VIVIENDA PARA JOVENES 2021\u00bb<\/span><\/a><\/p>\n","protected":false},"author":16,"featured_media":53784,"comment_status":"closed","ping_status":"","sticky":false,"template":"","format":"standard","meta":{"_acf_changed":false,"footnotes":""},"categories":[1632],"tags":[],"class_list":["post-53790","post","type-post","status-publish","format-standard","has-post-thumbnail","hentry","category-area-durbanisme-projectes-i-infraestructures"],"acf":[],"_links":{"self":[{"href":"https:\/\/alzira.es\/es\/wp-json\/wp\/v2\/posts\/53790","targetHints":{"allow":["GET"]}}],"collection":[{"href":"https:\/\/alzira.es\/es\/wp-json\/wp\/v2\/posts"}],"about":[{"href":"https:\/\/alzira.es\/es\/wp-json\/wp\/v2\/types\/post"}],"author":[{"embeddable":true,"href":"https:\/\/alzira.es\/es\/wp-json\/wp\/v2\/users\/16"}],"replies":[{"embeddable":true,"href":"https:\/\/alzira.es\/es\/wp-json\/wp\/v2\/comments?post=53790"}],"version-history":[{"count":0,"href":"https:\/\/alzira.es\/es\/wp-json\/wp\/v2\/posts\/53790\/revisions"}],"wp:featuredmedia":[{"embeddable":true,"href":"https:\/\/alzira.es\/es\/wp-json\/wp\/v2\/media\/53784"}],"wp:attachment":[{"href":"https:\/\/alzira.es\/es\/wp-json\/wp\/v2\/media?parent=53790"}],"wp:term":[{"taxonomy":"category","embeddable":true,"href":"https:\/\/alzira.es\/es\/wp-json\/wp\/v2\/categories?post=53790"},{"taxonomy":"post_tag","embeddable":true,"href":"https:\/\/alzira.es\/es\/wp-json\/wp\/v2\/tags?post=53790"}],"curies":[{"name":"wp","href":"https:\/\/api.w.org\/{rel}","templated":true}]}}