{"id":53783,"date":"2021-03-05T10:47:00","date_gmt":"2021-03-05T09:47:00","guid":{"rendered":"https:\/\/alzira.es\/una-subvencio-estatal-permet-reparar-desper-fectes-ocasionats-pel-temporal-gloria-2\/"},"modified":"2021-03-05T10:47:00","modified_gmt":"2021-03-05T09:47:00","slug":"una-subvencio-estatal-permet-reparar-desper-fectes-ocasionats-pel-temporal-gloria-2","status":"publish","type":"post","link":"https:\/\/alzira.es\/es\/una-subvencio-estatal-permet-reparar-desper-fectes-ocasionats-pel-temporal-gloria-2\/","title":{"rendered":"Una subvenci\u00f3 Estatal permet reparar desperfectes ocasionats pel temporal Gl\u00f2ria"},"content":{"rendered":"<p>La Regidoria de Serveis Urbans continua millorant els vials de la nostra ciutat, tant en l&#8217;entramat urb\u00e0 com en les urbanitzacions residencials i de segones vivendes.<\/p>\n<p>Els treballs que es realitzaran inclouen les tasques de condicionament en carrers que presenten ferma desgastada, clots i erosions, per a la qual cosa <strong>es fressaran els laterals de la cal\u00e7ada actual i es procedir\u00e0 a l&#8217;asfaltat superposat<\/strong>, a m\u00e9s d&#8217;incloure l&#8217;<strong>al\u00e7ament d&#8217;embornals<\/strong>, aix\u00ed com <strong>pous de telecomunicacions<\/strong> fins a la nova cota. Tamb\u00e9 es procedir\u00e0 a la <strong>reposici\u00f3 de la senyalitzaci\u00f3 horitzontal<\/strong>.<\/p>\n<p>Els carrers que es repararan s\u00f3n: Doctor Ferr\u00e1n, Simat, Salvador Perl\u00e9s, la Uni\u00f3n, Dr. Fleming i l&#8217;avinguda Pare Castells.<\/p>\n<p>El mateix procediment es realitzar\u00e0 als carrers de la urbanitzaci\u00f3 El Respirall, a m\u00e9s d&#8217;actuar tamb\u00e9 en els camins que encara s\u00f3n de terra per tal de pavimentar-los.<\/p>\n<p>Es fressaran els laterals i s&#8217;asfaltaran amb una capa de cinc cent\u00edmetres als trams dels carrers Bonaire i Serra de la Murta. Mentre els carrers, Rosella, Garrofer i el tram final de Serra de la Murta, seran objecte de pavimentaci\u00f3, ja que a hores d&#8217;ara encara s\u00f3n carrers de terra.<\/p>\n<p><em>\u00abAmb estes actuacions continuem des de la Regidoria de Serveis Urbans millorant l&#8217;estat dels carrers d&#8217;Alzira i condicionant els vials de les urbanitzacions que encara no estan asfaltats, complint aix\u00ed un dels objectius marcats per esta Regidoria a principi de la present legislatura\u00bb<\/em>, segons <strong>Fernando Pascual<\/strong>, regidor de l&#8217;\u00e0rea.<\/p>\n<p style=\"text-align: center;\"><img fetchpriority=\"high\" decoding=\"async\" class=\" size-full wp-image-53780\" src=\"https:\/\/alzira.es\/wp-content\/uploads\/2021\/03\/respirall_1.jpg\" alt=\"respirall 1\" width=\"684\" height=\"912\" srcset=\"https:\/\/alzira.es\/wp-content\/uploads\/2021\/03\/respirall_1.jpg 750w, https:\/\/alzira.es\/wp-content\/uploads\/2021\/03\/respirall_1-680x907.jpg 680w, https:\/\/alzira.es\/wp-content\/uploads\/2021\/03\/respirall_1-300x400.jpg 300w\" sizes=\"(max-width: 684px) 100vw, 684px\" \/><\/p>\n","protected":false},"excerpt":{"rendered":"<p>La Regidoria de Serveis Urbans continua millorant els vials de la nostra ciutat, tant en l&#8217;entramat urb\u00e0 com en les urbanitzacions residencials i de segones vivendes. Els treballs que es realitzaran inclouen les tasques de condicionament en carrers que presenten ferma desgastada, clots i erosions, per a la qual cosa es fressaran els laterals de &hellip; <\/p>\n<p class=\"link-more\"><a href=\"https:\/\/alzira.es\/es\/una-subvencio-estatal-permet-reparar-desper-fectes-ocasionats-pel-temporal-gloria-2\/\" class=\"more-link\">Continuar leyendo<span class=\"screen-reader-text\"> \u00abUna subvenci\u00f3 Estatal permet reparar desperfectes ocasionats pel temporal Gl\u00f2ria\u00bb<\/span><\/a><\/p>\n","protected":false},"author":29,"featured_media":53780,"comment_status":"","ping_status":"","sticky":false,"template":"","format":"standard","meta":{"_acf_changed":false,"footnotes":""},"categories":[],"tags":[],"class_list":["post-53783","post","type-post","status-publish","format-standard","has-post-thumbnail","hentry"],"acf":[],"_links":{"self":[{"href":"https:\/\/alzira.es\/es\/wp-json\/wp\/v2\/posts\/53783","targetHints":{"allow":["GET"]}}],"collection":[{"href":"https:\/\/alzira.es\/es\/wp-json\/wp\/v2\/posts"}],"about":[{"href":"https:\/\/alzira.es\/es\/wp-json\/wp\/v2\/types\/post"}],"author":[{"embeddable":true,"href":"https:\/\/alzira.es\/es\/wp-json\/wp\/v2\/users\/29"}],"replies":[{"embeddable":true,"href":"https:\/\/alzira.es\/es\/wp-json\/wp\/v2\/comments?post=53783"}],"version-history":[{"count":0,"href":"https:\/\/alzira.es\/es\/wp-json\/wp\/v2\/posts\/53783\/revisions"}],"wp:featuredmedia":[{"embeddable":true,"href":"https:\/\/alzira.es\/es\/wp-json\/wp\/v2\/media\/53780"}],"wp:attachment":[{"href":"https:\/\/alzira.es\/es\/wp-json\/wp\/v2\/media?parent=53783"}],"wp:term":[{"taxonomy":"category","embeddable":true,"href":"https:\/\/alzira.es\/es\/wp-json\/wp\/v2\/categories?post=53783"},{"taxonomy":"post_tag","embeddable":true,"href":"https:\/\/alzira.es\/es\/wp-json\/wp\/v2\/tags?post=53783"}],"curies":[{"name":"wp","href":"https:\/\/api.w.org\/{rel}","templated":true}]}}