{"id":53782,"date":"2021-03-05T10:47:00","date_gmt":"2021-03-05T09:47:00","guid":{"rendered":"https:\/\/alzira.es\/una-subvencio-estatal-permet-reparar-desper-fectes-ocasionats-pel-temporal-gloria\/"},"modified":"2021-03-05T10:47:00","modified_gmt":"2021-03-05T09:47:00","slug":"una-subvencio-estatal-permet-reparar-desper-fectes-ocasionats-pel-temporal-gloria","status":"publish","type":"post","link":"https:\/\/alzira.es\/es\/una-subvencio-estatal-permet-reparar-desper-fectes-ocasionats-pel-temporal-gloria\/","title":{"rendered":"Una subvenci\u00f3n Estatal permite reparar desperfectos ocasionados por el temporal Gloria"},"content":{"rendered":"<p>La Concejal\u00eda de Servicios Urbanos contin\u00faa mejorando los viales de nuestra ciudad, tanto en el entramado urbano como en las urbanizaciones residenciales y de segundas viviendas.<\/p>\n<p>Los trabajos que se realizar\u00e1n incluyen las tareas de acondicionamiento en calles que presentan firme desgastada, hoyos y erosiones, para el cual <strong>se arreglaran los laterales de la calzada actual y se proceder\u00e1 al asfaltado superpuesto<\/strong>, adem\u00e1s de incluir el <strong>alzamiento de alcantarillas<\/strong>, as\u00ed como pozos de telecomunicaciones hasta la nueva cota. Tambi\u00e9n se proceder\u00e1 a la <strong>reposici\u00f3n de la se\u00f1alizaci\u00f3n horizontal<\/strong>.<\/p>\n<p>Las calles que se reparar\u00e1n son: Doctor Ferr\u00e1n, Simat, Salvador Perl\u00e9s, la Uni\u00f3n, Dr. Fleming y el avenida Padre Castells.<\/p>\n<p>El mismo procedimiento se realizar\u00e1 en las calles de la urbanizaci\u00f3n El Respirall, adem\u00e1s de actuar tambi\u00e9n en los caminos que todav\u00eda son de tierra para pavimentarlos.<\/p>\n<p>Se arreglaran los laterales y se asfaltar\u00e1n con una capa de cinco cent\u00edmetros a los tramos de las calles Bonaire y Serra de la Murta. Mientras las calles, Rosella, Garrofer y el tramo final de Serra de la Murta, ser\u00e1n objeto de pavimentaci\u00f3n, puesto que a estas alturas todav\u00eda son calles de tierra.<\/p>\n<p><em>\u00abCon estas actuaciones continuamos desde la Concejal\u00eda de Servicios Urbanos mejorando el estado de las calles de Alzira y condicionando los viales de las urbanizaciones que todav\u00eda no est\u00e1n asfaltados, cumpliendo as\u00ed uno de los objetivos marcados por esta Concejal\u00eda a principio de la presente legislatura\u00bb<\/em>, seg\u00fan <strong>Fernando Pascual<\/strong>, regidor del \u00e1rea.<\/p>\n<p style=\"text-align: center;\"><img fetchpriority=\"high\" decoding=\"async\" class=\" size-full wp-image-53780\" src=\"https:\/\/alzira.es\/wp-content\/uploads\/2021\/03\/respirall_1.jpg\" alt=\"respirall 1\" width=\"684\" height=\"912\" srcset=\"https:\/\/alzira.es\/wp-content\/uploads\/2021\/03\/respirall_1.jpg 750w, https:\/\/alzira.es\/wp-content\/uploads\/2021\/03\/respirall_1-680x907.jpg 680w, https:\/\/alzira.es\/wp-content\/uploads\/2021\/03\/respirall_1-300x400.jpg 300w\" sizes=\"(max-width: 684px) 100vw, 684px\" \/><\/p>\n","protected":false},"excerpt":{"rendered":"<p>La Concejal\u00eda de Servicios Urbanos contin\u00faa mejorando los viales de nuestra ciudad, tanto en el entramado urbano como en las urbanizaciones residenciales y de segundas viviendas. Los trabajos que se realizar\u00e1n incluyen las tareas de acondicionamiento en calles que presentan firme desgastada, hoyos y erosiones, para el cual se arreglaran los laterales de la calzada &hellip; <\/p>\n<p class=\"link-more\"><a href=\"https:\/\/alzira.es\/es\/una-subvencio-estatal-permet-reparar-desper-fectes-ocasionats-pel-temporal-gloria\/\" class=\"more-link\">Continuar leyendo<span class=\"screen-reader-text\"> \u00abUna subvenci\u00f3n Estatal permite reparar desperfectos ocasionados por el temporal Gloria\u00bb<\/span><\/a><\/p>\n","protected":false},"author":29,"featured_media":53780,"comment_status":"","ping_status":"","sticky":false,"template":"","format":"standard","meta":{"_acf_changed":false,"footnotes":""},"categories":[4936],"tags":[],"class_list":["post-53782","post","type-post","status-publish","format-standard","has-post-thumbnail","hentry","category-hemeroteca-es"],"acf":[],"_links":{"self":[{"href":"https:\/\/alzira.es\/es\/wp-json\/wp\/v2\/posts\/53782","targetHints":{"allow":["GET"]}}],"collection":[{"href":"https:\/\/alzira.es\/es\/wp-json\/wp\/v2\/posts"}],"about":[{"href":"https:\/\/alzira.es\/es\/wp-json\/wp\/v2\/types\/post"}],"author":[{"embeddable":true,"href":"https:\/\/alzira.es\/es\/wp-json\/wp\/v2\/users\/29"}],"replies":[{"embeddable":true,"href":"https:\/\/alzira.es\/es\/wp-json\/wp\/v2\/comments?post=53782"}],"version-history":[{"count":0,"href":"https:\/\/alzira.es\/es\/wp-json\/wp\/v2\/posts\/53782\/revisions"}],"wp:featuredmedia":[{"embeddable":true,"href":"https:\/\/alzira.es\/es\/wp-json\/wp\/v2\/media\/53780"}],"wp:attachment":[{"href":"https:\/\/alzira.es\/es\/wp-json\/wp\/v2\/media?parent=53782"}],"wp:term":[{"taxonomy":"category","embeddable":true,"href":"https:\/\/alzira.es\/es\/wp-json\/wp\/v2\/categories?post=53782"},{"taxonomy":"post_tag","embeddable":true,"href":"https:\/\/alzira.es\/es\/wp-json\/wp\/v2\/tags?post=53782"}],"curies":[{"name":"wp","href":"https:\/\/api.w.org\/{rel}","templated":true}]}}