{"id":53778,"date":"2021-03-04T15:48:37","date_gmt":"2021-03-04T14:48:37","guid":{"rendered":"https:\/\/alzira.es\/alzira-commemora-el-dia-internacional-pels-drets-de-les-dones-2\/"},"modified":"2021-03-04T15:48:37","modified_gmt":"2021-03-04T14:48:37","slug":"alzira-commemora-el-dia-internacional-pels-drets-de-les-dones-2","status":"publish","type":"post","link":"https:\/\/alzira.es\/es\/alzira-commemora-el-dia-internacional-pels-drets-de-les-dones-2\/","title":{"rendered":"Alzira commemora el Dia Internacional pels Drets de les Dones"},"content":{"rendered":"<p>Enguany per prevenci\u00f3 no hi haur\u00e0 acte a la porta de l&#8217;Ajuntament<\/p>\n<p>Un any m\u00e9s <strong>l&#8217;Ajuntament d&#8217;Alzira<\/strong>,<strong> fa un homenatge a totes les dones en el<span style=\"color: #9932cc;\"> Dia Internacional pels Drets de les Dones<\/span><\/strong>. Degut a la situaci\u00f3 sanit\u00e0ria, la tradicional lectura del manifest a la pla\u00e7a del Carb\u00f3 s&#8217;ha substitu\u00eft per un v\u00eddeo en el que participen els membres de la <strong>COPIM<\/strong>, (Comissi\u00f3 Interdepartamental per a la Pol\u00edtica d&#8217;Igualtat Municipal) dels diferents departaments de l&#8217;Ajuntament.<\/p>\n<p><em>\u00abEnguany, per responsabilitat hem decidit no convocar un acte que sol reunir a una quantitat de gent considerable. \u00c9s essencial seguir amb la reivindicaci\u00f3, per aix\u00f2 hem volgut fer diferents accions per a donar visibilitat a la lluita pels drets de les dones. Cada vegada s\u00f3n m\u00e9s les dones i homes que justifiquen esta lluita com la seua pr\u00f2pia i reconeixen el feminisme com el moviment que ha d&#8217;agrupar a tots els sectors socials\u00bb<\/em>, ha explicat la regidora d&#8217;Igualtat <strong>Marina Mir<\/strong>.<\/p>\n<p>Encap\u00e7alat per l&#8217;Alcalde d&#8217;Alzira, <strong>Diego G\u00f3mez<\/strong>, i la regidora d&#8217;igualtat <strong>Marina Mir<\/strong> este document audiovisual repassa amb frases senzilles la l\u00ednia d&#8217;actuaci\u00f3 en mat\u00e8ria d&#8217;Igualtat des del punt de vista de les diferents \u00e0rees municipals.<br \/>Pots vore el v\u00eddeo <span style=\"text-decoration: underline;\"><strong><span style=\"color: #9932cc;\"><a href=\"https:\/\/www.youtube.com\/watch?v=RAI4-uX1las\" target=\"_blank\" rel=\"noopener\"><span style=\"color: #9932cc; text-decoration: underline;\">ac\u00ed<\/span><\/a><\/span><\/strong><\/span>&nbsp;<\/p>\n<p><strong>La campanya es completa amb una acci\u00f3 participativa en la qual es busca donar difusi\u00f3 i visibilitat del <span style=\"color: #9932cc;\">8M<\/span><\/strong>. La regidoria repartir\u00e0 entre els comer\u00e7os de la ciutat cartells i marxandatge del 8M per als clients i clientes de les botigues. D&#8217;esta manera, quan s&#8217;efectue una compra al comer\u00e7 es repartir\u00e0 un adhesiu o imant i es convidar\u00e0 a tots els alzirenys i alzirenyes a donar suport a la campanya, fent-se fotos i pujant-les a les xarxes. Cal etiquetar el perfil de l&#8217;Ajuntament en Facebook <strong>@AjuntAlzira<\/strong> o Intagram <strong>@Ajuntalzira<\/strong> i fer \u00fas del hashtag <strong>#Alzira8M2021<\/strong>. Els participants entraran en el sorteig a trav\u00e9s de les xarxes socials de llibres escrits per dones i samarretes. <strong>El termini per a pujar les fotos \u00e9s del 8 al 12 de mar\u00e7<\/strong>.<\/p>\n<p>A m\u00e9s en el passat Ple de l&#8217;Ajuntament d&#8217;Alzira del dia 24 de febrer es va aprovar una moci\u00f3 en la qual s&#8217;acordava continuar elaborant pol\u00edtiques d&#8217;igualtat de car\u00e0cter intersectorial i transversal, des de a mobilitat, atenci\u00f3 a col\u00b7lectius vulnerables, coeducaci\u00f3 i conciliaci\u00f3, fins a infraestructures i esport i a dotar-les pressupost\u00e0riament.<\/p>\n<p>La setmana passada ja es va anunciar les guardonades amb la ins\u00edgnia d&#8217;Igualtat de la ciutat, a les treballadores de les escoletes municipals, per la seua tasca per haver dissenyat i implementat any rere any en un projecte educatiu integrant transversalment el principi d&#8217;igualtat i no discriminaci\u00f3 sexual, tant en la metodologia com en el contingut curricular i en el treball diari.<\/p>\n<p>Altres departaments donen suport a esta data i per aix\u00f2 la Biblioteca Municipal ha portat a terme al llarg de tota la setmana una campanya en xarxes per a donar visibilitat a les escriptores alzirenyes. Cada dia es destaca un conjunt d&#8217;obres d&#8217;autores de la ciutat com,<strong> Macarena Tabacco<\/strong>, <strong>Amparo Olivares<\/strong>,<strong> Laia Fontana<\/strong>,<strong> Silvia Savall<\/strong>, <strong>Maria Calvo<\/strong>, <strong>Lluch Garc\u00eda<\/strong>,<strong> Tessa Mart\u00edn<\/strong>, <strong>Marta Oliver<\/strong>,<strong> Arantxa Comes<\/strong>, <strong>Eva Pau<\/strong> o<strong> Rosa M\u00aa Benito<\/strong> entre altres o il\u00b7lustradores com<strong> Lara Ferrer<\/strong>, <strong>Alba Fluix\u00e0<\/strong>,<strong> Teresa Giner<\/strong> o <strong>Empar Piera<\/strong>.<\/p>\n<p>Per la seua banda <strong>des de Serveis Urbans esta programada per a dilluns la il\u00b7luminaci\u00f3 de les fonts de la ciutat<\/strong>, Alzira vol deixar patent la seua implicaci\u00f3 en esta lluita tant necess\u00e0ria i essencial, per tal motiu il\u00b7lumina les fonts de les places del Regne i Major i la del parc de l&#8217;Alquen\u00e8ncia <strong>amb el color<span style=\"color: #9932cc;\"> morat<\/span><\/strong>.<\/p>\n<p><strong>Text del v\u00eddeo<\/strong><\/p>\n<p style=\"margin-left: 30px;\"><strong>El<\/strong><span style=\"color: #9932cc;\"><strong> 8 de mar\u00e7 <\/strong><\/span><strong>reivindiquem el dia dels drets de totes les dones.<\/strong><br \/><em>&#8211; La igualtat ha de ser l&#8217;eix vertebrador de les pol\u00edtiques municipals per a fer d&#8217;Alzira una ciutat m\u00e9s justa<\/em>. <strong>Diego G\u00f3mez<\/strong>, alcalde d&#8217;Alzira<br \/><em>&#8211; Des dels Serveis Socials considerem prioritari l&#8217;apoderament i la visibilitat de les dones perqu\u00e8 les seues aportacions en tots els \u00e0mbits s\u00f3n fonamentals.<\/em> <strong>Marina Mir<\/strong>, Regidora d&#8217;Igualtat<br \/><em>&#8211; Les dones s\u00f3n la meitat de la poblaci\u00f3 mundial, no obstant aix\u00f2 les societats han estat dominades per homes que les consideraven inferiors. Sentem les bases per un nou futur?<\/em> <strong>Salva Vercher<\/strong>, Arxiu Municipal<br \/><em>&#8211; La prostituci\u00f3 \u00e9s una de les maneres m\u00e9s cruels de viol\u00e8ncia masclista, 4 de cada 10 homes consumeixen prostituci\u00f3. Eres tu un d&#8217;ells?<\/em> <strong>Raquel Jos\u00e9<\/strong>, Igualtat<br \/><em>&#8211; Les nostres joves es mereixen carrers segurs, ja n&#8217;hi ha prou d&#8217;assetjaments, conductes intimidat\u00f2ries i viol\u00e8ncia cap a les dones.<\/em> <strong>Mayte Vives<\/strong>, Joventut<br \/><em>&#8211; Quan parlem de coeducaci\u00f3 pensem en centres escolars i xiquetes, per\u00f2 no hem d&#8217;oblidar que la fam\u00edlia, \u00e9s el primer i m\u00e9s important agent educatiu, i que als xiquets tamb\u00e9 cal educar-los en la igualtat i el respecte.<\/em><strong> Pilar Montalv\u00e1<\/strong>, Inf\u00e0ncia<br \/><em>&#8211; Viatjar educa i enriqueix, i quan connectem el turisme amb l&#8217;educaci\u00f3 per a la igualtat, estem unint dos forces que poden fer d&#8217;esta societat, un lloc millor.<\/em> <strong>Sonia Monteagudo<\/strong>, Turisme<br \/><em>&#8211; En estos moments, ara i m\u00e9s que mai, dignifiquem el treball de les dones en l&#8217;\u00e0mbit cultural, cient\u00edfic i festiu.<\/em><strong> Oscar Valiente<\/strong>, Cultura<br \/><em>&#8211; L&#8217;Art no ent\u00e9n de sexes, el talent, les habilitats, la creativitat, no tenen sexe. La pres\u00e8ncia equitativa de les dones, als museus ha de ser una realitat, una realitat visible i reconeguda, un avan\u00e7 cap a la normalitat<\/em>. <strong>Maribel Guti\u00e9rrez<\/strong> MUMA<\/p>\n<p style=\"margin-left: 30px;\">Des de l&#8217;Ajuntament d&#8217;Alzira treballem per la igualtat real i efectiva entre homes i dones, i anem a continuar treballant i lluitant pel dret de les dones, i contra qualsevol viol\u00e8ncia masclista que es produ\u00efsca en la nostra ciutat i en la nostra societat. <strong>Diego G\u00f3mez<\/strong> Alcalde d&#8217;Alzira<\/p>\n<p><img fetchpriority=\"high\" decoding=\"async\" class=\" size-full wp-image-53775\" style=\"margin-right: auto; margin-left: auto; display: block;\" src=\"https:\/\/alzira.es\/wp-content\/uploads\/2021\/03\/8_de_marc-CARTELL-BASESA3_copia.jpg\" alt=\"8 de marc-CARTELL-BASESA3 copia\" width=\"500\" height=\"707\" srcset=\"https:\/\/alzira.es\/wp-content\/uploads\/2021\/03\/8_de_marc-CARTELL-BASESA3_copia.jpg 1123w, https:\/\/alzira.es\/wp-content\/uploads\/2021\/03\/8_de_marc-CARTELL-BASESA3_copia-680x961.jpg 680w, https:\/\/alzira.es\/wp-content\/uploads\/2021\/03\/8_de_marc-CARTELL-BASESA3_copia-759x1072.jpg 759w, https:\/\/alzira.es\/wp-content\/uploads\/2021\/03\/8_de_marc-CARTELL-BASESA3_copia-768x1085.jpg 768w, https:\/\/alzira.es\/wp-content\/uploads\/2021\/03\/8_de_marc-CARTELL-BASESA3_copia-1087x1536.jpg 1087w\" sizes=\"(max-width: 500px) 100vw, 500px\" \/><\/p>\n<p>&nbsp;<\/p>\n","protected":false},"excerpt":{"rendered":"<p>Enguany per prevenci\u00f3 no hi haur\u00e0 acte a la porta de l&#8217;Ajuntament Un any m\u00e9s l&#8217;Ajuntament d&#8217;Alzira, fa un homenatge a totes les dones en el Dia Internacional pels Drets de les Dones. Degut a la situaci\u00f3 sanit\u00e0ria, la tradicional lectura del manifest a la pla\u00e7a del Carb\u00f3 s&#8217;ha substitu\u00eft per un v\u00eddeo en el &hellip; <\/p>\n<p class=\"link-more\"><a href=\"https:\/\/alzira.es\/es\/alzira-commemora-el-dia-internacional-pels-drets-de-les-dones-2\/\" class=\"more-link\">Continuar leyendo<span class=\"screen-reader-text\"> \u00abAlzira commemora el Dia Internacional pels Drets de les Dones\u00bb<\/span><\/a><\/p>\n","protected":false},"author":36,"featured_media":53775,"comment_status":"","ping_status":"","sticky":false,"template":"","format":"standard","meta":{"_acf_changed":false,"footnotes":""},"categories":[],"tags":[],"class_list":["post-53778","post","type-post","status-publish","format-standard","has-post-thumbnail","hentry"],"acf":[],"_links":{"self":[{"href":"https:\/\/alzira.es\/es\/wp-json\/wp\/v2\/posts\/53778","targetHints":{"allow":["GET"]}}],"collection":[{"href":"https:\/\/alzira.es\/es\/wp-json\/wp\/v2\/posts"}],"about":[{"href":"https:\/\/alzira.es\/es\/wp-json\/wp\/v2\/types\/post"}],"author":[{"embeddable":true,"href":"https:\/\/alzira.es\/es\/wp-json\/wp\/v2\/users\/36"}],"replies":[{"embeddable":true,"href":"https:\/\/alzira.es\/es\/wp-json\/wp\/v2\/comments?post=53778"}],"version-history":[{"count":0,"href":"https:\/\/alzira.es\/es\/wp-json\/wp\/v2\/posts\/53778\/revisions"}],"wp:featuredmedia":[{"embeddable":true,"href":"https:\/\/alzira.es\/es\/wp-json\/wp\/v2\/media\/53775"}],"wp:attachment":[{"href":"https:\/\/alzira.es\/es\/wp-json\/wp\/v2\/media?parent=53778"}],"wp:term":[{"taxonomy":"category","embeddable":true,"href":"https:\/\/alzira.es\/es\/wp-json\/wp\/v2\/categories?post=53778"},{"taxonomy":"post_tag","embeddable":true,"href":"https:\/\/alzira.es\/es\/wp-json\/wp\/v2\/tags?post=53778"}],"curies":[{"name":"wp","href":"https:\/\/api.w.org\/{rel}","templated":true}]}}