{"id":53777,"date":"2021-03-04T15:48:37","date_gmt":"2021-03-04T14:48:37","guid":{"rendered":"https:\/\/alzira.es\/alzira-commemora-el-dia-internacional-pels-drets-de-les-dones\/"},"modified":"2021-03-04T15:48:37","modified_gmt":"2021-03-04T14:48:37","slug":"alzira-commemora-el-dia-internacional-pels-drets-de-les-dones","status":"publish","type":"post","link":"https:\/\/alzira.es\/es\/alzira-commemora-el-dia-internacional-pels-drets-de-les-dones\/","title":{"rendered":"Alzira conmemora el D\u00eda Internacional por los Derechos de las Mujeres"},"content":{"rendered":"<p>Este a\u00f1o por prevenci\u00f3n no habr\u00e1 acto a la puerta del Ayuntamiento<\/p>\n<p>Un a\u00f1o m\u00e1s <strong>el Ayuntamiento de Alzira, hace un homenaje a todas las mujeres en el <span style=\"color: #9400d3;\">D\u00eda Internacional por los Derechos de las Mujeres<\/span><\/strong>. Debido a la situaci\u00f3n sanitaria, la tradicional lectura del manifiesto en la plaza del Carb\u00f3n se ha sustituido por un video en el que participan los miembros de la <strong>COPIM<\/strong>, (Comisi\u00f3n Interdepartamental para la Pol\u00edtica de Igualdad Municipal) de los diferentes departamentos del Ayuntamiento.<\/p>\n<p><em>\u00abEste a\u00f1o, por responsabilidad hemos decidido no convocar un acto que suele reunir a una cantidad de gente considerable. Es esencial seguir con la reivindicaci\u00f3n, por eso hemos querido hacer diferentes acciones para dar visibilidad en la lucha por los derechos de las mujeres. Cada vez son m\u00e1s las mujeres y hombres que justifican esta lucha como su propia y reconocen el feminismo como el movimiento que tiene que agrupar a todos los sectores sociales\u00bb<\/em>, ha explicado la regidora de Igualdad <strong>Marina Mir<\/strong>.<\/p>\n<p>Encabezado por el Alcalde de Alzira, <strong>Diego G\u00f3mez<\/strong>, y la regidora de igualdad <strong>Marina Mir<\/strong> este documento audiovisual repasa con frases sencillas la l\u00ednea de actuaci\u00f3n en materia de Igualdad desde el punto de vista de las diferentes \u00e1reas municipales.<br \/>Puedes ver el video<strong> <span style=\"text-decoration: underline; color: #9400d3;\"><a href=\"https:\/\/www.youtube.com\/watch?v=RAI4-uX1las\" target=\"_blank\" rel=\"noopener\"><span style=\"color: #9400d3; text-decoration: underline;\">aqu\u00ed<\/span><\/a><\/span><\/strong>&nbsp;<\/p>\n<p><strong>La campa\u00f1a se completa con una acci\u00f3n participativa en la cual se busca dar difusi\u00f3n y visibilidad del<span style=\"color: #9400d3;\"> 8M<\/span><\/strong>. La concejal\u00eda repartir\u00e1 entre los comercios de la ciudad carteles y merchandising del 8M para los clientes y clientas de las tiendas. De esta manera, cuando se efect\u00fae una compra en el comercio se repartir\u00e1 una pegatina o im\u00e1n y se invitar\u00e1 a todos los alcire\u00f1os y alcire\u00f1as a apoyar a la campa\u00f1a, haci\u00e9ndose fotos y subi\u00e9ndolas en las redes. Hay que etiquetar el perfil del Ayuntamiento en Facebook <strong>@AjuntAlzira<\/strong> o Intagram <strong>@Ajuntalzira<\/strong> y hacer uso del hashtag <strong>#Alzira8M2021<\/strong>. Los participantes entrar\u00e1n en el sorteo a trav\u00e9s de las redes sociales de libros escritos por mujeres y camisetas.<strong> El plazo para subir las fotos es del 8 al 12 de marzo<\/strong>.<\/p>\n<p>Adem\u00e1s en el pasado Lleno del Ayuntamiento de Alzira del d\u00eda 24 de febrero se aprob\u00f3 una moci\u00f3n en la cual se acordaba continuar elaborando pol\u00edticas de igualdad de car\u00e1cter intersectorial y transversal, desde la movilidad, atenci\u00f3n a colectivos vulnerables, coeducaci\u00f3n y conciliaci\u00f3n, hasta infraestructuras y deporte y a dotarlas presupuestariamente.<\/p>\n<p>La semana pasada ya se anunci\u00f3 las galardonadas con la insignia de Igualdad de la ciudad, a las trabajadoras de las escoletes municipales, por su tarea por haber dise\u00f1ado e implementado a\u00f1o tras a\u00f1o en un proyecto educativo integrando transversalmente el principio de igualdad y no discriminaci\u00f3n sexual, tanto en la metodolog\u00eda como en el contenido curricular y en el trabajo diario.<\/p>\n<p>Otros departamentos apoyan a esta fecha y por eso la Biblioteca Municipal ha llevado a cabo a lo largo de toda la semana una campa\u00f1a en redes para dar visibilidad a las escritoras alcire\u00f1as. Cada d\u00eda se destaca un conjunto de obras de autoras de la ciudad como, <strong>Macarena Tabacco<\/strong>,<strong> Amparo Olivares<\/strong>, <strong>Laia Fontana<\/strong>,<strong> Silvia Savall<\/strong>, <strong>Maria Calvo<\/strong>, <strong>Lluch Garc\u00eda<\/strong>, <strong>Tessa Mart\u00edn<\/strong>, <strong>Marta Oliver<\/strong>, <strong>Arantxa Comes<\/strong>, <strong>Eva Pau<\/strong> o <strong>Rosa M\u00aa Benito<\/strong> entre otras o ilustradoras como <strong>Lara Ferrer<\/strong>, <strong>Alba Fluix\u00e0<\/strong>, <strong>Teresa Giner<\/strong> o <strong>Empar Piera<\/strong>.<\/p>\n<p>Por su parte <strong>desde Servicios Urbanos esta programada para lunes la iluminaci\u00f3n de las fuentes de la ciudad<\/strong>, Alzira quiere dejar patente su implicaci\u00f3n en esta lucha tanto necesaria y esencial, por tal motivo ilumina las fuentes de las plazas del Reino y Mayor y la del parque del Alquenencia <strong>con el color <span style=\"color: #9400d3;\">morado<\/span><\/strong>.<\/p>\n<p><strong>Texto del video<\/strong><\/p>\n<p style=\"margin-left: 30px;\"><strong>El <span style=\"color: #9400d3;\">8 de marzo<\/span> reivindicamos el d\u00eda de los derechos de todas las mujeres<\/strong>.<br \/>&#8211; <em>La igualdad tiene que ser el eje vertebrador de las pol\u00edticas municipales para hacer de Alzira una ciudad m\u00e1s justa.<\/em> <strong>Diego G\u00f3mez<\/strong>, alcalde de Alzira<br \/>&#8211; <em>Desde los Servicios Sociales consideramos prioritario el apoderamiento y la visibilidad de las mujeres porque sus aportaciones en todos los \u00e1mbitos son fundamentales.<\/em> <strong>Marina Mir<\/strong>, Regidora de Igualdad<br \/>&#8211; <em>Las mujeres son la mitad de la poblaci\u00f3n mundial, sin embargo las sociedades han sido dominadas por hombres que las consideraban inferiores.<\/em> <em>Sentamos las bases por un nuevo futuro?<\/em> <strong>Salva Vercher<\/strong>, Archivo Municipal<br \/>&#8211; <em>La prostituci\u00f3n es una de las maneras m\u00e1s crueles de violencia machista, 4 de cada 10 hombres consumen prostituci\u00f3n. Eras t\u00fa uno de ellos?<\/em> <strong>Raquel Jos\u00e9<\/strong>, Igualdad<br \/>&#8211; <em>Nuestras j\u00f3venes se merecen calles seguras, basta de acosos, conductas intimidatorias y violencia hacia las mujeres<\/em>. <strong>Mayte Vives<\/strong>, Juventud<br \/>&#8211;<em> Cuando hablamos de coeducaci\u00f3n pensamos centres escolares y ni\u00f1as, pero no tenemos que olvidar que la familia, es lo primero y m\u00e1s importante agente educativo, y que a los ni\u00f1os tambi\u00e9n hay que educarlos en la igualdad y el respeto<\/em>. <strong>Pilar Montalv\u00e1<\/strong>, Infancia<br \/>&#8211; Viajar educa y enriquece, y cuando conectamos el turismo con la educaci\u00f3n para la igualdad, estamos uniendo dos fuerzas que pueden hacer de esta sociedad, un lugar mejor. <strong>Sonia Monteagudo<\/strong>, Turismo<br \/>&#8211; <em>En estos momentos, ahora y m\u00e1s que nunca, dignificamos el trabajo de las mujeres en el \u00e1mbito cultural, cient\u00edfico y festivo<\/em>. <strong>Oscar Valiente<\/strong>, Cultura<br \/>&#8211; <em>El Arte no entiende de sexos, el talento, las habilidades, la creatividad, no tienen sexo. La presencia equitativa de las mujeres, a los museos tiene que ser una realidad, una realidad visible y reconocida, un avance hacia la normalidad.<\/em> <strong>Maribel Guti\u00e9rrez<\/strong> MUMA<\/p>\n<p style=\"margin-left: 30px;\">Desde el Ayuntamiento de Alzira trabajamos por la igualdad real y efectiva entre hombres y mujeres, y vamos a continuar trabajando y luchando por el derecho de las mujeres, y contra cualquier violencia machista que se produzca en nuestra ciudad y en nuestra sociedad.<strong> Diego G\u00f3mez<\/strong> Alcalde de Alzira<\/p>\n<p><img fetchpriority=\"high\" decoding=\"async\" class=\" size-full wp-image-53775\" style=\"margin-right: auto; margin-left: auto; display: block;\" src=\"https:\/\/alzira.es\/wp-content\/uploads\/2021\/03\/8_de_marc-CARTELL-BASESA3_copia.jpg\" alt=\"8 de marc-CARTELL-BASESA3 copia\" width=\"500\" height=\"707\" srcset=\"https:\/\/alzira.es\/wp-content\/uploads\/2021\/03\/8_de_marc-CARTELL-BASESA3_copia.jpg 1123w, https:\/\/alzira.es\/wp-content\/uploads\/2021\/03\/8_de_marc-CARTELL-BASESA3_copia-680x961.jpg 680w, https:\/\/alzira.es\/wp-content\/uploads\/2021\/03\/8_de_marc-CARTELL-BASESA3_copia-759x1072.jpg 759w, https:\/\/alzira.es\/wp-content\/uploads\/2021\/03\/8_de_marc-CARTELL-BASESA3_copia-768x1085.jpg 768w, https:\/\/alzira.es\/wp-content\/uploads\/2021\/03\/8_de_marc-CARTELL-BASESA3_copia-1087x1536.jpg 1087w\" sizes=\"(max-width: 500px) 100vw, 500px\" \/><\/p>\n<p>&nbsp;<\/p>\n","protected":false},"excerpt":{"rendered":"<p>Este a\u00f1o por prevenci\u00f3n no habr\u00e1 acto a la puerta del Ayuntamiento Un a\u00f1o m\u00e1s el Ayuntamiento de Alzira, hace un homenaje a todas las mujeres en el D\u00eda Internacional por los Derechos de las Mujeres. Debido a la situaci\u00f3n sanitaria, la tradicional lectura del manifiesto en la plaza del Carb\u00f3n se ha sustituido por &hellip; <\/p>\n<p class=\"link-more\"><a href=\"https:\/\/alzira.es\/es\/alzira-commemora-el-dia-internacional-pels-drets-de-les-dones\/\" class=\"more-link\">Continuar leyendo<span class=\"screen-reader-text\"> \u00abAlzira conmemora el D\u00eda Internacional por los Derechos de las Mujeres\u00bb<\/span><\/a><\/p>\n","protected":false},"author":36,"featured_media":53775,"comment_status":"","ping_status":"","sticky":false,"template":"","format":"standard","meta":{"_acf_changed":false,"footnotes":""},"categories":[4936],"tags":[],"class_list":["post-53777","post","type-post","status-publish","format-standard","has-post-thumbnail","hentry","category-hemeroteca-es"],"acf":[],"_links":{"self":[{"href":"https:\/\/alzira.es\/es\/wp-json\/wp\/v2\/posts\/53777","targetHints":{"allow":["GET"]}}],"collection":[{"href":"https:\/\/alzira.es\/es\/wp-json\/wp\/v2\/posts"}],"about":[{"href":"https:\/\/alzira.es\/es\/wp-json\/wp\/v2\/types\/post"}],"author":[{"embeddable":true,"href":"https:\/\/alzira.es\/es\/wp-json\/wp\/v2\/users\/36"}],"replies":[{"embeddable":true,"href":"https:\/\/alzira.es\/es\/wp-json\/wp\/v2\/comments?post=53777"}],"version-history":[{"count":0,"href":"https:\/\/alzira.es\/es\/wp-json\/wp\/v2\/posts\/53777\/revisions"}],"wp:featuredmedia":[{"embeddable":true,"href":"https:\/\/alzira.es\/es\/wp-json\/wp\/v2\/media\/53775"}],"wp:attachment":[{"href":"https:\/\/alzira.es\/es\/wp-json\/wp\/v2\/media?parent=53777"}],"wp:term":[{"taxonomy":"category","embeddable":true,"href":"https:\/\/alzira.es\/es\/wp-json\/wp\/v2\/categories?post=53777"},{"taxonomy":"post_tag","embeddable":true,"href":"https:\/\/alzira.es\/es\/wp-json\/wp\/v2\/tags?post=53777"}],"curies":[{"name":"wp","href":"https:\/\/api.w.org\/{rel}","templated":true}]}}